{"id":49794,"date":"2026-01-07T18:50:09","date_gmt":"2026-01-07T21:50:09","guid":{"rendered":"https:\/\/futbolmas.org\/?p=49794"},"modified":"2026-01-07T18:50:12","modified_gmt":"2026-01-07T21:50:12","slug":"alegria-y-seguridad-150-ninos-ninas-y-jovenes-transforman-su-vida-a-traves-del-deporte-gracias-a-cultivando-valores-de-hortifrut-peru-y-futbol-mas","status":"publish","type":"post","link":"https:\/\/futbolmas.org\/en\/alegria-y-seguridad-150-ninos-ninas-y-jovenes-transforman-su-vida-a-traves-del-deporte-gracias-a-cultivando-valores-de-hortifrut-peru-y-futbol-mas\/","title":{"rendered":"Alegr\u00eda y seguridad:\u00a0150 ni\u00f1os, ni\u00f1as y j\u00f3venes transforman su vida a trav\u00e9s del deporte\u00a0gracias a &#8216;Cultivando Valores&#8217; de Hortifrut\u00a0Per\u00fa y F\u00fatbol M\u00e1s\u00a0\u00a0"},"content":{"rendered":"<p>Las comunidades de Valle de Dios y Nuevo Chao&nbsp;Valle de Dios&nbsp;est\u00e1n situadas en el&nbsp;distrito&nbsp;de Chao (Vir\u00fa, La Libertad),&nbsp;ubicada&nbsp;en&nbsp;una&nbsp;zona&nbsp;donde&nbsp;la&nbsp;agroindustria&nbsp;constituye&nbsp;la principal&nbsp;actividad&nbsp;econ\u00f3mica. Su&nbsp;crecimiento&nbsp;en&nbsp;los&nbsp;\u00faltimos&nbsp;a\u00f1os&nbsp;ha&nbsp;generado&nbsp;desaf\u00edos&nbsp;vinculados&nbsp;a la&nbsp;seguridad&nbsp;ciudadana, la&nbsp;infraestructura&nbsp;y&nbsp;el&nbsp;acceso&nbsp;a&nbsp;servicios&nbsp;b\u00e1sicos,&nbsp;aspectos&nbsp;que&nbsp;impactan&nbsp;en&nbsp;el&nbsp;bienestar&nbsp;y&nbsp;desarrollo&nbsp;integral de&nbsp;ni\u00f1os,&nbsp;ni\u00f1as&nbsp;y&nbsp;adolescentes.&nbsp;<\/p>\n\n\n\n<p><strong>Juego y deporte para crecer y aprender&nbsp;&nbsp;<\/strong>&nbsp;<\/p>\n\n\n\n<p>Desde&nbsp;2022, F\u00fatbol M\u00e1s y&nbsp;Hortifrut&nbsp;desarrollan&nbsp;el&nbsp;programa&nbsp;\u201cCultivando&nbsp;Valores\u201d,&nbsp;el cual,&nbsp;a&nbsp;trav\u00e9s&nbsp;del juego y&nbsp;el&nbsp;deporte&nbsp;fomenta&nbsp;valores, derechos de la&nbsp;ni\u00f1ez,&nbsp;equidad&nbsp;de&nbsp;g\u00e9nero&nbsp;y&nbsp;empoderamiento,&nbsp;fortaleciendo&nbsp;habilidades&nbsp;para la&nbsp;vida.&nbsp;<\/p>\n\n\n\n<p>Con el objetivo de promover una vida saludable y contribuir con el bienestar de los m\u00e1s peque\u00f1os de las familias de Valle de Dios&nbsp;y Nuevo Chao, la empresa agroindustrial&nbsp;Hortifrut&nbsp;Per\u00fa, en coordinaci\u00f3n con el programa&nbsp;sociodeportivo&nbsp;de F\u00fatbol M\u00e1s, viene generando que&nbsp;m\u00e1s de 150&nbsp;ni\u00f1os, ni\u00f1as y adolescentes de entre 6 a 16 a\u00f1os desarrollen sus habilidades f\u00edsicas y sociales a trav\u00e9s del&nbsp;deporte.&nbsp;&nbsp;<\/p>\n\n\n\n<p><strong>Stories that inspire<\/strong>&nbsp;<\/p>\n\n\n\n<p>A lo largo del programa, surgen historias que muestran c\u00f3mo el acompa\u00f1amiento y el deporte fortalecen habilidades y generan nuevas oportunidades.&nbsp;Como el caso de&nbsp;Keiler,&nbsp;quien participa en el programa desde los 11&nbsp;a\u00f1os. Hoy, con 15 a\u00f1os en la categor\u00eda Juveniles, destaca que \u201cCultivando Valores\u201d le ha brindado acompa\u00f1amiento y herramientas para su desarrollo, como el uso de la Tarjeta Verde para reconocer acciones positivas y la Tarjeta Azul como un compromiso para seguir mejorando:&nbsp;<\/p>\n\n\n\n<p>\u201cEl programa me ha hecho sentir acompa\u00f1ado. Gracias a los profesores aprend\u00ed el valor de la Tarjeta Verde y la Tarjeta Azul. Sue\u00f1o con ser un buen futbolista y un l\u00edder en mi comunidad\u201d.&nbsp;<\/p>\n\n\n\n<figure class=\"wp-block-gallery has-nested-images columns-default is-cropped wp-block-gallery-1 is-layout-flex wp-block-gallery-is-layout-flex\">\n<figure class=\"wp-block-image size-large\"><img loading=\"lazy\" decoding=\"async\" width=\"1024\" height=\"683\" data-id=\"48738\" src=\"https:\/\/futbolmas.org\/wp-content\/uploads\/2024\/09\/Imagen-de-WhatsApp-2024-09-30-a-las-12.50.32_001600dd.jpg\" alt=\"F\u00fatbol M\u00e1s y Hortifrut expanden su alianza en beneficio de ni\u00f1os, ni\u00f1as y adolescentes de Salaverry\" class=\"wp-image-48738\" srcset=\"https:\/\/futbolmas.org\/wp-content\/uploads\/2024\/09\/Imagen-de-WhatsApp-2024-09-30-a-las-12.50.32_001600dd.jpg 1024w, https:\/\/futbolmas.org\/wp-content\/uploads\/2024\/09\/Imagen-de-WhatsApp-2024-09-30-a-las-12.50.32_001600dd-300x200.jpg 300w, https:\/\/futbolmas.org\/wp-content\/uploads\/2024\/09\/Imagen-de-WhatsApp-2024-09-30-a-las-12.50.32_001600dd-768x512.jpg 768w, https:\/\/futbolmas.org\/wp-content\/uploads\/2024\/09\/Imagen-de-WhatsApp-2024-09-30-a-las-12.50.32_001600dd-18x12.jpg 18w, https:\/\/futbolmas.org\/wp-content\/uploads\/2024\/09\/Imagen-de-WhatsApp-2024-09-30-a-las-12.50.32_001600dd-650x434.jpg 650w\" sizes=\"auto, (max-width: 1024px) 100vw, 1024px\" \/><\/figure>\n\n\n\n<figure class=\"wp-block-image size-large\"><img loading=\"lazy\" decoding=\"async\" width=\"1024\" height=\"683\" data-id=\"48715\" src=\"https:\/\/futbolmas.org\/wp-content\/uploads\/2024\/09\/66-1-1024x683.jpg\" alt=\"\" class=\"wp-image-48715\" srcset=\"https:\/\/futbolmas.org\/wp-content\/uploads\/2024\/09\/66-1-1024x683.jpg 1024w, https:\/\/futbolmas.org\/wp-content\/uploads\/2024\/09\/66-1-300x200.jpg 300w, https:\/\/futbolmas.org\/wp-content\/uploads\/2024\/09\/66-1-768x512.jpg 768w, https:\/\/futbolmas.org\/wp-content\/uploads\/2024\/09\/66-1-1536x1024.jpg 1536w, https:\/\/futbolmas.org\/wp-content\/uploads\/2024\/09\/66-1-2048x1365.jpg 2048w, https:\/\/futbolmas.org\/wp-content\/uploads\/2024\/09\/66-1-18x12.jpg 18w, https:\/\/futbolmas.org\/wp-content\/uploads\/2024\/09\/66-1-650x433.jpg 650w\" sizes=\"auto, (max-width: 1024px) 100vw, 1024px\" \/><\/figure>\n\n\n\n<figure class=\"wp-block-image size-large\"><img loading=\"lazy\" decoding=\"async\" width=\"1024\" height=\"768\" data-id=\"48739\" src=\"https:\/\/futbolmas.org\/wp-content\/uploads\/2024\/09\/Imagen-de-WhatsApp-2024-09-30-a-las-12.50.32_ef820660-1024x768.jpg\" alt=\"\" class=\"wp-image-48739\" srcset=\"https:\/\/futbolmas.org\/wp-content\/uploads\/2024\/09\/Imagen-de-WhatsApp-2024-09-30-a-las-12.50.32_ef820660-1024x768.jpg 1024w, https:\/\/futbolmas.org\/wp-content\/uploads\/2024\/09\/Imagen-de-WhatsApp-2024-09-30-a-las-12.50.32_ef820660-300x225.jpg 300w, https:\/\/futbolmas.org\/wp-content\/uploads\/2024\/09\/Imagen-de-WhatsApp-2024-09-30-a-las-12.50.32_ef820660-768x576.jpg 768w, https:\/\/futbolmas.org\/wp-content\/uploads\/2024\/09\/Imagen-de-WhatsApp-2024-09-30-a-las-12.50.32_ef820660-16x12.jpg 16w, https:\/\/futbolmas.org\/wp-content\/uploads\/2024\/09\/Imagen-de-WhatsApp-2024-09-30-a-las-12.50.32_ef820660-650x488.jpg 650w, https:\/\/futbolmas.org\/wp-content\/uploads\/2024\/09\/Imagen-de-WhatsApp-2024-09-30-a-las-12.50.32_ef820660.jpg 1280w\" sizes=\"auto, (max-width: 1024px) 100vw, 1024px\" \/><\/figure>\n<\/figure>\n\n\n\n<p><strong>Una alianza que fortalece comunidades<\/strong>&nbsp;<\/p>\n\n\n\n<p>Carla&nbsp;S\u00e1nchez,&nbsp;jefe de Asuntos Corporativos y Comunitarios de&nbsp;Hortifrut&nbsp;Per\u00fa,&nbsp;destaca el impacto del programa y el trabajo conjunto con F\u00fatbol M\u00e1s en beneficio de las comunidades:&nbsp;<\/p>\n\n\n\n<p>\u201cA trav\u00e9s del programa \u2018Cultivando Valores\u2019, buscamos seguir construyendo espacios seguros de aprendizaje y sano esparcimiento para todas las comunidades donde estamos presentes. Desde hace cuatro a\u00f1os tenemos una alianza con F\u00fatbol M\u00e1s, donde hemos visto c\u00f3mo ni\u00f1as y ni\u00f1os crecen con liderazgo, resiliencia y sue\u00f1os grandes. Esto nos inspira a seguir impulsando espacios como este&nbsp;para fortalecer y unir a\u00fan m\u00e1s a la comunidad\u201d.&nbsp;&nbsp;<\/p>\n\n\n\n<p>En esta misma l\u00ednea, Ivonne Gonz\u00e1lez, directora ejecutiva de F\u00fatbol M\u00e1s Per\u00fa,&nbsp;resalta el&nbsp;aporte significativo de la metodolog\u00eda&nbsp;sociodeportiva&nbsp;en las sesiones y actividades desarrolladas:&nbsp;<\/p>\n\n\n\n<div class=\"wp-block-media-text is-stacked-on-mobile\"><figure class=\"wp-block-media-text__media\"><img loading=\"lazy\" decoding=\"async\" width=\"748\" height=\"971\" src=\"https:\/\/futbolmas.org\/wp-content\/uploads\/2024\/09\/Ivonne-Gonzalez.png\" alt=\"Ivonne Gonzalez, directora ejecutiva F\u00fatbol M\u00e1s Per\u00fa\" class=\"wp-image-48727 size-full\" srcset=\"https:\/\/futbolmas.org\/wp-content\/uploads\/2024\/09\/Ivonne-Gonzalez.png 748w, https:\/\/futbolmas.org\/wp-content\/uploads\/2024\/09\/Ivonne-Gonzalez-231x300.png 231w, https:\/\/futbolmas.org\/wp-content\/uploads\/2024\/09\/Ivonne-Gonzalez-9x12.png 9w, https:\/\/futbolmas.org\/wp-content\/uploads\/2024\/09\/Ivonne-Gonzalez-501x650.png 501w\" sizes=\"auto, (max-width: 748px) 100vw, 748px\" \/><\/figure><div class=\"wp-block-media-text__content\">\n<p>\u201cEn F\u00fatbol M\u00e1s trabajamos en Valle de Dios y Nuevo Chao, donde el juego y el deporte son herramientas para la formaci\u00f3n en valores y el desarrollo t\u00e9cnico-deportivo. Junto a las redes comunitarias hemos fortalecido espacios seguros para la infancia, gracias al trabajo de nuestro equipo mediante diferentes actividades\u201d.\u00a0<\/p>\n<\/div><\/div>\n\n\n\n<p>\u00a0<\/p>\n\n\n\n<p><strong>Juego y deporte para crecer y aprender&nbsp;&nbsp;<\/strong>&nbsp;<\/p>\n\n\n\n<p>Las sesiones&nbsp;sociodeportivas&nbsp;del programa trabajan habilidades como la cooperaci\u00f3n, la empat\u00eda, la convivencia y la resoluci\u00f3n pac\u00edfica de conflictos. A trav\u00e9s del juego, los participantes ampl\u00edan sus capacidades f\u00edsicas y emocionales, fortaleciendo relaciones positivas en sus entornos.&nbsp;<\/p>\n\n\n\n<p><strong>El bal\u00f3n no tiene g\u00e9nero&nbsp;&nbsp;&nbsp;&nbsp;<\/strong>&nbsp;<\/p>\n\n\n\n<p>El programa tambi\u00e9n impulsa la&nbsp;participaci\u00f3n activa&nbsp;de ni\u00f1as y adolescentes mujeres en espacios deportivos. Se busca promover la equidad de g\u00e9nero,&nbsp;desafiar&nbsp;estereotipos y asegurar que todos y todas tengan las mismas oportunidades para aprender, jugar y liderar dentro y fuera de la cancha.&nbsp;<\/p>\n\n\n\n<p><strong>Grandes hitos y reconocimientos<\/strong>&nbsp;<\/p>\n\n\n\n<p>En sus cuatro a\u00f1os de&nbsp;intervenci\u00f3n, el programa ha impulsado diversas actividades que fortalecen la uni\u00f3n comunitaria y el aprendizaje colectivo, como los Encuentros&nbsp;Sociodeportivos&nbsp;entre Valle de Dios y Nuevo Chao; las Jornadas Comunidad Empresa con la participaci\u00f3n de voluntarios nacionales e internacionales de&nbsp;Hortifrut; y las jornadas de Cine Comunitario, donde las familias comparten historias y espacios de integraci\u00f3n. Adem\u00e1s, la reciente celebraci\u00f3n por el D\u00eda Internacional del Deporte para el Desarrollo y la Paz, realizada en abril, reafirm\u00f3 la importancia del deporte como herramienta para promover la paz, la convivencia y la&nbsp;participaci\u00f3n&nbsp;de la ni\u00f1ez.&nbsp;<\/p>\n\n\n\n<p><strong>Impacto que inspira a seguir creciendo<\/strong>&nbsp;<\/p>\n\n\n\n<p>Gracias al programa \u201cCultivando Valores\u201d, ni\u00f1as, ni\u00f1os y adolescentes de Valle de Dios y Nuevo Chao han encontrado espacios seguros, protectores y llenos de oportunidades para desarrollarse a trav\u00e9s del juego y el deporte. Esta iniciativa conjunta de&nbsp;Hortifrut&nbsp;Per\u00fa y F\u00fatbol M\u00e1s ha fortalecido la convivencia comunitaria y ha impulsado habilidades que contribuyen al bienestar y crecimiento integral de la ni\u00f1ez.&nbsp;<\/p>","protected":false},"excerpt":{"rendered":"<p>Las comunidades de Valle de Dios y Nuevo Chao&nbsp;Valle de Dios&nbsp;est\u00e1n situadas en el&nbsp;distrito&nbsp;de Chao (Vir\u00fa, La Libertad),&nbsp;ubicada&nbsp;en&nbsp;una&nbsp;zona&nbsp;donde&nbsp;la&nbsp;agroindustria&nbsp;constituye&nbsp;la principal&nbsp;actividad&nbsp;econ\u00f3mica. Su&nbsp;crecimiento&nbsp;en&nbsp;los&nbsp;\u00faltimos&nbsp;a\u00f1os&nbsp;ha&nbsp;generado&nbsp;desaf\u00edos&nbsp;vinculados&nbsp;a la&nbsp;seguridad&nbsp;ciudadana, la&nbsp;infraestructura&nbsp;y&nbsp;el&nbsp;acceso&nbsp;a&nbsp;servicios&nbsp;b\u00e1sicos,&nbsp;aspectos&nbsp;que&nbsp;impactan&nbsp;en&nbsp;el&nbsp;bienestar&nbsp;y&nbsp;desarrollo&nbsp;integral [&hellip;]<\/p>\n","protected":false},"author":11,"featured_media":48714,"comment_status":"open","ping_status":"open","sticky":false,"template":"","format":"standard","meta":{"_acf_changed":false,"footnotes":""},"categories":[13],"tags":[46,317,43,94,48,177,249],"class_list":["post-49794","post","type-post","status-publish","format-standard","has-post-thumbnail","hentry","category-peru","tag-deporte","tag-deporte-para-el-desarrollo","tag-fundacion-futbol-mas","tag-futbol-mas","tag-infancia","tag-peru-2","tag-programa-barrios"],"acf":[],"_links":{"self":[{"href":"https:\/\/futbolmas.org\/en\/wp-json\/wp\/v2\/posts\/49794","targetHints":{"allow":["GET"]}}],"collection":[{"href":"https:\/\/futbolmas.org\/en\/wp-json\/wp\/v2\/posts"}],"about":[{"href":"https:\/\/futbolmas.org\/en\/wp-json\/wp\/v2\/types\/post"}],"author":[{"embeddable":true,"href":"https:\/\/futbolmas.org\/en\/wp-json\/wp\/v2\/users\/11"}],"replies":[{"embeddable":true,"href":"https:\/\/futbolmas.org\/en\/wp-json\/wp\/v2\/comments?post=49794"}],"version-history":[{"count":0,"href":"https:\/\/futbolmas.org\/en\/wp-json\/wp\/v2\/posts\/49794\/revisions"}],"wp:featuredmedia":[{"embeddable":true,"href":"https:\/\/futbolmas.org\/en\/wp-json\/wp\/v2\/media\/48714"}],"wp:attachment":[{"href":"https:\/\/futbolmas.org\/en\/wp-json\/wp\/v2\/media?parent=49794"}],"wp:term":[{"taxonomy":"category","embeddable":true,"href":"https:\/\/futbolmas.org\/en\/wp-json\/wp\/v2\/categories?post=49794"},{"taxonomy":"post_tag","embeddable":true,"href":"https:\/\/futbolmas.org\/en\/wp-json\/wp\/v2\/tags?post=49794"}],"curies":[{"name":"wp","href":"https:\/\/api.w.org\/{rel}","templated":true}]}}