{"id":49482,"date":"2025-06-25T18:54:58","date_gmt":"2025-06-25T22:54:58","guid":{"rendered":"https:\/\/futbolmas.org\/?p=49482"},"modified":"2025-06-25T18:55:49","modified_gmt":"2025-06-25T22:55:49","slug":"leyendas-ii-nuevas-y-nuevos-referentes-para-el-futuro-sociodeportivo-de-futbol-mas","status":"publish","type":"post","link":"https:\/\/futbolmas.org\/en\/leyendas-ii-nuevas-y-nuevos-referentes-para-el-futuro-sociodeportivo-de-futbol-mas\/","title":{"rendered":"Leyendas II: nuevas y nuevos referentes para el futuro sociodeportivo de F\u00fatbol M\u00e1s"},"content":{"rendered":"<p>La comunidad global de F\u00fatbol M\u00e1s celebra el inicio de la segunda edici\u00f3n del programa <strong><a href=\"https:\/\/futbolmas.org\/en\/futbol-mas-lanza-programa-leyendas\/\" data-type=\"link\" data-id=\"https:\/\/futbolmas.org\/futbol-mas-lanza-programa-leyendas\/\">Leyendas<\/a><\/strong>, una iniciativa que busca reconocer, formar y proyectar a referentes sociodeportivos de la organizaci\u00f3n a nivel internacional. Este 2025, seis nuevas personas se suman a este camino, luego de ser seleccionadas por sus antecesores y validadas por la direcci\u00f3n social de sus respectivos pa\u00edses.<\/p>\n\n\n\n<h3 class=\"wp-block-heading\"><strong>Una red que se consolida<\/strong><\/h3>\n\n\n\n<p><strong>Leyendas II<\/strong> no solo representa la continuidad de un programa que inici\u00f3 con fuerza en 2023, sino tambi\u00e9n la consolidaci\u00f3n de una comunidad de aprendizaje y liderazgo dentro de F\u00fatbol M\u00e1s. Las y los integrantes de <strong>Leyendas I<\/strong> mantienen un rol activo: ser\u00e1n responsables de quienes se integran en esta nueva versi\u00f3n, ofreci\u00e9ndoles sesiones de formaci\u00f3n y acompa\u00f1amiento cercano durante todo el proceso.<\/p>\n\n\n\n<p>Esta segunda edici\u00f3n contempla <strong>tres m\u00f3dulos liderados por Leyendas I<\/strong>, donde compartir\u00e1n conocimientos y experiencias sobre:<\/p>\n\n\n\n<ul class=\"wp-block-list\">\n<li><strong>Metodolog\u00edas de ense\u00f1anza<\/strong>, facilitado por Rafael Pareja (Espa\u00f1a) y Milena Soto (M\u00e9xico).<\/li>\n\n\n\n<li><strong>Vocaci\u00f3n de Leyendas<\/strong>, a cargo de Miguel Cuevas (Chile) y Ariana P\u00e9rez (M\u00e9xico).<\/li>\n\n\n\n<li><strong>Habilidades de comunicaci\u00f3n<\/strong>, impartido por Laura Rojas (Chile) y C\u00e9sar Ju\u00e1rez (Per\u00fa).<\/li>\n<\/ul>\n\n\n\n<p>Adem\u00e1s, el m\u00f3dulo sobre el <strong>Rol del Capacitador<\/strong> estar\u00e1 a cargo de Jos\u00e9 Gaete, Jefe de Formaci\u00f3n del Laboratorio de Innovaci\u00f3n de F\u00fatbol M\u00e1s.<\/p>\n\n\n\n<h3 class=\"wp-block-heading\"><strong>Nuevas miradas para nuevos desaf\u00edos<\/strong><strong><\/strong><\/h3>\n\n\n\n<p>Por su parte, las nuevas Leyendas participar\u00e1n en tres m\u00f3dulos especialmente dise\u00f1ados para abordar desaf\u00edos actuales que enfrentan los equipos en los territorios:<\/p>\n\n\n\n<ul class=\"wp-block-list\">\n<li><strong>Estrategias de autocuidado para los equipos<\/strong>, con foco en el bienestar integral.<\/li>\n\n\n\n<li><strong>Inteligencia artificial en la cancha<\/strong>, que explora c\u00f3mo la innovaci\u00f3n puede potenciar la educaci\u00f3n sociodeportiva.<\/li>\n\n\n\n<li><strong>Depresi\u00f3n en la juventud y la adolescencia<\/strong>, una tem\u00e1tica clave en el trabajo cotidiano con ni\u00f1os, ni\u00f1as y adolescentes.<\/li>\n<\/ul>\n\n\n\n<p>El equipo que compone Leyendas II es el siguiente: <br>Magali Torres (M\u00e9xico), Constanza Garnica (Chile), Araceli Hern\u00e1ndez (M\u00e9xico), Marta Mena (Espa\u00f1a), Ronald Navarro (Per\u00fa) y Diego Leficura (Chile),<\/p>\n\n\n\n<figure class=\"wp-block-gallery has-nested-images columns-default is-cropped wp-block-gallery-1 is-layout-flex wp-block-gallery-is-layout-flex\">\n<figure class=\"wp-block-image size-large\"><img loading=\"lazy\" decoding=\"async\" width=\"1024\" height=\"1024\" data-id=\"49494\" src=\"https:\/\/futbolmas.org\/wp-content\/uploads\/2025\/06\/MG_5516-1024x1024.jpg\" alt=\"\" class=\"wp-image-49494\" srcset=\"https:\/\/futbolmas.org\/wp-content\/uploads\/2025\/06\/MG_5516-1024x1024.jpg 1024w, https:\/\/futbolmas.org\/wp-content\/uploads\/2025\/06\/MG_5516-300x300.jpg 300w, https:\/\/futbolmas.org\/wp-content\/uploads\/2025\/06\/MG_5516-150x150.jpg 150w, https:\/\/futbolmas.org\/wp-content\/uploads\/2025\/06\/MG_5516-768x768.jpg 768w, https:\/\/futbolmas.org\/wp-content\/uploads\/2025\/06\/MG_5516-1536x1536.jpg 1536w, https:\/\/futbolmas.org\/wp-content\/uploads\/2025\/06\/MG_5516-2048x2048.jpg 2048w, https:\/\/futbolmas.org\/wp-content\/uploads\/2025\/06\/MG_5516-12x12.jpg 12w, https:\/\/futbolmas.org\/wp-content\/uploads\/2025\/06\/MG_5516-650x650.jpg 650w\" sizes=\"auto, (max-width: 1024px) 100vw, 1024px\" \/><\/figure>\n\n\n\n<figure class=\"wp-block-image size-large\"><img loading=\"lazy\" decoding=\"async\" width=\"1024\" height=\"1024\" data-id=\"49492\" src=\"https:\/\/futbolmas.org\/wp-content\/uploads\/2025\/06\/DSC04814-1024x1024.jpg\" alt=\"\" class=\"wp-image-49492\" srcset=\"https:\/\/futbolmas.org\/wp-content\/uploads\/2025\/06\/DSC04814-1024x1024.jpg 1024w, https:\/\/futbolmas.org\/wp-content\/uploads\/2025\/06\/DSC04814-300x300.jpg 300w, https:\/\/futbolmas.org\/wp-content\/uploads\/2025\/06\/DSC04814-150x150.jpg 150w, https:\/\/futbolmas.org\/wp-content\/uploads\/2025\/06\/DSC04814-768x768.jpg 768w, https:\/\/futbolmas.org\/wp-content\/uploads\/2025\/06\/DSC04814-1536x1536.jpg 1536w, https:\/\/futbolmas.org\/wp-content\/uploads\/2025\/06\/DSC04814-2048x2048.jpg 2048w, https:\/\/futbolmas.org\/wp-content\/uploads\/2025\/06\/DSC04814-12x12.jpg 12w, https:\/\/futbolmas.org\/wp-content\/uploads\/2025\/06\/DSC04814-650x650.jpg 650w\" sizes=\"auto, (max-width: 1024px) 100vw, 1024px\" \/><\/figure>\n\n\n\n<figure class=\"wp-block-image size-large\"><img loading=\"lazy\" decoding=\"async\" width=\"960\" height=\"960\" data-id=\"49490\" src=\"https:\/\/futbolmas.org\/wp-content\/uploads\/2025\/06\/Foto-Magali-.jpg\" alt=\"\" class=\"wp-image-49490\" srcset=\"https:\/\/futbolmas.org\/wp-content\/uploads\/2025\/06\/Foto-Magali-.jpg 960w, https:\/\/futbolmas.org\/wp-content\/uploads\/2025\/06\/Foto-Magali--300x300.jpg 300w, https:\/\/futbolmas.org\/wp-content\/uploads\/2025\/06\/Foto-Magali--150x150.jpg 150w, https:\/\/futbolmas.org\/wp-content\/uploads\/2025\/06\/Foto-Magali--768x768.jpg 768w, https:\/\/futbolmas.org\/wp-content\/uploads\/2025\/06\/Foto-Magali--12x12.jpg 12w, https:\/\/futbolmas.org\/wp-content\/uploads\/2025\/06\/Foto-Magali--650x650.jpg 650w\" sizes=\"auto, (max-width: 960px) 100vw, 960px\" \/><\/figure>\n\n\n\n<figure class=\"wp-block-image size-large\"><img loading=\"lazy\" decoding=\"async\" width=\"949\" height=\"906\" data-id=\"49491\" src=\"https:\/\/futbolmas.org\/wp-content\/uploads\/2025\/06\/FotoAraceli-Hernandez.jpg\" alt=\"\" class=\"wp-image-49491\" srcset=\"https:\/\/futbolmas.org\/wp-content\/uploads\/2025\/06\/FotoAraceli-Hernandez.jpg 949w, https:\/\/futbolmas.org\/wp-content\/uploads\/2025\/06\/FotoAraceli-Hernandez-300x286.jpg 300w, https:\/\/futbolmas.org\/wp-content\/uploads\/2025\/06\/FotoAraceli-Hernandez-768x733.jpg 768w, https:\/\/futbolmas.org\/wp-content\/uploads\/2025\/06\/FotoAraceli-Hernandez-13x12.jpg 13w, https:\/\/futbolmas.org\/wp-content\/uploads\/2025\/06\/FotoAraceli-Hernandez-650x621.jpg 650w\" sizes=\"auto, (max-width: 949px) 100vw, 949px\" \/><\/figure>\n\n\n\n<figure class=\"wp-block-image size-large\"><img loading=\"lazy\" decoding=\"async\" width=\"1024\" height=\"1024\" data-id=\"49493\" src=\"https:\/\/futbolmas.org\/wp-content\/uploads\/2025\/06\/Fotografias-8091-1024x1024.jpg\" alt=\"\" class=\"wp-image-49493\" srcset=\"https:\/\/futbolmas.org\/wp-content\/uploads\/2025\/06\/Fotografias-8091-1024x1024.jpg 1024w, https:\/\/futbolmas.org\/wp-content\/uploads\/2025\/06\/Fotografias-8091-300x300.jpg 300w, https:\/\/futbolmas.org\/wp-content\/uploads\/2025\/06\/Fotografias-8091-150x150.jpg 150w, https:\/\/futbolmas.org\/wp-content\/uploads\/2025\/06\/Fotografias-8091-768x768.jpg 768w, https:\/\/futbolmas.org\/wp-content\/uploads\/2025\/06\/Fotografias-8091-1536x1536.jpg 1536w, https:\/\/futbolmas.org\/wp-content\/uploads\/2025\/06\/Fotografias-8091-2048x2048.jpg 2048w, https:\/\/futbolmas.org\/wp-content\/uploads\/2025\/06\/Fotografias-8091-12x12.jpg 12w, https:\/\/futbolmas.org\/wp-content\/uploads\/2025\/06\/Fotografias-8091-650x650.jpg 650w\" sizes=\"auto, (max-width: 1024px) 100vw, 1024px\" \/><\/figure>\n\n\n\n<figure class=\"wp-block-image size-large\"><img loading=\"lazy\" decoding=\"async\" width=\"354\" height=\"354\" data-id=\"49489\" src=\"https:\/\/futbolmas.org\/wp-content\/uploads\/2025\/06\/Ronal.jpg\" alt=\"\" class=\"wp-image-49489\" srcset=\"https:\/\/futbolmas.org\/wp-content\/uploads\/2025\/06\/Ronal.jpg 354w, https:\/\/futbolmas.org\/wp-content\/uploads\/2025\/06\/Ronal-300x300.jpg 300w, https:\/\/futbolmas.org\/wp-content\/uploads\/2025\/06\/Ronal-150x150.jpg 150w, https:\/\/futbolmas.org\/wp-content\/uploads\/2025\/06\/Ronal-12x12.jpg 12w\" sizes=\"auto, (max-width: 354px) 100vw, 354px\" \/><\/figure>\n<\/figure>\n\n\n\n<h3 class=\"wp-block-heading\"><strong>Un camino para inspirar<\/strong><\/h3>\n\n\n\n<p>El programa Leyendas se desarrollar\u00e1 durante el segundo semestre de 2025, con <strong>dos m\u00f3dulos de formaci\u00f3n al mes<\/strong>, en un proceso que busca posicionar a las Leyendas como <strong>embajadores de la metodolog\u00eda y el esp\u00edritu de F\u00fatbol M\u00e1s<\/strong>. Su rol no solo ser\u00e1 formativo, sino tambi\u00e9n simb\u00f3lico: ser\u00e1n referentes para sus pares y para las comunidades con las que trabajamos en m\u00e1s de 10 pa\u00edses.<\/p>\n\n\n\n<p>Con Leyendas II, F\u00fatbol M\u00e1s reafirma su compromiso con la formaci\u00f3n de liderazgos transformadores que, desde el juego, la pedagog\u00eda y el v\u00ednculo, impulsan un mundo m\u00e1s justo, alegre y lleno de oportunidades para todos y todas.<\/p>\n\n\n\n<p>Rafael Pareja, quien es parte de la primera camada del programa Leyendas y que ahora ser\u00e1 parte del equipo capacitador, comenta que:<\/p>\n\n\n\n<blockquote class=\"wp-block-quote is-layout-flow wp-block-quote-is-layout-flow\">\n<p>Leyendas ha supuesto una oportunidad de desarrollar mis capacidades y aptitudes como referente para la infancia y juventud, permiti\u00e9ndome un espacio en el que compartir experiencias con grandes profesionales de las diferentes realidades en las que F\u00fatbol M\u00e1s desarrolla su labor\u201d.<\/p>\n\n\n\n<p>\u00a0<\/p>\n<\/blockquote>\n\n\n\n<p>Adem\u00e1s, sobre su nuevo rol se\u00f1ala que: <\/p>\n\n\n\n<blockquote class=\"wp-block-quote is-layout-flow wp-block-quote-is-layout-flow\">\n<p>el hecho de comenzar una segunda edici\u00f3n, esta vez con el rol de capacitador, me llena de ilusi\u00f3n por saber que el trabajo que realizamos el a\u00f1o pasado tiene una continuidad y que seguimos creando instancias en las que potenciamos a los incre\u00edbles perfiles que hay en nuestra organizaci\u00f3n\u201d.<\/p>\n<\/blockquote>\n\n\n\n<p>De igual manera, Constanza Garnica, coordinadora territorial de la Regi\u00f3n Metropolitana (Santiago, Chile), es una de las profesionales de F\u00fatbol M\u00e1s que ingresa a este a\u00f1o al programa<\/p>\n\n\n\n<blockquote class=\"wp-block-quote is-layout-flow wp-block-quote-is-layout-flow\">\n<p>me genera mucha alegr\u00eda y expectativas ser parte de Leyendas II, donde poder conocer otras historias y personas me motiva much\u00edsimo. Ya quiero saber sus experiencias en F\u00fatbol M\u00e1s y saber qu\u00e9 fue lo que las motiv\u00f3 a ser parte de esto y creo que lo que nos mueve son los mismos objetivos, que es la ni\u00f1ez y tratar de cambiar un poco sus vidas a trav\u00e9s\u00a0del\u00a0deporte\u201d.<\/p>\n<\/blockquote>\n\n\n\n<blockquote class=\"wp-block-quote is-layout-flow wp-block-quote-is-layout-flow\">\n<p>El seguir aprendiendo de otros\/as tutores es lo que m\u00e1s me motiva, el poder aprender de ellos y ellas y de esta forma poder seguir potenciando al equipo de RM. es un nuevo desaf\u00edo que afrontar y lo espero con muchas ansias\u00a0de\u00a0aprender.\u00bb<\/p>\n<\/blockquote>\n\n\n\n<p><\/p>","protected":false},"excerpt":{"rendered":"<p>La comunidad global de F\u00fatbol M\u00e1s celebra el inicio de la segunda edici\u00f3n del programa Leyendas, una iniciativa que busca reconocer, formar [&hellip;]<\/p>\n","protected":false},"author":11,"featured_media":49496,"comment_status":"open","ping_status":"open","sticky":false,"template":"","format":"standard","meta":{"_acf_changed":false,"footnotes":""},"categories":[536],"tags":[46,317,43,94,48,692],"class_list":["post-49482","post","type-post","status-publish","format-standard","has-post-thumbnail","hentry","category-global","tag-deporte","tag-deporte-para-el-desarrollo","tag-fundacion-futbol-mas","tag-futbol-mas","tag-infancia","tag-leyendas"],"acf":[],"_links":{"self":[{"href":"https:\/\/futbolmas.org\/en\/wp-json\/wp\/v2\/posts\/49482","targetHints":{"allow":["GET"]}}],"collection":[{"href":"https:\/\/futbolmas.org\/en\/wp-json\/wp\/v2\/posts"}],"about":[{"href":"https:\/\/futbolmas.org\/en\/wp-json\/wp\/v2\/types\/post"}],"author":[{"embeddable":true,"href":"https:\/\/futbolmas.org\/en\/wp-json\/wp\/v2\/users\/11"}],"replies":[{"embeddable":true,"href":"https:\/\/futbolmas.org\/en\/wp-json\/wp\/v2\/comments?post=49482"}],"version-history":[{"count":0,"href":"https:\/\/futbolmas.org\/en\/wp-json\/wp\/v2\/posts\/49482\/revisions"}],"wp:featuredmedia":[{"embeddable":true,"href":"https:\/\/futbolmas.org\/en\/wp-json\/wp\/v2\/media\/49496"}],"wp:attachment":[{"href":"https:\/\/futbolmas.org\/en\/wp-json\/wp\/v2\/media?parent=49482"}],"wp:term":[{"taxonomy":"category","embeddable":true,"href":"https:\/\/futbolmas.org\/en\/wp-json\/wp\/v2\/categories?post=49482"},{"taxonomy":"post_tag","embeddable":true,"href":"https:\/\/futbolmas.org\/en\/wp-json\/wp\/v2\/tags?post=49482"}],"curies":[{"name":"wp","href":"https:\/\/api.w.org\/{rel}","templated":true}]}}