{"id":49460,"date":"2025-06-17T14:10:42","date_gmt":"2025-06-17T18:10:42","guid":{"rendered":"https:\/\/futbolmas.org\/?p=49460"},"modified":"2025-06-26T17:21:14","modified_gmt":"2025-06-26T21:21:14","slug":"futbol-mas-kenya-recibe-a-delegacion-internacional-de-the-2025-global-good-fund-fellows-en-inspiradora-jornada-de-intercambio-social","status":"publish","type":"post","link":"https:\/\/futbolmas.org\/en\/futbol-mas-kenya-recibe-a-delegacion-internacional-de-the-2025-global-good-fund-fellows-en-inspiradora-jornada-de-intercambio-social\/","title":{"rendered":"F\u00fatbol M\u00e1s Kenya welcomes international delegation of The 2025 Global Good Fund Fellows for an inspiring day of social exchange"},"content":{"rendered":"<p>In the heart of Nairobi, F\u00fatbol M\u00e1s Kenya hosted a moving and inspiring gathering with the 2025 cohort of The Global Good Fund Fellows\u2014leaders from around the world including India, North Macedonia, Brazil, Rwanda, Mozambique, Colombia, the Philippines, the United States, etc. <a href=\"https:\/\/globalgoodfund.org\/\" rel=\"nofollow noopener\" target=\"_blank\">The Global Good Fund<\/a> from different corners of the world, including India, Macedonia, Brazil, Rwanda, Mozambique, Colombia, Philippines, and united States among others.<\/p>\n\n\n\n<p>The visit took place as part of the annual convening of the The Global Good Fund, held this year in Kenya, where V\u00edctor Guti\u00e9rrez\u2014co-founder of F\u00fatbol M\u00e1s and a Fellow of the organization\u2014participated alongside the international delegation.&nbsp;<\/p>\n\n\n\n<figure class=\"wp-block-gallery has-nested-images columns-default is-cropped wp-block-gallery-1 is-layout-flex wp-block-gallery-is-layout-flex\">\n<figure class=\"wp-block-image size-large\"><img loading=\"lazy\" decoding=\"async\" width=\"912\" height=\"684\" data-id=\"49469\" src=\"https:\/\/futbolmas.org\/wp-content\/uploads\/2025\/06\/Imagen-de-WhatsApp-2025-06-17-a-las-13.51.25_a4b7dc76-1.jpg\" alt=\"\" class=\"wp-image-49469\" srcset=\"https:\/\/futbolmas.org\/wp-content\/uploads\/2025\/06\/Imagen-de-WhatsApp-2025-06-17-a-las-13.51.25_a4b7dc76-1.jpg 912w, https:\/\/futbolmas.org\/wp-content\/uploads\/2025\/06\/Imagen-de-WhatsApp-2025-06-17-a-las-13.51.25_a4b7dc76-1-300x225.jpg 300w, https:\/\/futbolmas.org\/wp-content\/uploads\/2025\/06\/Imagen-de-WhatsApp-2025-06-17-a-las-13.51.25_a4b7dc76-1-768x576.jpg 768w, https:\/\/futbolmas.org\/wp-content\/uploads\/2025\/06\/Imagen-de-WhatsApp-2025-06-17-a-las-13.51.25_a4b7dc76-1-16x12.jpg 16w, https:\/\/futbolmas.org\/wp-content\/uploads\/2025\/06\/Imagen-de-WhatsApp-2025-06-17-a-las-13.51.25_a4b7dc76-1-650x488.jpg 650w\" sizes=\"auto, (max-width: 912px) 100vw, 912px\" \/><\/figure>\n\n\n\n<figure class=\"wp-block-image size-large\"><img loading=\"lazy\" decoding=\"async\" width=\"728\" height=\"582\" data-id=\"49468\" src=\"https:\/\/futbolmas.org\/wp-content\/uploads\/2025\/06\/Imagen-de-WhatsApp-2025-06-17-a-las-13.51.26_2c300bbd-1.jpg\" alt=\"\" class=\"wp-image-49468\" srcset=\"https:\/\/futbolmas.org\/wp-content\/uploads\/2025\/06\/Imagen-de-WhatsApp-2025-06-17-a-las-13.51.26_2c300bbd-1.jpg 728w, https:\/\/futbolmas.org\/wp-content\/uploads\/2025\/06\/Imagen-de-WhatsApp-2025-06-17-a-las-13.51.26_2c300bbd-1-300x240.jpg 300w, https:\/\/futbolmas.org\/wp-content\/uploads\/2025\/06\/Imagen-de-WhatsApp-2025-06-17-a-las-13.51.26_2c300bbd-1-15x12.jpg 15w, https:\/\/futbolmas.org\/wp-content\/uploads\/2025\/06\/Imagen-de-WhatsApp-2025-06-17-a-las-13.51.26_2c300bbd-1-650x520.jpg 650w\" sizes=\"auto, (max-width: 728px) 100vw, 728px\" \/><\/figure>\n\n\n\n<figure class=\"wp-block-image size-large\"><img loading=\"lazy\" decoding=\"async\" width=\"1024\" height=\"768\" data-id=\"49470\" src=\"https:\/\/futbolmas.org\/wp-content\/uploads\/2025\/06\/Imagen-de-WhatsApp-2025-06-17-a-las-13.51.26_cd361f75-1-1024x768.jpg\" alt=\"\" class=\"wp-image-49470\" srcset=\"https:\/\/futbolmas.org\/wp-content\/uploads\/2025\/06\/Imagen-de-WhatsApp-2025-06-17-a-las-13.51.26_cd361f75-1-1024x768.jpg 1024w, https:\/\/futbolmas.org\/wp-content\/uploads\/2025\/06\/Imagen-de-WhatsApp-2025-06-17-a-las-13.51.26_cd361f75-1-300x225.jpg 300w, https:\/\/futbolmas.org\/wp-content\/uploads\/2025\/06\/Imagen-de-WhatsApp-2025-06-17-a-las-13.51.26_cd361f75-1-768x576.jpg 768w, https:\/\/futbolmas.org\/wp-content\/uploads\/2025\/06\/Imagen-de-WhatsApp-2025-06-17-a-las-13.51.26_cd361f75-1-16x12.jpg 16w, https:\/\/futbolmas.org\/wp-content\/uploads\/2025\/06\/Imagen-de-WhatsApp-2025-06-17-a-las-13.51.26_cd361f75-1-650x487.jpg 650w, https:\/\/futbolmas.org\/wp-content\/uploads\/2025\/06\/Imagen-de-WhatsApp-2025-06-17-a-las-13.51.26_cd361f75-1.jpg 1111w\" sizes=\"auto, (max-width: 1024px) 100vw, 1024px\" \/><\/figure>\n<\/figure>\n\n\n\n<p>Led by Carrie Rich, Co-Founder and CEO of the The Global Good Fund, the delegation was welcomed at F\u00fatbol M\u00e1s offices in Mathare by Sam Musembi, Executive Director of F\u00fatbol M\u00e1s Kenya. During the visit, the Fellows learned in depth about the organization's history in the country and its fully community-driven methodology, which has already reached over 25,000 children and youth across Kenya.<\/p>\n\n\n\n<p>One of the most powerful moments of the day was a visit to the community field at Austin Fields, where children and adolescents shared their personal experiences and learnings through sport and the Green Card methodology. The day concluded with a symbolic exchange of bracelets between neighborhood participants and Fellows\u2014a heartfelt gesture of intercultural connection and mutual respect.<\/p>\n\n\n\n<p>Carrie Rich shared her impressions of the visit to Kenya and reflected on V\u00edctor\u2019s role,<\/p>\n\n\n\n<blockquote class=\"wp-block-quote is-layout-flow wp-block-quote-is-layout-flow\">\n<p>We\u2019re so proud of the growth and global impact of F\u00fatbol M\u00e1s. It is especially inspiring to have witnessed the leadership development of its co-founder, V\u00edctor. We\u2019ve watched his leadership development over the past decade, along with the resulting impact of F\u00fatbol M\u00e1s. V\u00edctor is the epitome of The Global Good Fund's mission and work. It\u2019s a true honor to have played a small role in V\u00edctor\u2019s leadership journey and in the growth of F\u00fatbol M\u00e1s over time.<\/p>\n<\/blockquote>\n\n\n\n<figure class=\"wp-block-gallery has-nested-images columns-default is-cropped wp-block-gallery-2 is-layout-flex wp-block-gallery-is-layout-flex\">\n<figure class=\"wp-block-image size-large\"><img loading=\"lazy\" decoding=\"async\" width=\"864\" height=\"691\" data-id=\"49471\" src=\"https:\/\/futbolmas.org\/wp-content\/uploads\/2025\/06\/Imagen-de-WhatsApp-2025-06-17-a-las-13.51.27_8521b679.jpg\" alt=\"\" class=\"wp-image-49471\" srcset=\"https:\/\/futbolmas.org\/wp-content\/uploads\/2025\/06\/Imagen-de-WhatsApp-2025-06-17-a-las-13.51.27_8521b679.jpg 864w, https:\/\/futbolmas.org\/wp-content\/uploads\/2025\/06\/Imagen-de-WhatsApp-2025-06-17-a-las-13.51.27_8521b679-300x240.jpg 300w, https:\/\/futbolmas.org\/wp-content\/uploads\/2025\/06\/Imagen-de-WhatsApp-2025-06-17-a-las-13.51.27_8521b679-768x614.jpg 768w, https:\/\/futbolmas.org\/wp-content\/uploads\/2025\/06\/Imagen-de-WhatsApp-2025-06-17-a-las-13.51.27_8521b679-15x12.jpg 15w, https:\/\/futbolmas.org\/wp-content\/uploads\/2025\/06\/Imagen-de-WhatsApp-2025-06-17-a-las-13.51.27_8521b679-650x520.jpg 650w\" sizes=\"auto, (max-width: 864px) 100vw, 864px\" \/><\/figure>\n<\/figure>\n\n\n\n<p>The delegation also visited the <em>Zaidi Ya Michezo<\/em>, an initiative led by young leaders from the F\u00fatbol M\u00e1s program. This youth-driven project focuses on repurposing plastic waste into usable products and was especially appreciated by the visitors for its emphasis on sustainability and youth empowerment.<\/p>\n\n\n\n<p>Reflecting on the visit, Sam Musembi shared<\/p>\n\n\n\n<blockquote class=\"wp-block-quote is-layout-flow wp-block-quote-is-layout-flow\">\n<p>Welcoming global leaders who champion social entrepreneurship in areas such as health, recycling, women\u2019s empowerment, and education reaffirms the value of collaborative work and the power of sport as a tool for social transformation.<\/p>\n<\/blockquote>\n\n\n\n<figure class=\"wp-block-gallery has-nested-images columns-default is-cropped wp-block-gallery-3 is-layout-flex wp-block-gallery-is-layout-flex\">\n<figure class=\"wp-block-image size-large\"><img loading=\"lazy\" decoding=\"async\" width=\"847\" height=\"678\" data-id=\"49472\" src=\"https:\/\/futbolmas.org\/wp-content\/uploads\/2025\/06\/Imagen-de-WhatsApp-2025-06-17-a-las-13.51.27_0a8a19f9.jpg\" alt=\"\" class=\"wp-image-49472\" srcset=\"https:\/\/futbolmas.org\/wp-content\/uploads\/2025\/06\/Imagen-de-WhatsApp-2025-06-17-a-las-13.51.27_0a8a19f9.jpg 847w, https:\/\/futbolmas.org\/wp-content\/uploads\/2025\/06\/Imagen-de-WhatsApp-2025-06-17-a-las-13.51.27_0a8a19f9-300x240.jpg 300w, https:\/\/futbolmas.org\/wp-content\/uploads\/2025\/06\/Imagen-de-WhatsApp-2025-06-17-a-las-13.51.27_0a8a19f9-768x615.jpg 768w, https:\/\/futbolmas.org\/wp-content\/uploads\/2025\/06\/Imagen-de-WhatsApp-2025-06-17-a-las-13.51.27_0a8a19f9-15x12.jpg 15w, https:\/\/futbolmas.org\/wp-content\/uploads\/2025\/06\/Imagen-de-WhatsApp-2025-06-17-a-las-13.51.27_0a8a19f9-650x520.jpg 650w\" sizes=\"auto, (max-width: 847px) 100vw, 847px\" \/><\/figure>\n\n\n\n<figure class=\"wp-block-image size-large\"><img loading=\"lazy\" decoding=\"async\" width=\"866\" height=\"692\" data-id=\"49473\" src=\"https:\/\/futbolmas.org\/wp-content\/uploads\/2025\/06\/Imagen-de-WhatsApp-2025-06-17-a-las-13.51.28_2eebbd1a.jpg\" alt=\"\" class=\"wp-image-49473\" srcset=\"https:\/\/futbolmas.org\/wp-content\/uploads\/2025\/06\/Imagen-de-WhatsApp-2025-06-17-a-las-13.51.28_2eebbd1a.jpg 866w, https:\/\/futbolmas.org\/wp-content\/uploads\/2025\/06\/Imagen-de-WhatsApp-2025-06-17-a-las-13.51.28_2eebbd1a-300x240.jpg 300w, https:\/\/futbolmas.org\/wp-content\/uploads\/2025\/06\/Imagen-de-WhatsApp-2025-06-17-a-las-13.51.28_2eebbd1a-768x614.jpg 768w, https:\/\/futbolmas.org\/wp-content\/uploads\/2025\/06\/Imagen-de-WhatsApp-2025-06-17-a-las-13.51.28_2eebbd1a-15x12.jpg 15w, https:\/\/futbolmas.org\/wp-content\/uploads\/2025\/06\/Imagen-de-WhatsApp-2025-06-17-a-las-13.51.28_2eebbd1a-650x519.jpg 650w\" sizes=\"auto, (max-width: 866px) 100vw, 866px\" \/><\/figure>\n<\/figure>\n\n\n\n<p>Encounters like this strengthen F\u00fatbol M\u00e1s\u2019s ongoing commitment to building resilient communities that are connected to a global network of positive change.<br><br><em>Fotograf\u00edas gentileza de The Global Good Fund.<\/em><\/p>","protected":false},"excerpt":{"rendered":"<p>En el coraz\u00f3n de Nairobi, F\u00fatbol M\u00e1s Kenya fue el anfitri\u00f3n de un emotivo e inspirador encuentro con el nuevo cohorte de [&hellip;]<\/p>\n","protected":false},"author":11,"featured_media":49461,"comment_status":"open","ping_status":"open","sticky":false,"template":"","format":"standard","meta":{"_acf_changed":false,"footnotes":""},"categories":[22],"tags":[233,46,317,76,43,94,689,48,107],"class_list":["post-49460","post","type-post","status-publish","format-standard","has-post-thumbnail","hentry","category-kenia","tag-barrios","tag-deporte","tag-deporte-para-el-desarrollo","tag-escuelas","tag-fundacion-futbol-mas","tag-futbol-mas","tag-global-good-fund","tag-infancia","tag-kenia"],"acf":[],"_links":{"self":[{"href":"https:\/\/futbolmas.org\/en\/wp-json\/wp\/v2\/posts\/49460","targetHints":{"allow":["GET"]}}],"collection":[{"href":"https:\/\/futbolmas.org\/en\/wp-json\/wp\/v2\/posts"}],"about":[{"href":"https:\/\/futbolmas.org\/en\/wp-json\/wp\/v2\/types\/post"}],"author":[{"embeddable":true,"href":"https:\/\/futbolmas.org\/en\/wp-json\/wp\/v2\/users\/11"}],"replies":[{"embeddable":true,"href":"https:\/\/futbolmas.org\/en\/wp-json\/wp\/v2\/comments?post=49460"}],"version-history":[{"count":0,"href":"https:\/\/futbolmas.org\/en\/wp-json\/wp\/v2\/posts\/49460\/revisions"}],"wp:featuredmedia":[{"embeddable":true,"href":"https:\/\/futbolmas.org\/en\/wp-json\/wp\/v2\/media\/49461"}],"wp:attachment":[{"href":"https:\/\/futbolmas.org\/en\/wp-json\/wp\/v2\/media?parent=49460"}],"wp:term":[{"taxonomy":"category","embeddable":true,"href":"https:\/\/futbolmas.org\/en\/wp-json\/wp\/v2\/categories?post=49460"},{"taxonomy":"post_tag","embeddable":true,"href":"https:\/\/futbolmas.org\/en\/wp-json\/wp\/v2\/tags?post=49460"}],"curies":[{"name":"wp","href":"https:\/\/api.w.org\/{rel}","templated":true}]}}