{"id":49289,"date":"2025-04-01T21:18:32","date_gmt":"2025-04-02T00:18:32","guid":{"rendered":"https:\/\/futbolmas.org\/?p=49289"},"modified":"2025-04-01T21:18:33","modified_gmt":"2025-04-02T00:18:33","slug":"el-senado-acoge-la-i-conferencia-infancia-y-juventud-salud-mental-y-deporte-organizada-por-la-fundacion-futbol-mas-espana","status":"publish","type":"post","link":"https:\/\/futbolmas.org\/en\/el-senado-acoge-la-i-conferencia-infancia-y-juventud-salud-mental-y-deporte-organizada-por-la-fundacion-futbol-mas-espana\/","title":{"rendered":"The Senate is hosting the first Conference of Children and Youth, Mental Health and Sport organised by Futbol Mas in Spain\u00a0"},"content":{"rendered":"<p><strong>Madrid, march 31, 2025<\/strong> \u2013 This Monday, the <strong>Palace of the Senate<\/strong> this was the scene of the <strong>I Conference on Children and Youth, Mental Health and Sports, organised by the Foundation Football Spain<\/strong>. The day brought together experts in mental health, sport and well-being of children and youth, in a context key to addressing the challenges and opportunities offered by sport as a tool of prevention and promotion of emotional well-being.\u00a0<\/p>\n\n\n\n<blockquote class=\"wp-block-quote is-layout-flow wp-block-quote-is-layout-flow\">\n<p><em>&#034;The emotional well-being is a right, not a luxury, and sport is a way to guarantee that&#034; Sira Rego, Minister of Youth and Childhood.\u00a0<\/em><\/p>\n<\/blockquote>\n\n\n\n<p><em><strong>Mental health as a right and a call to collective action\u00a0<\/strong><\/em><\/p>\n\n\n\n<p>The opening was in charge of <strong>Javier Ignacio Velasco, Ambassador of Chile in Spain, and Gonzalo Garc\u00eda Casamayor, president of Football Spain<\/strong>, who stressed the importance of international cooperation and the joint effort between sectors to address the challenges of the mental health of children and youth.\u00a0\u00a0<\/p>\n\n\n\n<blockquote class=\"wp-block-quote is-layout-flow wp-block-quote-is-layout-flow\">\n<p><em>\u201cWhat are we going to solve for us and we, as communities, as families, as neighborhoods, as people\u201d, Javier Ignacio Velasco\u00a0<\/em><\/p>\n<\/blockquote>\n\n\n\n<p>One of the highlights of the day was the intervention of <strong>Sira Rego, Minister for Children and Youth,<\/strong> leaving a strong message: <em>\u201cThe emotional well-being is a right, not a luxury, and sport is a way to guarantee it\u201d<\/em>. The Minister emphasized the need for a <strong>structural approach and collective to address the mental health, beyond individual solutions, and put in value the role of youth in recognition of this problem.<\/strong>\u00a0<\/p>\n\n\n\n<p><em><strong>Mental health and youth: data concern\u00a0<\/strong><\/em><\/p>\n\n\n\n<p>In the first roundtable, moderated by Celia Dominguez (Football Spain), participated <strong>Sandra Astete (UNICEF Spain), Sara Villodre (Youth Council), Elisenda Gonz\u00e1lez (EDUCO) and Bel\u00e9n Gonz\u00e1lez (Commissioner of Mental Health, Ministry of Health).<\/strong>\u00a0<\/p>\n\n\n\n<p>Sara Villodre presented alarming data: <strong>43% of young spaniards between the ages of 16 and 29 years of age have been diagnosed with mental health problems, this percentage amounts to 53% in situations of vulnerability.<\/strong> In addition, the barometer of UNICEF revealed that <strong>40% of young people surveyed had experienced emotional upset in the last<\/strong> <strong>year, and more than 40% had not shared with anyone<\/strong> evidence of the stigma that still surrounds mental health.<\/p>\n\n\n\n<p>Elisenda Gonzalez emphasized the importance of ensuring safe environments for children, recalling the <strong>Law for the Protection of Childhood and Adolescence (LOPIVI)<\/strong> and the need to train professionals in prevention and early intervention.&nbsp;<\/p>\n\n\n\n<figure class=\"wp-block-gallery has-nested-images columns-default is-cropped wp-block-gallery-1 is-layout-flex wp-block-gallery-is-layout-flex\">\n<figure class=\"wp-block-image size-large\"><img loading=\"lazy\" decoding=\"async\" width=\"1024\" height=\"682\" data-id=\"49292\" src=\"https:\/\/futbolmas.org\/wp-content\/uploads\/2025\/04\/Imagen-de-WhatsApp-2025-04-01-a-las-17.13.01_9a492de3-1024x682.jpg\" alt=\"\" class=\"wp-image-49292\" srcset=\"https:\/\/futbolmas.org\/wp-content\/uploads\/2025\/04\/Imagen-de-WhatsApp-2025-04-01-a-las-17.13.01_9a492de3-1024x682.jpg 1024w, https:\/\/futbolmas.org\/wp-content\/uploads\/2025\/04\/Imagen-de-WhatsApp-2025-04-01-a-las-17.13.01_9a492de3-300x200.jpg 300w, https:\/\/futbolmas.org\/wp-content\/uploads\/2025\/04\/Imagen-de-WhatsApp-2025-04-01-a-las-17.13.01_9a492de3-768x512.jpg 768w, https:\/\/futbolmas.org\/wp-content\/uploads\/2025\/04\/Imagen-de-WhatsApp-2025-04-01-a-las-17.13.01_9a492de3-18x12.jpg 18w, https:\/\/futbolmas.org\/wp-content\/uploads\/2025\/04\/Imagen-de-WhatsApp-2025-04-01-a-las-17.13.01_9a492de3-650x433.jpg 650w, https:\/\/futbolmas.org\/wp-content\/uploads\/2025\/04\/Imagen-de-WhatsApp-2025-04-01-a-las-17.13.01_9a492de3.jpg 1280w\" sizes=\"auto, (max-width: 1024px) 100vw, 1024px\" \/><\/figure>\n\n\n\n<figure class=\"wp-block-image size-large\"><img loading=\"lazy\" decoding=\"async\" width=\"1024\" height=\"682\" data-id=\"49291\" src=\"https:\/\/futbolmas.org\/wp-content\/uploads\/2025\/04\/Imagen-de-WhatsApp-2025-04-01-a-las-17.13.02_9683eb5e-1024x682.jpg\" alt=\"\" class=\"wp-image-49291\" srcset=\"https:\/\/futbolmas.org\/wp-content\/uploads\/2025\/04\/Imagen-de-WhatsApp-2025-04-01-a-las-17.13.02_9683eb5e-1024x682.jpg 1024w, https:\/\/futbolmas.org\/wp-content\/uploads\/2025\/04\/Imagen-de-WhatsApp-2025-04-01-a-las-17.13.02_9683eb5e-300x200.jpg 300w, https:\/\/futbolmas.org\/wp-content\/uploads\/2025\/04\/Imagen-de-WhatsApp-2025-04-01-a-las-17.13.02_9683eb5e-768x512.jpg 768w, https:\/\/futbolmas.org\/wp-content\/uploads\/2025\/04\/Imagen-de-WhatsApp-2025-04-01-a-las-17.13.02_9683eb5e-18x12.jpg 18w, https:\/\/futbolmas.org\/wp-content\/uploads\/2025\/04\/Imagen-de-WhatsApp-2025-04-01-a-las-17.13.02_9683eb5e-650x433.jpg 650w, https:\/\/futbolmas.org\/wp-content\/uploads\/2025\/04\/Imagen-de-WhatsApp-2025-04-01-a-las-17.13.02_9683eb5e.jpg 1280w\" sizes=\"auto, (max-width: 1024px) 100vw, 1024px\" \/><\/figure>\n\n\n\n<figure class=\"wp-block-image size-large\"><img loading=\"lazy\" decoding=\"async\" width=\"1024\" height=\"682\" data-id=\"49293\" src=\"https:\/\/futbolmas.org\/wp-content\/uploads\/2025\/04\/Imagen-de-WhatsApp-2025-04-01-a-las-17.13.03_f255c950-1024x682.jpg\" alt=\"\" class=\"wp-image-49293\" srcset=\"https:\/\/futbolmas.org\/wp-content\/uploads\/2025\/04\/Imagen-de-WhatsApp-2025-04-01-a-las-17.13.03_f255c950-1024x682.jpg 1024w, https:\/\/futbolmas.org\/wp-content\/uploads\/2025\/04\/Imagen-de-WhatsApp-2025-04-01-a-las-17.13.03_f255c950-300x200.jpg 300w, https:\/\/futbolmas.org\/wp-content\/uploads\/2025\/04\/Imagen-de-WhatsApp-2025-04-01-a-las-17.13.03_f255c950-768x512.jpg 768w, https:\/\/futbolmas.org\/wp-content\/uploads\/2025\/04\/Imagen-de-WhatsApp-2025-04-01-a-las-17.13.03_f255c950-18x12.jpg 18w, https:\/\/futbolmas.org\/wp-content\/uploads\/2025\/04\/Imagen-de-WhatsApp-2025-04-01-a-las-17.13.03_f255c950-650x433.jpg 650w, https:\/\/futbolmas.org\/wp-content\/uploads\/2025\/04\/Imagen-de-WhatsApp-2025-04-01-a-las-17.13.03_f255c950.jpg 1280w\" sizes=\"auto, (max-width: 1024px) 100vw, 1024px\" \/><\/figure>\n<\/figure>\n\n\n\n<p>The Commissioner of Mental Health, stressed that they have started their work with a focus on active listening, gathering data and analyzing information on the mental health of children and adolescents. In addition, he stressed l<strong>to growing concern about the mental health of young women, with a worsening more significant in them than in men.<\/strong>&nbsp;&nbsp;&nbsp;<\/p>\n\n\n\n<p><em><strong>Sport and well-being: a space to improve\u00a0<\/strong><\/em><\/p>\n\n\n\n<p>The second round table, moderated by John Araya (Football), saw the participation of <strong>I\u00f1aki Alonso (KUNINA Sport), Manuel D\u00edaz (Federation of Basque Football), Patricia Garcia (PGR NGOS) and Nel A. Gonz\u00e1lez (Confederation of Mental Health).<\/strong>&nbsp;<\/p>\n\n\n\n<p>I\u00f1aki Alonso warned that <strong>the sport is not automatically a space of well-being<\/strong>: may be both a tool of support as an environment of emotional suffering, depending on its management and who surround the sport.&nbsp;<\/p>\n\n\n\n<blockquote class=\"wp-block-quote is-layout-flow wp-block-quote-is-layout-flow\">\n<p><em>&#034;A decade ago, talk of emotional well-being in sport, it was unthinkable, but today it is a reality in the public debate&#034; \u2013 I\u00f1aki Alonso, KUNINA Sport.\u00a0<\/em><\/p>\n<\/blockquote>\n\n\n\n<p>Manuel D\u00edaz cabello <strong>the difficulty of reaching out to families that really need to hear these issues<\/strong>being in his experience, the biggest challenge to achieve currently. In addition, he denounced the lack of commitment to women&#039;s sport in Spain, emphasizing that, despite the achievements of international inequality in resources and opportunities remains a barrier. Manuel put in value management: <strong>in Gipuzkoa, the 21% of the players federated are women, compared to the state average of 8,15%.<\/strong> On this same point, Patricia emphasized <strong>the lack of women in positions of leadership in the Spanish sport and the urgency of implementing policies and methodologies that promote true equality of opportunity.<\/strong>\u00a0<\/p>\n\n\n\n<blockquote class=\"wp-block-quote is-layout-flow wp-block-quote-is-layout-flow\">\n<p><em>&#034;Our sport female is a giant with feet of clay: for many world championships we win, the inequality continues to be the reality of football in Spain&#034; \u2013 Manuel D\u00edaz, Federation of Basque Football.\u00a0<\/em><\/p>\n<\/blockquote>\n\n\n\n<p>Nel A. Gonz\u00e1lez closed the table addressing<strong> the problem of suicide infantojuvenil<\/strong> and the need to implement a subject of comprehensive education for mental health in schools.\u00a0<\/p>\n\n\n\n<p><em><strong>International collaboration: the model ICEHEARTS\u00a0<\/strong><\/em><\/p>\n\n\n\n<p>The last panel, moderated by Aitor Hern\u00e1ndez (Football Spain), presented the project to the ICEHEARTS, funded by the European Commission, which fits in Spain, a model, a Finnish mentoring and sport for the emotional well-being. Participated <strong>M\u00aa Carmen Moreno (University of Seville), Diego L\u00f3pez (Fundaci\u00f3n Real Betis Balompi\u00e9), I\u00f1aki Alonso (KUNINA Sports) and Alison Maassen (EuroHealthNet).<\/strong>&nbsp;<\/p>\n\n\n\n<p>It was noted the importance of the leisure structured and with purpose in the development of young people, highlighting how the lack of oversight in the free time you can increase the vulnerability of children and adolescents. Diego added that, in his experience,<strong> the football becomes a vehicle for the formation and accompaniment of children<\/strong>, and explained how from the foundation to leverage the emotional connection of the boys and girls with sports for <strong>transmit values such as resilience, sportsmanship and inclusion.<\/strong>&nbsp;<\/p>\n\n\n\n<p>Alison Maassen highlighted the role of EuroHealthNet in the dissemination of best practices in health and child welfare at the european level:&nbsp;<\/p>\n\n\n\n<blockquote class=\"wp-block-quote is-layout-flow wp-block-quote-is-layout-flow\">\n<p><em>&#034;We can only be a catalyst for joint action if we have to have actions that share; our job is to connect, to spread and to ensure that best practices have a real impact in Europe&#034; \u2013 Alison Maassen, EuroHealthNet.\u00a0<\/em><\/p>\n<\/blockquote>\n\n\n\n<figure class=\"wp-block-gallery has-nested-images columns-default is-cropped wp-block-gallery-2 is-layout-flex wp-block-gallery-is-layout-flex\">\n<figure class=\"wp-block-image size-large\"><img loading=\"lazy\" decoding=\"async\" width=\"1024\" height=\"682\" data-id=\"49294\" src=\"https:\/\/futbolmas.org\/wp-content\/uploads\/2025\/04\/Imagen-de-WhatsApp-2025-04-01-a-las-17.13.02_66f71f41-1024x682.jpg\" alt=\"\" class=\"wp-image-49294\" srcset=\"https:\/\/futbolmas.org\/wp-content\/uploads\/2025\/04\/Imagen-de-WhatsApp-2025-04-01-a-las-17.13.02_66f71f41-1024x682.jpg 1024w, https:\/\/futbolmas.org\/wp-content\/uploads\/2025\/04\/Imagen-de-WhatsApp-2025-04-01-a-las-17.13.02_66f71f41-300x200.jpg 300w, https:\/\/futbolmas.org\/wp-content\/uploads\/2025\/04\/Imagen-de-WhatsApp-2025-04-01-a-las-17.13.02_66f71f41-768x512.jpg 768w, https:\/\/futbolmas.org\/wp-content\/uploads\/2025\/04\/Imagen-de-WhatsApp-2025-04-01-a-las-17.13.02_66f71f41-18x12.jpg 18w, https:\/\/futbolmas.org\/wp-content\/uploads\/2025\/04\/Imagen-de-WhatsApp-2025-04-01-a-las-17.13.02_66f71f41-650x433.jpg 650w, https:\/\/futbolmas.org\/wp-content\/uploads\/2025\/04\/Imagen-de-WhatsApp-2025-04-01-a-las-17.13.02_66f71f41.jpg 1280w\" sizes=\"auto, (max-width: 1024px) 100vw, 1024px\" \/><\/figure>\n\n\n\n<figure class=\"wp-block-image size-large\"><img loading=\"lazy\" decoding=\"async\" width=\"1024\" height=\"682\" data-id=\"49295\" src=\"https:\/\/futbolmas.org\/wp-content\/uploads\/2025\/04\/Imagen-de-WhatsApp-2025-04-01-a-las-17.13.02_dbffe801-1024x682.jpg\" alt=\"\" class=\"wp-image-49295\" srcset=\"https:\/\/futbolmas.org\/wp-content\/uploads\/2025\/04\/Imagen-de-WhatsApp-2025-04-01-a-las-17.13.02_dbffe801-1024x682.jpg 1024w, https:\/\/futbolmas.org\/wp-content\/uploads\/2025\/04\/Imagen-de-WhatsApp-2025-04-01-a-las-17.13.02_dbffe801-300x200.jpg 300w, https:\/\/futbolmas.org\/wp-content\/uploads\/2025\/04\/Imagen-de-WhatsApp-2025-04-01-a-las-17.13.02_dbffe801-768x512.jpg 768w, https:\/\/futbolmas.org\/wp-content\/uploads\/2025\/04\/Imagen-de-WhatsApp-2025-04-01-a-las-17.13.02_dbffe801-18x12.jpg 18w, https:\/\/futbolmas.org\/wp-content\/uploads\/2025\/04\/Imagen-de-WhatsApp-2025-04-01-a-las-17.13.02_dbffe801-650x433.jpg 650w, https:\/\/futbolmas.org\/wp-content\/uploads\/2025\/04\/Imagen-de-WhatsApp-2025-04-01-a-las-17.13.02_dbffe801.jpg 1280w\" sizes=\"auto, (max-width: 1024px) 100vw, 1024px\" \/><\/figure>\n\n\n\n<figure class=\"wp-block-image size-large\"><img loading=\"lazy\" decoding=\"async\" width=\"1024\" height=\"682\" data-id=\"49296\" src=\"https:\/\/futbolmas.org\/wp-content\/uploads\/2025\/04\/Imagen-de-WhatsApp-2025-04-01-a-las-17.13.03_c3e589b8-1024x682.jpg\" alt=\"\" class=\"wp-image-49296\" srcset=\"https:\/\/futbolmas.org\/wp-content\/uploads\/2025\/04\/Imagen-de-WhatsApp-2025-04-01-a-las-17.13.03_c3e589b8-1024x682.jpg 1024w, https:\/\/futbolmas.org\/wp-content\/uploads\/2025\/04\/Imagen-de-WhatsApp-2025-04-01-a-las-17.13.03_c3e589b8-300x200.jpg 300w, https:\/\/futbolmas.org\/wp-content\/uploads\/2025\/04\/Imagen-de-WhatsApp-2025-04-01-a-las-17.13.03_c3e589b8-768x512.jpg 768w, https:\/\/futbolmas.org\/wp-content\/uploads\/2025\/04\/Imagen-de-WhatsApp-2025-04-01-a-las-17.13.03_c3e589b8-18x12.jpg 18w, https:\/\/futbolmas.org\/wp-content\/uploads\/2025\/04\/Imagen-de-WhatsApp-2025-04-01-a-las-17.13.03_c3e589b8-650x433.jpg 650w, https:\/\/futbolmas.org\/wp-content\/uploads\/2025\/04\/Imagen-de-WhatsApp-2025-04-01-a-las-17.13.03_c3e589b8.jpg 1280w\" sizes=\"auto, (max-width: 1024px) 100vw, 1024px\" \/><\/figure>\n<\/figure>\n\n\n\n<p><strong><em>About the Foundation Football: an NGO with a global impact\u00a0<\/em>\u00a0<\/strong><\/p>\n\n\n\n<p>Football is an international organization present in <strong>7 countries on 3 continents<\/strong> and with more than<strong> 17 years of experience<\/strong> working with more than <strong>170,000 children, girls and young people.<\/strong> The methodology of socio-educational uses sport as a tool of development, well-being and inclusion.&nbsp;&nbsp;<\/p>\n\n\n\n<p>In Spain, the organization has a presence in<strong> Basque country, Navarra, Madrid and Andalusia,<\/strong> developing<strong> 15 projects that impact nearly 10,000 people<\/strong> in areas such as mental health, inclusion of migrants and refugees, gender equality and coexistence education.&nbsp;<\/p>\n\n\n\n<p><strong><em>Conclusion: A joint commitment<\/em>\u00a0<\/strong><\/p>\n\n\n\n<p>The I Conference on Children and Youth, Mental Health and Sport made it clear that mental health is a shared responsibility. From institutions to communities, <strong>the well-being of children and youth requires a structural approach and preventive, where the sport can -and should - be a tool of intervention and social transformation.<\/strong> The Foundation Football Spain reaffirms its commitment to the promotion of emotional well-being through sport, to promote initiatives that create real impact in the society.&nbsp;<\/p>","protected":false},"excerpt":{"rendered":"<p>Madrid, 31 de marzo de 2025 \u2013 Este lunes, el Palacio del Senado fue escenario de la I Conferencia Infancia y Juventud, [&hellip;]<\/p>\n","protected":false},"author":11,"featured_media":49290,"comment_status":"open","ping_status":"open","sticky":false,"template":"","format":"standard","meta":{"_acf_changed":false,"footnotes":""},"categories":[535,12],"tags":[46,317,420,43,94,48,213,58],"class_list":["post-49289","post","type-post","status-publish","format-standard","has-post-thumbnail","hentry","category-destacada","category-espana","tag-deporte","tag-deporte-para-el-desarrollo","tag-espana","tag-fundacion-futbol-mas","tag-futbol-mas","tag-infancia","tag-juventud","tag-salud-mental"],"acf":[],"_links":{"self":[{"href":"https:\/\/futbolmas.org\/en\/wp-json\/wp\/v2\/posts\/49289","targetHints":{"allow":["GET"]}}],"collection":[{"href":"https:\/\/futbolmas.org\/en\/wp-json\/wp\/v2\/posts"}],"about":[{"href":"https:\/\/futbolmas.org\/en\/wp-json\/wp\/v2\/types\/post"}],"author":[{"embeddable":true,"href":"https:\/\/futbolmas.org\/en\/wp-json\/wp\/v2\/users\/11"}],"replies":[{"embeddable":true,"href":"https:\/\/futbolmas.org\/en\/wp-json\/wp\/v2\/comments?post=49289"}],"version-history":[{"count":0,"href":"https:\/\/futbolmas.org\/en\/wp-json\/wp\/v2\/posts\/49289\/revisions"}],"wp:featuredmedia":[{"embeddable":true,"href":"https:\/\/futbolmas.org\/en\/wp-json\/wp\/v2\/media\/49290"}],"wp:attachment":[{"href":"https:\/\/futbolmas.org\/en\/wp-json\/wp\/v2\/media?parent=49289"}],"wp:term":[{"taxonomy":"category","embeddable":true,"href":"https:\/\/futbolmas.org\/en\/wp-json\/wp\/v2\/categories?post=49289"},{"taxonomy":"post_tag","embeddable":true,"href":"https:\/\/futbolmas.org\/en\/wp-json\/wp\/v2\/tags?post=49289"}],"curies":[{"name":"wp","href":"https:\/\/api.w.org\/{rel}","templated":true}]}}