{"id":48843,"date":"2024-11-18T11:21:41","date_gmt":"2024-11-18T14:21:41","guid":{"rendered":"https:\/\/futbolmas.org\/?p=48843"},"modified":"2024-11-18T11:32:42","modified_gmt":"2024-11-18T14:32:42","slug":"futbol-mas-participa-en-la-conferencia-moving-people-moving-europe-organizada-por-isca-en-eslovenia","status":"publish","type":"post","link":"https:\/\/futbolmas.org\/en\/futbol-mas-participa-en-la-conferencia-moving-people-moving-europe-organizada-por-isca-en-eslovenia\/","title":{"rendered":"F\u00fatbol M\u00e1s participa en la conferencia \u00abMoving People \u2013 Moving Europe\u00bb organizada por ISCA en Eslovenia\u00a0"},"content":{"rendered":"<p>Del 12 al 14 de noviembre se realiz\u00f3 la conferencia Moving People \u2013 Moving Europe\u2019 en Liubliana, Eslovenia, organizada por la International Sport and Culture Association (ISCA), la Uni\u00f3n Deportiva de Eslovenia y el Instituto Nacional de Salud P\u00fablica. Este evento reuni\u00f3 a m\u00e1s de 100 organizaciones l\u00edderes en proyectos financiados por la Uni\u00f3n Europea, que promueven el deporte como herramienta de inclusi\u00f3n social, salud y bienestar.&nbsp;<\/p>\n\n\n\n<p>Como participante del proyecto m\u00e1s grande de Erasmus+ en t\u00e9rminos de cantidad de socios (con m\u00e1s de 30 partners a nivel global), F\u00fatbol M\u00e1s destac\u00f3 el uso del deporte como motor de inclusi\u00f3n para poblaci\u00f3n refugiada. Durante los d\u00edas previos, la organizaci\u00f3n particip\u00f3 en reuniones clave como parte de su involucramiento en diversas iniciativas, entre ellas Icehearts y el proyecto Global Inclusion of Refugees Through Sports (IRTS).&nbsp;&nbsp;<\/p>\n\n\n\n<p>F\u00fatbol M\u00e1s Espa\u00f1a se sum\u00f3 a la jornada de Icehearts, donde se expusieron avances en la integraci\u00f3n a trav\u00e9s del deporte para j\u00f3venes en situaci\u00f3n de vulnerabilidad. A nivel global, F\u00fatbol M\u00e1s form\u00f3 parte del d\u00eda de proyecto de IRTS, colaborando con otras 30 organizaciones para abordar la inclusi\u00f3n de refugiados mediante el deporte. Virginia Abara, directora global de alianzas de F\u00fatbol M\u00e1s, coment\u00f3: \u201cLa jornada de IRTS fue muy positiva porque se lograron acuerdos estrat\u00e9gicos para posicionar el deporte como un medio de inclusi\u00f3n para la poblaci\u00f3n refugiada, generando incidencia y evidencia cient\u00edfica\u201d.&nbsp;<\/p>\n\n\n\n<figure class=\"wp-block-gallery has-nested-images columns-default is-cropped wp-block-gallery-1 is-layout-flex wp-block-gallery-is-layout-flex\">\n<figure class=\"wp-block-image size-large\"><img loading=\"lazy\" decoding=\"async\" width=\"681\" height=\"1024\" data-id=\"48847\" src=\"https:\/\/futbolmas.org\/wp-content\/uploads\/2024\/11\/Imagen-de-WhatsApp-2024-11-18-a-las-10.44.36_7d742214-681x1024.jpg\" alt=\"\" class=\"wp-image-48847\" srcset=\"https:\/\/futbolmas.org\/wp-content\/uploads\/2024\/11\/Imagen-de-WhatsApp-2024-11-18-a-las-10.44.36_7d742214-681x1024.jpg 681w, https:\/\/futbolmas.org\/wp-content\/uploads\/2024\/11\/Imagen-de-WhatsApp-2024-11-18-a-las-10.44.36_7d742214-199x300.jpg 199w, https:\/\/futbolmas.org\/wp-content\/uploads\/2024\/11\/Imagen-de-WhatsApp-2024-11-18-a-las-10.44.36_7d742214-768x1155.jpg 768w, https:\/\/futbolmas.org\/wp-content\/uploads\/2024\/11\/Imagen-de-WhatsApp-2024-11-18-a-las-10.44.36_7d742214-8x12.jpg 8w, https:\/\/futbolmas.org\/wp-content\/uploads\/2024\/11\/Imagen-de-WhatsApp-2024-11-18-a-las-10.44.36_7d742214-432x650.jpg 432w, https:\/\/futbolmas.org\/wp-content\/uploads\/2024\/11\/Imagen-de-WhatsApp-2024-11-18-a-las-10.44.36_7d742214.jpg 851w\" sizes=\"auto, (max-width: 681px) 100vw, 681px\" \/><\/figure>\n\n\n\n<figure class=\"wp-block-image size-large\"><img loading=\"lazy\" decoding=\"async\" width=\"681\" height=\"1024\" data-id=\"48846\" src=\"https:\/\/futbolmas.org\/wp-content\/uploads\/2024\/11\/Imagen-de-WhatsApp-2024-11-18-a-las-10.44.36_8b287999-681x1024.jpg\" alt=\"\" class=\"wp-image-48846\" srcset=\"https:\/\/futbolmas.org\/wp-content\/uploads\/2024\/11\/Imagen-de-WhatsApp-2024-11-18-a-las-10.44.36_8b287999-681x1024.jpg 681w, https:\/\/futbolmas.org\/wp-content\/uploads\/2024\/11\/Imagen-de-WhatsApp-2024-11-18-a-las-10.44.36_8b287999-199x300.jpg 199w, https:\/\/futbolmas.org\/wp-content\/uploads\/2024\/11\/Imagen-de-WhatsApp-2024-11-18-a-las-10.44.36_8b287999-768x1155.jpg 768w, https:\/\/futbolmas.org\/wp-content\/uploads\/2024\/11\/Imagen-de-WhatsApp-2024-11-18-a-las-10.44.36_8b287999-8x12.jpg 8w, https:\/\/futbolmas.org\/wp-content\/uploads\/2024\/11\/Imagen-de-WhatsApp-2024-11-18-a-las-10.44.36_8b287999-432x650.jpg 432w, https:\/\/futbolmas.org\/wp-content\/uploads\/2024\/11\/Imagen-de-WhatsApp-2024-11-18-a-las-10.44.36_8b287999.jpg 851w\" sizes=\"auto, (max-width: 681px) 100vw, 681px\" \/><\/figure>\n\n\n\n<figure class=\"wp-block-image size-large\"><img loading=\"lazy\" decoding=\"async\" width=\"681\" height=\"1024\" data-id=\"48845\" src=\"https:\/\/futbolmas.org\/wp-content\/uploads\/2024\/11\/Imagen-de-WhatsApp-2024-11-18-a-las-10.44.36_ecdc78b1-681x1024.jpg\" alt=\"\" class=\"wp-image-48845\" srcset=\"https:\/\/futbolmas.org\/wp-content\/uploads\/2024\/11\/Imagen-de-WhatsApp-2024-11-18-a-las-10.44.36_ecdc78b1-681x1024.jpg 681w, https:\/\/futbolmas.org\/wp-content\/uploads\/2024\/11\/Imagen-de-WhatsApp-2024-11-18-a-las-10.44.36_ecdc78b1-199x300.jpg 199w, https:\/\/futbolmas.org\/wp-content\/uploads\/2024\/11\/Imagen-de-WhatsApp-2024-11-18-a-las-10.44.36_ecdc78b1-768x1155.jpg 768w, https:\/\/futbolmas.org\/wp-content\/uploads\/2024\/11\/Imagen-de-WhatsApp-2024-11-18-a-las-10.44.36_ecdc78b1-8x12.jpg 8w, https:\/\/futbolmas.org\/wp-content\/uploads\/2024\/11\/Imagen-de-WhatsApp-2024-11-18-a-las-10.44.36_ecdc78b1-432x650.jpg 432w, https:\/\/futbolmas.org\/wp-content\/uploads\/2024\/11\/Imagen-de-WhatsApp-2024-11-18-a-las-10.44.36_ecdc78b1.jpg 851w\" sizes=\"auto, (max-width: 681px) 100vw, 681px\" \/><\/figure>\n<\/figure>\n\n\n\n<p>Fot\u00f3grafo: Miha Skrt<\/p>\n\n\n\n<p>Adem\u00e1s, F\u00fatbol M\u00e1s particip\u00f3 en un taller sobre digitalizaci\u00f3n en el deporte, explorando soluciones innovadoras para mejorar diferentes procesos, desde la gesti\u00f3n de eventos hasta el seguimiento de indicadores de programas sociales. Este tipo de espacios de reflexi\u00f3n y colaboraci\u00f3n son esenciales para que F\u00fatbol M\u00e1s contin\u00fae fortaleciendo su impacto y construyendo alianzas estrat\u00e9gicas para futuros proyectos en Europa.&nbsp;<\/p>\n\n\n\n<p>Virginia Abara tambi\u00e9n destac\u00f3 la relevancia de estos encuentros para el futuro de la organizaci\u00f3n: \u201cEstas instancias son clave para generar puentes con otras organizaciones y formar consorcios s\u00f3lidos en nuevas iniciativas y promover alianzas colaborativas que promuevan la actividad f\u00edsica y el deporte\u201d.&nbsp;<\/p>\n\n\n\n<blockquote class=\"instagram-media\" data-instgrm-captioned data-instgrm-permalink=\"https:\/\/www.instagram.com\/reel\/DCaHiQPSdUn\/?utm_source=ig_embed&amp;utm_campaign=loading\" data-instgrm-version=\"14\" style=\" background:#FFF; border:0; border-radius:3px; box-shadow:0 0 1px 0 rgba(0,0,0,0.5),0 1px 10px 0 rgba(0,0,0,0.15); margin: 1px; max-width:540px; min-width:326px; padding:0; width:99.375%; width:-webkit-calc(100% - 2px); width:calc(100% - 2px);\"><div style=\"padding:16px;\"> <a href=\"https:\/\/www.instagram.com\/reel\/DCaHiQPSdUn\/?utm_source=ig_embed&amp;utm_campaign=loading\" style=\" background:#FFFFFF; line-height:0; padding:0 0; text-align:center; text-decoration:none; width:100%;\" target=\"_blank\" rel=\"nofollow noopener\"> <div style=\" display: flex; flex-direction: row; align-items: center;\"> <div style=\"background-color: #F4F4F4; border-radius: 50%; flex-grow: 0; height: 40px; margin-right: 14px; width: 40px;\"><\/div> <div style=\"display: flex; flex-direction: column; flex-grow: 1; justify-content: center;\"> <div style=\" background-color: #F4F4F4; border-radius: 4px; flex-grow: 0; height: 14px; margin-bottom: 6px; width: 100px;\"><\/div> <div style=\" background-color: #F4F4F4; border-radius: 4px; flex-grow: 0; height: 14px; width: 60px;\"><\/div><\/div><\/div><div style=\"padding: 19% 0;\"><\/div> <div style=\"display:block; height:50px; margin:0 auto 12px; width:50px;\"><svg width=\"50px\" height=\"50px\" viewbox=\"0 0 60 60\" version=\"1.1\" xmlns=\"https:\/\/www.w3.org\/2000\/svg\" xmlns:xlink=\"https:\/\/www.w3.org\/1999\/xlink\"><g stroke=\"none\" stroke-width=\"1\" fill=\"none\" fill-rule=\"evenodd\"><g transform=\"translate(-511.000000, -20.000000)\" fill=\"#000000\"><g><path d=\"M556.869,30.41 C554.814,30.41 553.148,32.076 553.148,34.131 C553.148,36.186 554.814,37.852 556.869,37.852 C558.924,37.852 560.59,36.186 560.59,34.131 C560.59,32.076 558.924,30.41 556.869,30.41 M541,60.657 C535.114,60.657 530.342,55.887 530.342,50 C530.342,44.114 535.114,39.342 541,39.342 C546.887,39.342 551.658,44.114 551.658,50 C551.658,55.887 546.887,60.657 541,60.657 M541,33.886 C532.1,33.886 524.886,41.1 524.886,50 C524.886,58.899 532.1,66.113 541,66.113 C549.9,66.113 557.115,58.899 557.115,50 C557.115,41.1 549.9,33.886 541,33.886 M565.378,62.101 C565.244,65.022 564.756,66.606 564.346,67.663 C563.803,69.06 563.154,70.057 562.106,71.106 C561.058,72.155 560.06,72.803 558.662,73.347 C557.607,73.757 556.021,74.244 553.102,74.378 C549.944,74.521 548.997,74.552 541,74.552 C533.003,74.552 532.056,74.521 528.898,74.378 C525.979,74.244 524.393,73.757 523.338,73.347 C521.94,72.803 520.942,72.155 519.894,71.106 C518.846,70.057 518.197,69.06 517.654,67.663 C517.244,66.606 516.755,65.022 516.623,62.101 C516.479,58.943 516.448,57.996 516.448,50 C516.448,42.003 516.479,41.056 516.623,37.899 C516.755,34.978 517.244,33.391 517.654,32.338 C518.197,30.938 518.846,29.942 519.894,28.894 C520.942,27.846 521.94,27.196 523.338,26.654 C524.393,26.244 525.979,25.756 528.898,25.623 C532.057,25.479 533.004,25.448 541,25.448 C548.997,25.448 549.943,25.479 553.102,25.623 C556.021,25.756 557.607,26.244 558.662,26.654 C560.06,27.196 561.058,27.846 562.106,28.894 C563.154,29.942 563.803,30.938 564.346,32.338 C564.756,33.391 565.244,34.978 565.378,37.899 C565.522,41.056 565.552,42.003 565.552,50 C565.552,57.996 565.522,58.943 565.378,62.101 M570.82,37.631 C570.674,34.438 570.167,32.258 569.425,30.349 C568.659,28.377 567.633,26.702 565.965,25.035 C564.297,23.368 562.623,22.342 560.652,21.575 C558.743,20.834 556.562,20.326 553.369,20.18 C550.169,20.033 549.148,20 541,20 C532.853,20 531.831,20.033 528.631,20.18 C525.438,20.326 523.257,20.834 521.349,21.575 C519.376,22.342 517.703,23.368 516.035,25.035 C514.368,26.702 513.342,28.377 512.574,30.349 C511.834,32.258 511.326,34.438 511.181,37.631 C511.035,40.831 511,41.851 511,50 C511,58.147 511.035,59.17 511.181,62.369 C511.326,65.562 511.834,67.743 512.574,69.651 C513.342,71.625 514.368,73.296 516.035,74.965 C517.703,76.634 519.376,77.658 521.349,78.425 C523.257,79.167 525.438,79.673 528.631,79.82 C531.831,79.965 532.853,80.001 541,80.001 C549.148,80.001 550.169,79.965 553.369,79.82 C556.562,79.673 558.743,79.167 560.652,78.425 C562.623,77.658 564.297,76.634 565.965,74.965 C567.633,73.296 568.659,71.625 569.425,69.651 C570.167,67.743 570.674,65.562 570.82,62.369 C570.966,59.17 571,58.147 571,50 C571,41.851 570.966,40.831 570.82,37.631\"><\/path><\/g><\/g><\/g><\/svg><\/div><div style=\"padding-top: 8px;\"> <div style=\" color:#3897f0; font-family:Arial,sans-serif; font-size:14px; font-style:normal; font-weight:550; line-height:18px;\">Ver esta publicaci\u00f3n en Instagram<\/div><\/div><div style=\"padding: 12.5% 0;\"><\/div> <div style=\"display: flex; flex-direction: row; margin-bottom: 14px; align-items: center;\"><div> <div style=\"background-color: #F4F4F4; border-radius: 50%; height: 12.5px; width: 12.5px; transform: translateX(0px) translateY(7px);\"><\/div> <div style=\"background-color: #F4F4F4; height: 12.5px; transform: rotate(-45deg) translateX(3px) translateY(1px); width: 12.5px; flex-grow: 0; margin-right: 14px; margin-left: 2px;\"><\/div> <div style=\"background-color: #F4F4F4; border-radius: 50%; height: 12.5px; width: 12.5px; transform: translateX(9px) translateY(-18px);\"><\/div><\/div><div style=\"margin-left: 8px;\"> <div style=\" background-color: #F4F4F4; border-radius: 50%; flex-grow: 0; height: 20px; width: 20px;\"><\/div> <div style=\" width: 0; height: 0; border-top: 2px solid transparent; border-left: 6px solid #f4f4f4; border-bottom: 2px solid transparent; transform: translateX(16px) translateY(-4px) rotate(30deg)\"><\/div><\/div><div style=\"margin-left: auto;\"> <div style=\" width: 0px; border-top: 8px solid #F4F4F4; border-right: 8px solid transparent; transform: translateY(16px);\"><\/div> <div style=\" background-color: #F4F4F4; flex-grow: 0; height: 12px; width: 16px; transform: translateY(-4px);\"><\/div> <div style=\" width: 0; height: 0; border-top: 8px solid #F4F4F4; border-left: 8px solid transparent; transform: translateY(-4px) translateX(8px);\"><\/div><\/div><\/div> <div style=\"display: flex; flex-direction: column; flex-grow: 1; justify-content: center; margin-bottom: 24px;\"> <div style=\" background-color: #F4F4F4; border-radius: 4px; flex-grow: 0; height: 14px; margin-bottom: 6px; width: 224px;\"><\/div> <div style=\" background-color: #F4F4F4; border-radius: 4px; flex-grow: 0; height: 14px; width: 144px;\"><\/div><\/div><\/a><p style=\" color:#c9c8cd; font-family:Arial,sans-serif; font-size:14px; line-height:17px; margin-bottom:0; margin-top:8px; overflow:hidden; padding:8px 0 7px; text-align:center; text-overflow:ellipsis; white-space:nowrap;\"><a href=\"https:\/\/www.instagram.com\/reel\/DCaHiQPSdUn\/?utm_source=ig_embed&amp;utm_campaign=loading\" style=\" color:#c9c8cd; font-family:Arial,sans-serif; font-size:14px; font-style:normal; font-weight:normal; line-height:17px; text-decoration:none;\" target=\"_blank\" rel=\"nofollow noopener\">Una publicaci\u00f3n compartida de F\u00fatbol M\u00e1s (@futbolmasorg)<\/a><\/p><\/div><\/blockquote>\n<script async src=\"\/\/www.instagram.com\/embed.js\"><\/script>\n\n\n\n<p>El evento, apoyado por la Comisi\u00f3n Europea, brind\u00f3 un espacio privilegiado para que las organizaciones intercambiaran experiencias y desarrollaran nuevas estrategias que promuevan estilos de vida saludables e inclusivos a trav\u00e9s del deporte, reforzando el compromiso de ISCA y sus socios en construir comunidades m\u00e1s activas y cohesionadas.&nbsp;&nbsp;<\/p>\n\n\n\n<p>Para m\u00e1s informaci\u00f3n sobre la participaci\u00f3n de F\u00fatbol M\u00e1s en estas iniciativas, visite (<a href=\"https:\/\/www.isca.org\/\" target=\"_blank\" rel=\"noreferrer noopener nofollow\">https:\/\/www.isca.org<\/a>).&nbsp;<\/p>\n\n\n\n<p><\/p>","protected":false},"excerpt":{"rendered":"<p>Del 12 al 14 de noviembre se realiz\u00f3 la conferencia Moving People \u2013 Moving Europe\u2019 en Liubliana, Eslovenia, organizada por la International [&hellip;]<\/p>\n","protected":false},"author":11,"featured_media":48844,"comment_status":"closed","ping_status":"open","sticky":false,"template":"","format":"standard","meta":{"_acf_changed":false,"footnotes":""},"categories":[535,536],"tags":[46,317,668,94,48,669,670],"class_list":["post-48843","post","type-post","status-publish","format-standard","has-post-thumbnail","hentry","category-destacada","category-global","tag-deporte","tag-deporte-para-el-desarrollo","tag-eslovenia","tag-futbol-mas","tag-infancia","tag-isca","tag-moving-people-moving-europe"],"acf":[],"_links":{"self":[{"href":"https:\/\/futbolmas.org\/en\/wp-json\/wp\/v2\/posts\/48843","targetHints":{"allow":["GET"]}}],"collection":[{"href":"https:\/\/futbolmas.org\/en\/wp-json\/wp\/v2\/posts"}],"about":[{"href":"https:\/\/futbolmas.org\/en\/wp-json\/wp\/v2\/types\/post"}],"author":[{"embeddable":true,"href":"https:\/\/futbolmas.org\/en\/wp-json\/wp\/v2\/users\/11"}],"replies":[{"embeddable":true,"href":"https:\/\/futbolmas.org\/en\/wp-json\/wp\/v2\/comments?post=48843"}],"version-history":[{"count":0,"href":"https:\/\/futbolmas.org\/en\/wp-json\/wp\/v2\/posts\/48843\/revisions"}],"wp:featuredmedia":[{"embeddable":true,"href":"https:\/\/futbolmas.org\/en\/wp-json\/wp\/v2\/media\/48844"}],"wp:attachment":[{"href":"https:\/\/futbolmas.org\/en\/wp-json\/wp\/v2\/media?parent=48843"}],"wp:term":[{"taxonomy":"category","embeddable":true,"href":"https:\/\/futbolmas.org\/en\/wp-json\/wp\/v2\/categories?post=48843"},{"taxonomy":"post_tag","embeddable":true,"href":"https:\/\/futbolmas.org\/en\/wp-json\/wp\/v2\/tags?post=48843"}],"curies":[{"name":"wp","href":"https:\/\/api.w.org\/{rel}","templated":true}]}}