{"id":48828,"date":"2024-11-12T15:52:17","date_gmt":"2024-11-12T18:52:17","guid":{"rendered":"https:\/\/futbolmas.org\/?p=48828"},"modified":"2024-11-12T15:52:18","modified_gmt":"2024-11-12T18:52:18","slug":"reinicio-de-programas-y-formaciones-para-jovenes-lideres-un-mes-de-noviembre-muy-activo-para-futbol-mas-en-francia","status":"publish","type":"post","link":"https:\/\/futbolmas.org\/en\/reinicio-de-programas-y-formaciones-para-jovenes-lideres-un-mes-de-noviembre-muy-activo-para-futbol-mas-en-francia\/","title":{"rendered":"Reinicio de programas y formaciones para j\u00f3venes l\u00edderes: un mes de noviembre muy activo para F\u00fatbol M\u00e1s en Francia"},"content":{"rendered":"<p>Este mes, F\u00fatbol M\u00e1s Francia ha reactivado varios ejes de acci\u00f3n esenciales para el desarrollo de los programas que se realizan en Par\u00eds. Tras un a\u00f1o marcado por los Juegos Ol\u00edmpicos en la capital francesa \u2014 un evento que, m\u00e1s all\u00e1 de la celebraci\u00f3n deportiva, represent\u00f3 una gran oportunidad para F\u00fatbol M\u00e1s de destacar el papel del deporte para el desarrollo como herramienta de promoci\u00f3n de competencias para una vida saludable en ni\u00f1os, j\u00f3venes y sus comunidades \u2014 la organizaci\u00f3n contin\u00faa trabajando para lograr un impacto social sostenible en ni\u00f1as, ni\u00f1os y j\u00f3venes.<\/p>\n\n\n\n<p>Uno de los pilares fundamentales del programa de F\u00fatbol M\u00e1s en Francia es la formaci\u00f3n de j\u00f3venes l\u00edderes. Este mes, un grupo de 12 beneficiarios\/as particip\u00f3 en sesiones de capacitaci\u00f3n dentro del programa \u00ab<a href=\"https:\/\/olympics.com\/en\/olympic-refuge-foundation\/programmes\/france-terrains-d-avenir\" rel=\"nofollow noopener\" target=\"_blank\"><strong>Terrain d\u2019Avenir<\/strong><\/a>\u00ab, una iniciativa implementada desde hace tres a\u00f1os en Par\u00eds bajo la coordinaci\u00f3n del Comit\u00e9 Ol\u00edmpico de los Refugiados, y que finalizar\u00e1 en 2024. Este programa tiene como objetivo promover habilidades para la vida en j\u00f3venes refugiados a trav\u00e9s de sesiones sociodeportivas dirigidas por F\u00fatbol M\u00e1s, en colaboraci\u00f3n con otras cinco organizaciones: PLAY International, Kabubu, Ovale Citoyen, Emma\u00fcs Solidarit\u00e9 y Taekwondo Humanitarian Foundation.<\/p>\n\n\n\n<figure class=\"wp-block-gallery has-nested-images columns-default is-cropped wp-block-gallery-1 is-layout-flex wp-block-gallery-is-layout-flex\">\n<figure class=\"wp-block-image size-large\"><img loading=\"lazy\" decoding=\"async\" width=\"822\" height=\"822\" data-id=\"48830\" src=\"https:\/\/futbolmas.org\/wp-content\/uploads\/2024\/11\/Imagen-de-WhatsApp-2024-11-12-a-las-15.30.23_032b271b.jpg\" alt=\"\" class=\"wp-image-48830\" srcset=\"https:\/\/futbolmas.org\/wp-content\/uploads\/2024\/11\/Imagen-de-WhatsApp-2024-11-12-a-las-15.30.23_032b271b.jpg 822w, https:\/\/futbolmas.org\/wp-content\/uploads\/2024\/11\/Imagen-de-WhatsApp-2024-11-12-a-las-15.30.23_032b271b-300x300.jpg 300w, https:\/\/futbolmas.org\/wp-content\/uploads\/2024\/11\/Imagen-de-WhatsApp-2024-11-12-a-las-15.30.23_032b271b-150x150.jpg 150w, https:\/\/futbolmas.org\/wp-content\/uploads\/2024\/11\/Imagen-de-WhatsApp-2024-11-12-a-las-15.30.23_032b271b-768x768.jpg 768w, https:\/\/futbolmas.org\/wp-content\/uploads\/2024\/11\/Imagen-de-WhatsApp-2024-11-12-a-las-15.30.23_032b271b-12x12.jpg 12w, https:\/\/futbolmas.org\/wp-content\/uploads\/2024\/11\/Imagen-de-WhatsApp-2024-11-12-a-las-15.30.23_032b271b-650x650.jpg 650w\" sizes=\"auto, (max-width: 822px) 100vw, 822px\" \/><\/figure>\n\n\n\n<figure class=\"wp-block-image size-large\"><img loading=\"lazy\" decoding=\"async\" width=\"960\" height=\"960\" data-id=\"48831\" src=\"https:\/\/futbolmas.org\/wp-content\/uploads\/2024\/11\/Imagen-de-WhatsApp-2024-11-12-a-las-15.30.22_21fec797.jpg\" alt=\"\" class=\"wp-image-48831\" srcset=\"https:\/\/futbolmas.org\/wp-content\/uploads\/2024\/11\/Imagen-de-WhatsApp-2024-11-12-a-las-15.30.22_21fec797.jpg 960w, https:\/\/futbolmas.org\/wp-content\/uploads\/2024\/11\/Imagen-de-WhatsApp-2024-11-12-a-las-15.30.22_21fec797-300x300.jpg 300w, https:\/\/futbolmas.org\/wp-content\/uploads\/2024\/11\/Imagen-de-WhatsApp-2024-11-12-a-las-15.30.22_21fec797-150x150.jpg 150w, https:\/\/futbolmas.org\/wp-content\/uploads\/2024\/11\/Imagen-de-WhatsApp-2024-11-12-a-las-15.30.22_21fec797-768x768.jpg 768w, https:\/\/futbolmas.org\/wp-content\/uploads\/2024\/11\/Imagen-de-WhatsApp-2024-11-12-a-las-15.30.22_21fec797-12x12.jpg 12w, https:\/\/futbolmas.org\/wp-content\/uploads\/2024\/11\/Imagen-de-WhatsApp-2024-11-12-a-las-15.30.22_21fec797-650x650.jpg 650w\" sizes=\"auto, (max-width: 960px) 100vw, 960px\" \/><\/figure>\n<\/figure>\n\n\n\n<p>En esta etapa, el programa se centra en la capacitaci\u00f3n de los clubes deportivos para que puedan integrar a personas refugiadas en sus actividades regulares. Adem\u00e1s de los m\u00f3dulos de formaci\u00f3n, se han creado espacios de transferencia de competencias para los 12 j\u00f3venes l\u00edderes que han mostrado mayor inter\u00e9s y motivaci\u00f3n a lo largo del proceso. Estos j\u00f3venes han asistido a los tutores de F\u00fatbol M\u00e1s en la implementaci\u00f3n de las sesiones, lo que refuerza su aprendizaje pr\u00e1ctico.<\/p>\n\n\n\n<p>\u00abHemos podido verlos en acci\u00f3n, ya que les pedimos que dirigieran una sesi\u00f3n sociodeportiva utilizando los ejercicios que ellos mismos hab\u00edan planificado. Para concluir la formaci\u00f3n, organizamos una visita al Parque de los Pr\u00edncipes como recompensa, y para reforzar el sentido de pertenencia entre los j\u00f3venes l\u00edderes. Esta formaci\u00f3n les permite adquirir habilidades \u00fatiles para su desarrollo personal, y esperamos contar con ellos en el futuro para transmitir este compromiso en el terreno\u00bb, explica Maxime Pigeon, responsable de seguimiento y evaluaci\u00f3n en F\u00fatbol M\u00e1s Francia.<\/p>\n\n\n\n<p>Otra gran novedad de este mes de noviembre es el reinicio del programa <a href=\"https:\/\/nocnsf.nl\/nieuws\/2022\/05\/met-district-spots-nieuwe-lokale-sport-en-ontmoetingsplekken-voor-en-door-jongeren-van-start\" rel=\"nofollow noopener\" target=\"_blank\">\u2018<strong>District Spot<\/strong>\u2019,<\/a> una iniciativa apoyada por el Comit\u00e9 Ol\u00edmpico Neerland\u00e9s, H&amp;M, Laureus y la Fundaci\u00f3n Hypocr\u00e8ne, que busca ofrecer a las j\u00f3venes de los distritos 18 y 19 de Par\u00eds la posibilidad de participar en actividades deportivas regulares en un entorno seguro.<\/p>\n\n\n\n<p>\u00abEsperamos que esta segunda edici\u00f3n del programa tenga el mismo \u00e9xito que la anterior, con un grupo unido de chicas que participen regularmente en las sesiones y actividades culturales y deportivas que organizamos para ellas\u00bb, a\u00f1ade Maxime.<\/p>\n\n\n\n<figure class=\"wp-block-gallery has-nested-images columns-default is-cropped wp-block-gallery-2 is-layout-flex wp-block-gallery-is-layout-flex\">\n<figure class=\"wp-block-image size-large\"><img loading=\"lazy\" decoding=\"async\" width=\"960\" height=\"960\" data-id=\"48832\" src=\"https:\/\/futbolmas.org\/wp-content\/uploads\/2024\/11\/Imagen-de-WhatsApp-2024-11-12-a-las-15.30.23_4eb2f6ad.jpg\" alt=\"\" class=\"wp-image-48832\" srcset=\"https:\/\/futbolmas.org\/wp-content\/uploads\/2024\/11\/Imagen-de-WhatsApp-2024-11-12-a-las-15.30.23_4eb2f6ad.jpg 960w, https:\/\/futbolmas.org\/wp-content\/uploads\/2024\/11\/Imagen-de-WhatsApp-2024-11-12-a-las-15.30.23_4eb2f6ad-300x300.jpg 300w, https:\/\/futbolmas.org\/wp-content\/uploads\/2024\/11\/Imagen-de-WhatsApp-2024-11-12-a-las-15.30.23_4eb2f6ad-150x150.jpg 150w, https:\/\/futbolmas.org\/wp-content\/uploads\/2024\/11\/Imagen-de-WhatsApp-2024-11-12-a-las-15.30.23_4eb2f6ad-768x768.jpg 768w, https:\/\/futbolmas.org\/wp-content\/uploads\/2024\/11\/Imagen-de-WhatsApp-2024-11-12-a-las-15.30.23_4eb2f6ad-12x12.jpg 12w, https:\/\/futbolmas.org\/wp-content\/uploads\/2024\/11\/Imagen-de-WhatsApp-2024-11-12-a-las-15.30.23_4eb2f6ad-650x650.jpg 650w\" sizes=\"auto, (max-width: 960px) 100vw, 960px\" \/><\/figure>\n<\/figure>\n\n\n\n<p>Una de las participantes comparti\u00f3 su experiencia sobre el impacto del programa: \u00abSe trata de permitir que chicas j\u00f3venes, a menudo marginadas en el \u00e1mbito deportivo, puedan practicar una actividad f\u00edsica. Personalmente, cuando dej\u00e9 mi antiguo club, ya no ten\u00eda ganas de hacer deporte, me hab\u00eda aburrido claramente. Pero ahora, con District Spot, realmente te dan ganas de moverte. Nos divertimos, incluso hacemos salidas; es una gran oportunidad\u00bb.<\/p>\n\n\n\n<p>Conoce m\u00e1s en <a href=\"http:\/\/fr.futbolmas.org\">fr.futbolmas.org<\/a><\/p>","protected":false},"excerpt":{"rendered":"<p>Este mes, F\u00fatbol M\u00e1s Francia ha reactivado varios ejes de acci\u00f3n esenciales para el desarrollo de los programas que se realizan en [&hellip;]<\/p>\n","protected":false},"author":11,"featured_media":48829,"comment_status":"closed","ping_status":"open","sticky":false,"template":"","format":"standard","meta":{"_acf_changed":false,"footnotes":""},"categories":[538],"tags":[46,317,558,344,43,94,48,665,666],"class_list":["post-48828","post","type-post","status-publish","format-standard","has-post-thumbnail","hentry","category-francia","tag-deporte","tag-deporte-para-el-desarrollo","tag-district-spot","tag-francia","tag-fundacion-futbol-mas","tag-futbol-mas","tag-infancia","tag-paris-2","tag-terrain-d-avenir"],"acf":[],"_links":{"self":[{"href":"https:\/\/futbolmas.org\/en\/wp-json\/wp\/v2\/posts\/48828","targetHints":{"allow":["GET"]}}],"collection":[{"href":"https:\/\/futbolmas.org\/en\/wp-json\/wp\/v2\/posts"}],"about":[{"href":"https:\/\/futbolmas.org\/en\/wp-json\/wp\/v2\/types\/post"}],"author":[{"embeddable":true,"href":"https:\/\/futbolmas.org\/en\/wp-json\/wp\/v2\/users\/11"}],"replies":[{"embeddable":true,"href":"https:\/\/futbolmas.org\/en\/wp-json\/wp\/v2\/comments?post=48828"}],"version-history":[{"count":0,"href":"https:\/\/futbolmas.org\/en\/wp-json\/wp\/v2\/posts\/48828\/revisions"}],"wp:featuredmedia":[{"embeddable":true,"href":"https:\/\/futbolmas.org\/en\/wp-json\/wp\/v2\/media\/48829"}],"wp:attachment":[{"href":"https:\/\/futbolmas.org\/en\/wp-json\/wp\/v2\/media?parent=48828"}],"wp:term":[{"taxonomy":"category","embeddable":true,"href":"https:\/\/futbolmas.org\/en\/wp-json\/wp\/v2\/categories?post=48828"},{"taxonomy":"post_tag","embeddable":true,"href":"https:\/\/futbolmas.org\/en\/wp-json\/wp\/v2\/tags?post=48828"}],"curies":[{"name":"wp","href":"https:\/\/api.w.org\/{rel}","templated":true}]}}