{"id":48732,"date":"2024-09-30T10:58:28","date_gmt":"2024-09-30T13:58:28","guid":{"rendered":"https:\/\/futbolmas.org\/?p=48732"},"modified":"2024-09-30T10:58:30","modified_gmt":"2024-09-30T13:58:30","slug":"sevilla-acoge-la-conferencia-icehearts-europe-de-promocion-de-salud-mental-de-la-juventud-a-traves-del-deporte","status":"publish","type":"post","link":"https:\/\/futbolmas.org\/en\/sevilla-acoge-la-conferencia-icehearts-europe-de-promocion-de-salud-mental-de-la-juventud-a-traves-del-deporte\/","title":{"rendered":"Sevilla acoge la Conferencia Icehearts Europe, de Promoci\u00f3n de Salud Mental de la Juventud a trav\u00e9s del Deporte"},"content":{"rendered":"<p>se ha celebrado en el Ayuntamiento de Sevilla la\u00a0<em>Conferencia Icehearts Europe: Promoci\u00f3n de la Salud Mental de la Juventud a trav\u00e9s del Deporte<\/em>, organizada por la Fundaci\u00f3n F\u00fatbol M\u00e1s Espa\u00f1a, con la colaboraci\u00f3n de la Fundaci\u00f3n Real Betis Balompi\u00e9, la Universidad de Sevilla, Kunina Consulting y el propio Ayuntamiento de Sevilla. La conferencia ha comenzado con una bienvenida y apertura institucional a cargo de Mar\u00eda S\u00e1nchez Ortiz del Ayuntamiento de Sevilla y Aitor Hern\u00e1ndez, director ejecutivo de F\u00fatbol M\u00e1s Espa\u00f1a.<\/p>\n\n\n\n<p>A continuaci\u00f3n, se ha presentado el Proyecto\u00a0<a href=\"https:\/\/www.icehearts.eu\/\" target=\"_blank\" rel=\"noreferrer noopener nofollow\">Icehearts Europe<\/a>\u00a0, una iniciativa que tiene como objetivo promover el bienestar f\u00edsico y mental, fomentar las habilidades sociales y emocionales y prevenir la exclusi\u00f3n social de ni\u00f1os, ni\u00f1as y j\u00f3venes a trav\u00e9s del deporte y mediante el acompa\u00f1amiento. Este proyecto est\u00e1 co-financiado por el programa EU4HEALTH de la Comisi\u00f3n Europea y en octubre se comenzar\u00e1 a implementar en Espa\u00f1a por F\u00fatbol M\u00e1s, en colaboraci\u00f3n con la Fundaci\u00f3n Real Betis Balompi\u00e9 y la Universidad de Sevilla en Sevilla; y con la Asociaci\u00f3n La Torre de Hortaleza en Madrid.<\/p>\n\n\n\n<blockquote class=\"instagram-media\" data-instgrm-captioned data-instgrm-permalink=\"https:\/\/www.instagram.com\/reel\/DAaY0dGOg0V\/?utm_source=ig_embed&amp;utm_campaign=loading\" data-instgrm-version=\"14\" style=\" background:#FFF; border:0; border-radius:3px; box-shadow:0 0 1px 0 rgba(0,0,0,0.5),0 1px 10px 0 rgba(0,0,0,0.15); margin: 1px; max-width:540px; min-width:326px; padding:0; width:99.375%; width:-webkit-calc(100% - 2px); width:calc(100% - 2px);\"><div style=\"padding:16px;\"> <a href=\"https:\/\/www.instagram.com\/reel\/DAaY0dGOg0V\/?utm_source=ig_embed&amp;utm_campaign=loading\" style=\" background:#FFFFFF; line-height:0; padding:0 0; text-align:center; text-decoration:none; width:100%;\" target=\"_blank\" rel=\"noopener nofollow\"> <div style=\" display: flex; flex-direction: row; align-items: center;\"> <div style=\"background-color: #F4F4F4; border-radius: 50%; flex-grow: 0; height: 40px; margin-right: 14px; width: 40px;\"><\/div> <div style=\"display: flex; flex-direction: column; flex-grow: 1; justify-content: center;\"> <div style=\" background-color: #F4F4F4; border-radius: 4px; flex-grow: 0; height: 14px; margin-bottom: 6px; width: 100px;\"><\/div> <div style=\" background-color: #F4F4F4; border-radius: 4px; flex-grow: 0; height: 14px; width: 60px;\"><\/div><\/div><\/div><div style=\"padding: 19% 0;\"><\/div> <div style=\"display:block; height:50px; margin:0 auto 12px; width:50px;\"><svg width=\"50px\" height=\"50px\" viewbox=\"0 0 60 60\" version=\"1.1\" xmlns=\"https:\/\/www.w3.org\/2000\/svg\" xmlns:xlink=\"https:\/\/www.w3.org\/1999\/xlink\"><g stroke=\"none\" stroke-width=\"1\" fill=\"none\" fill-rule=\"evenodd\"><g transform=\"translate(-511.000000, -20.000000)\" fill=\"#000000\"><g><path d=\"M556.869,30.41 C554.814,30.41 553.148,32.076 553.148,34.131 C553.148,36.186 554.814,37.852 556.869,37.852 C558.924,37.852 560.59,36.186 560.59,34.131 C560.59,32.076 558.924,30.41 556.869,30.41 M541,60.657 C535.114,60.657 530.342,55.887 530.342,50 C530.342,44.114 535.114,39.342 541,39.342 C546.887,39.342 551.658,44.114 551.658,50 C551.658,55.887 546.887,60.657 541,60.657 M541,33.886 C532.1,33.886 524.886,41.1 524.886,50 C524.886,58.899 532.1,66.113 541,66.113 C549.9,66.113 557.115,58.899 557.115,50 C557.115,41.1 549.9,33.886 541,33.886 M565.378,62.101 C565.244,65.022 564.756,66.606 564.346,67.663 C563.803,69.06 563.154,70.057 562.106,71.106 C561.058,72.155 560.06,72.803 558.662,73.347 C557.607,73.757 556.021,74.244 553.102,74.378 C549.944,74.521 548.997,74.552 541,74.552 C533.003,74.552 532.056,74.521 528.898,74.378 C525.979,74.244 524.393,73.757 523.338,73.347 C521.94,72.803 520.942,72.155 519.894,71.106 C518.846,70.057 518.197,69.06 517.654,67.663 C517.244,66.606 516.755,65.022 516.623,62.101 C516.479,58.943 516.448,57.996 516.448,50 C516.448,42.003 516.479,41.056 516.623,37.899 C516.755,34.978 517.244,33.391 517.654,32.338 C518.197,30.938 518.846,29.942 519.894,28.894 C520.942,27.846 521.94,27.196 523.338,26.654 C524.393,26.244 525.979,25.756 528.898,25.623 C532.057,25.479 533.004,25.448 541,25.448 C548.997,25.448 549.943,25.479 553.102,25.623 C556.021,25.756 557.607,26.244 558.662,26.654 C560.06,27.196 561.058,27.846 562.106,28.894 C563.154,29.942 563.803,30.938 564.346,32.338 C564.756,33.391 565.244,34.978 565.378,37.899 C565.522,41.056 565.552,42.003 565.552,50 C565.552,57.996 565.522,58.943 565.378,62.101 M570.82,37.631 C570.674,34.438 570.167,32.258 569.425,30.349 C568.659,28.377 567.633,26.702 565.965,25.035 C564.297,23.368 562.623,22.342 560.652,21.575 C558.743,20.834 556.562,20.326 553.369,20.18 C550.169,20.033 549.148,20 541,20 C532.853,20 531.831,20.033 528.631,20.18 C525.438,20.326 523.257,20.834 521.349,21.575 C519.376,22.342 517.703,23.368 516.035,25.035 C514.368,26.702 513.342,28.377 512.574,30.349 C511.834,32.258 511.326,34.438 511.181,37.631 C511.035,40.831 511,41.851 511,50 C511,58.147 511.035,59.17 511.181,62.369 C511.326,65.562 511.834,67.743 512.574,69.651 C513.342,71.625 514.368,73.296 516.035,74.965 C517.703,76.634 519.376,77.658 521.349,78.425 C523.257,79.167 525.438,79.673 528.631,79.82 C531.831,79.965 532.853,80.001 541,80.001 C549.148,80.001 550.169,79.965 553.369,79.82 C556.562,79.673 558.743,79.167 560.652,78.425 C562.623,77.658 564.297,76.634 565.965,74.965 C567.633,73.296 568.659,71.625 569.425,69.651 C570.167,67.743 570.674,65.562 570.82,62.369 C570.966,59.17 571,58.147 571,50 C571,41.851 570.966,40.831 570.82,37.631\"><\/path><\/g><\/g><\/g><\/svg><\/div><div style=\"padding-top: 8px;\"> <div style=\" color:#3897f0; font-family:Arial,sans-serif; font-size:14px; font-style:normal; font-weight:550; line-height:18px;\">Ver esta publicaci\u00f3n en Instagram<\/div><\/div><div style=\"padding: 12.5% 0;\"><\/div> <div style=\"display: flex; flex-direction: row; margin-bottom: 14px; align-items: center;\"><div> <div style=\"background-color: #F4F4F4; border-radius: 50%; height: 12.5px; width: 12.5px; transform: translateX(0px) translateY(7px);\"><\/div> <div style=\"background-color: #F4F4F4; height: 12.5px; transform: rotate(-45deg) translateX(3px) translateY(1px); width: 12.5px; flex-grow: 0; margin-right: 14px; margin-left: 2px;\"><\/div> <div style=\"background-color: #F4F4F4; border-radius: 50%; height: 12.5px; width: 12.5px; transform: translateX(9px) translateY(-18px);\"><\/div><\/div><div style=\"margin-left: 8px;\"> <div style=\" background-color: #F4F4F4; border-radius: 50%; flex-grow: 0; height: 20px; width: 20px;\"><\/div> <div style=\" width: 0; height: 0; border-top: 2px solid transparent; border-left: 6px solid #f4f4f4; border-bottom: 2px solid transparent; transform: translateX(16px) translateY(-4px) rotate(30deg)\"><\/div><\/div><div style=\"margin-left: auto;\"> <div style=\" width: 0px; border-top: 8px solid #F4F4F4; border-right: 8px solid transparent; transform: translateY(16px);\"><\/div> <div style=\" background-color: #F4F4F4; flex-grow: 0; height: 12px; width: 16px; transform: translateY(-4px);\"><\/div> <div style=\" width: 0; height: 0; border-top: 8px solid #F4F4F4; border-left: 8px solid transparent; transform: translateY(-4px) translateX(8px);\"><\/div><\/div><\/div> <div style=\"display: flex; flex-direction: column; flex-grow: 1; justify-content: center; margin-bottom: 24px;\"> <div style=\" background-color: #F4F4F4; border-radius: 4px; flex-grow: 0; height: 14px; margin-bottom: 6px; width: 224px;\"><\/div> <div style=\" background-color: #F4F4F4; border-radius: 4px; flex-grow: 0; height: 14px; width: 144px;\"><\/div><\/div><\/a><p style=\" color:#c9c8cd; font-family:Arial,sans-serif; font-size:14px; line-height:17px; margin-bottom:0; margin-top:8px; overflow:hidden; padding:8px 0 7px; text-align:center; text-overflow:ellipsis; white-space:nowrap;\"><a href=\"https:\/\/www.instagram.com\/reel\/DAaY0dGOg0V\/?utm_source=ig_embed&amp;utm_campaign=loading\" style=\" color:#c9c8cd; font-family:Arial,sans-serif; font-size:14px; font-style:normal; font-weight:normal; line-height:17px; text-decoration:none;\" target=\"_blank\" rel=\"noopener nofollow\">Una publicaci\u00f3n compartida de F\u00fatbol M\u00e1s Espa\u00f1a \ud83d\udc9a (@futbolmasesp)<\/a><\/p><\/div><\/blockquote>\n<script async src=\"\/\/www.instagram.com\/embed.js\"><\/script>\n\n\n\n<p>Uno de los momentos m\u00e1s destacados de la jornada ha sido la mesa redonda sobre la importancia de la mentor\u00eda social para la infancia y adolescencia vulnerable en su desarrollo y salud mental. Moderada por Celia Dom\u00ednguez, coordinadora de proyectos de F\u00fatbol M\u00e1s Espa\u00f1a, la mesa ha contado con la participaci\u00f3n de personas que trabajan en este sector, como Diego L\u00f3pez Fuentes, t\u00e9cnico sociodeportivo de la Fundaci\u00f3n Real Betis Balompi\u00e9; Jos\u00e9 Ignacio Alonso, director de Kunina Consulting; Antonio Reina Chamorro, Educador Social, Pedagogo, mediador familiar y escolar por parte\u00a0del Ayuntamiento de Sevilla; y M\u00aa Carmen Moreno Rodr\u00edguez, directora del equipo del Programa de Mentor\u00eda Escolar en el Pol\u00edgono Sur y profesora en la Universidad de Sevilla. Se han abordado temas clave como la influencia positiva del deporte en el bienestar mental de la juventud, la importancia de la mentor\u00eda en la prevenci\u00f3n de la exclusi\u00f3n social, y el papel de las instituciones en el apoyo a la juventud vulnerable. \u00a0<\/p>\n\n\n\n<figure class=\"wp-block-gallery has-nested-images columns-default is-cropped wp-block-gallery-1 is-layout-flex wp-block-gallery-is-layout-flex\">\n<figure class=\"wp-block-image size-large\"><img loading=\"lazy\" decoding=\"async\" width=\"1024\" height=\"819\" data-id=\"48734\" src=\"https:\/\/futbolmas.org\/wp-content\/uploads\/2024\/09\/WhatsApp-Image-2024-09-17-at-18.59.24-1024x819-1.jpeg\" alt=\"\" class=\"wp-image-48734\" srcset=\"https:\/\/futbolmas.org\/wp-content\/uploads\/2024\/09\/WhatsApp-Image-2024-09-17-at-18.59.24-1024x819-1.jpeg 1024w, https:\/\/futbolmas.org\/wp-content\/uploads\/2024\/09\/WhatsApp-Image-2024-09-17-at-18.59.24-1024x819-1-300x240.jpeg 300w, https:\/\/futbolmas.org\/wp-content\/uploads\/2024\/09\/WhatsApp-Image-2024-09-17-at-18.59.24-1024x819-1-768x614.jpeg 768w, https:\/\/futbolmas.org\/wp-content\/uploads\/2024\/09\/WhatsApp-Image-2024-09-17-at-18.59.24-1024x819-1-15x12.jpeg 15w, https:\/\/futbolmas.org\/wp-content\/uploads\/2024\/09\/WhatsApp-Image-2024-09-17-at-18.59.24-1024x819-1-650x520.jpeg 650w\" sizes=\"auto, (max-width: 1024px) 100vw, 1024px\" \/><\/figure>\n\n\n\n<figure class=\"wp-block-image size-large\"><img loading=\"lazy\" decoding=\"async\" width=\"1024\" height=\"819\" data-id=\"48735\" src=\"https:\/\/futbolmas.org\/wp-content\/uploads\/2024\/09\/WhatsApp-Image-2024-09-18-at-10.46.12-1-1024x819-1.jpeg\" alt=\"\" class=\"wp-image-48735\" srcset=\"https:\/\/futbolmas.org\/wp-content\/uploads\/2024\/09\/WhatsApp-Image-2024-09-18-at-10.46.12-1-1024x819-1.jpeg 1024w, https:\/\/futbolmas.org\/wp-content\/uploads\/2024\/09\/WhatsApp-Image-2024-09-18-at-10.46.12-1-1024x819-1-300x240.jpeg 300w, https:\/\/futbolmas.org\/wp-content\/uploads\/2024\/09\/WhatsApp-Image-2024-09-18-at-10.46.12-1-1024x819-1-768x614.jpeg 768w, https:\/\/futbolmas.org\/wp-content\/uploads\/2024\/09\/WhatsApp-Image-2024-09-18-at-10.46.12-1-1024x819-1-15x12.jpeg 15w, https:\/\/futbolmas.org\/wp-content\/uploads\/2024\/09\/WhatsApp-Image-2024-09-18-at-10.46.12-1-1024x819-1-650x520.jpeg 650w\" sizes=\"auto, (max-width: 1024px) 100vw, 1024px\" \/><\/figure>\n<\/figure>\n\n\n\n<p>Finalmente, se han expuesto las conclusiones de la conferencia y el proyecto, resaltando la necesidad de continuar promoviendo iniciativas y proyectos como Icehearts Europe que integran el deporte, la mentor\u00eda y el acompa\u00f1amiento para mejorar el bienestar f\u00edsico y mental y el desarrollo integral de la juventud, especialmente en contextos de vulnerabilidad.\u00a0<\/p>\n\n\n\n<p>Jos\u00e9 Luis Garc\u00eda Mart\u00edn del \u00e1rea de Gobierno de Barrios de Atenci\u00f3n Preferente, Derechos Sociales, Empleo, Familia, Igualdad y Asociaciones del Ayuntamiento de Sevilla, junto a Aitor Hern\u00e1ndez, Director Ejecutivo de F\u00fatbol M\u00e1s Espa\u00f1a, han cerrado la Conferencia Icehearts Europe reafirmando su compromiso con el bienestar y desarrollo integral de la juventud, se\u00f1alando que este proyecto es solo el comienzo de muchas m\u00e1s iniciativas conjuntas para crear comunidades m\u00e1s inclusivas y cohesionadas.\u00a0<\/p>\n\n\n\n<p>Conoce m\u00e1s en <a href=\"https:\/\/es.futbolmas.org\/\">es.futbolmas.org<\/a><\/p>","protected":false},"excerpt":{"rendered":"<p>se ha celebrado en el Ayuntamiento de Sevilla la\u00a0Conferencia Icehearts Europe: Promoci\u00f3n de la Salud Mental de la Juventud a trav\u00e9s del [&hellip;]<\/p>\n","protected":false},"author":11,"featured_media":48733,"comment_status":"closed","ping_status":"open","sticky":false,"template":"","format":"standard","meta":{"_acf_changed":false,"footnotes":""},"categories":[12],"tags":[46,317,420,94,657,48,423],"class_list":["post-48732","post","type-post","status-publish","format-standard","has-post-thumbnail","hentry","category-espana","tag-deporte","tag-deporte-para-el-desarrollo","tag-espana","tag-futbol-mas","tag-icehearts","tag-infancia","tag-sevilla"],"acf":[],"_links":{"self":[{"href":"https:\/\/futbolmas.org\/en\/wp-json\/wp\/v2\/posts\/48732","targetHints":{"allow":["GET"]}}],"collection":[{"href":"https:\/\/futbolmas.org\/en\/wp-json\/wp\/v2\/posts"}],"about":[{"href":"https:\/\/futbolmas.org\/en\/wp-json\/wp\/v2\/types\/post"}],"author":[{"embeddable":true,"href":"https:\/\/futbolmas.org\/en\/wp-json\/wp\/v2\/users\/11"}],"replies":[{"embeddable":true,"href":"https:\/\/futbolmas.org\/en\/wp-json\/wp\/v2\/comments?post=48732"}],"version-history":[{"count":0,"href":"https:\/\/futbolmas.org\/en\/wp-json\/wp\/v2\/posts\/48732\/revisions"}],"wp:featuredmedia":[{"embeddable":true,"href":"https:\/\/futbolmas.org\/en\/wp-json\/wp\/v2\/media\/48733"}],"wp:attachment":[{"href":"https:\/\/futbolmas.org\/en\/wp-json\/wp\/v2\/media?parent=48732"}],"wp:term":[{"taxonomy":"category","embeddable":true,"href":"https:\/\/futbolmas.org\/en\/wp-json\/wp\/v2\/categories?post=48732"},{"taxonomy":"post_tag","embeddable":true,"href":"https:\/\/futbolmas.org\/en\/wp-json\/wp\/v2\/tags?post=48732"}],"curies":[{"name":"wp","href":"https:\/\/api.w.org\/{rel}","templated":true}]}}