{"id":48620,"date":"2024-08-02T12:45:17","date_gmt":"2024-08-02T16:45:17","guid":{"rendered":"https:\/\/futbolmas.org\/?p=48620"},"modified":"2024-08-02T12:45:19","modified_gmt":"2024-08-02T16:45:19","slug":"los-jovenes-de-futbol-mas-los-primeros-seguidores-de-los-juegos-olimpicos","status":"publish","type":"post","link":"https:\/\/futbolmas.org\/en\/los-jovenes-de-futbol-mas-los-primeros-seguidores-de-los-juegos-olimpicos\/","title":{"rendered":"\u00a1Los j\u00f3venes de F\u00fatbol M\u00e1s, los primeros seguidores de los Juegos Ol\u00edmpicos!"},"content":{"rendered":"<p>Este verano, los ojos y las c\u00e1maras de todo el mundo est\u00e1n puestos en Par\u00eds para los Juegos Ol\u00edmpicos y Paral\u00edmpicos 2024.<\/p>\n\n\n\n<p>Estos juegos son una hermosa oportunidad para destacar el deporte en sus diferentes aspectos y acercar la pr\u00e1ctica deportiva a los ni\u00f1os y j\u00f3venes.<\/p>\n\n\n\n<p>El viernes pasado, llevamos a 8 j\u00f3venes de los programas de F\u00fatbol M\u00e1s en Par\u00eds a la Ceremonia de Apertura de los Juegos, donde pudieron vivir la experiencia del desfile de delegaciones y los diferentes espect\u00e1culos en el Sena.<\/p>\n\n\n\n<p>El mi\u00e9rcoles 31 de julio, una veintena de j\u00f3venes de nuestros programas tuvieron la oportunidad de asistir a las pruebas ol\u00edmpicas de boxeo femenino y masculino. Pudimos asistir y apoyar a Cindy Ngamba, boxeadora y abanderada de la delegaci\u00f3n del equipo ol\u00edmpico de refugiados (EOR), contra la ex campeona mundial Tamara Thibeault (Canad\u00e1). La victoria de Cindy contra esta \u00faltima la llev\u00f3 a los cuartos de final, que tendr\u00e1n lugar este domingo 4 de agosto, contra la francesa Davina Michel.<\/p>\n\n\n\n<figure class=\"wp-block-image size-large is-resized\"><img loading=\"lazy\" decoding=\"async\" width=\"1024\" height=\"695\" src=\"https:\/\/futbolmas.org\/wp-content\/uploads\/2024\/08\/Imagen2-1024x695.jpg\" alt=\"Les jeunes de F\u00fatbol M\u00e1s, premiers supporters des Jeux Olympiques\" class=\"wp-image-48617\" style=\"width:510px;height:auto\" srcset=\"https:\/\/futbolmas.org\/wp-content\/uploads\/2024\/08\/Imagen2-1024x695.jpg 1024w, https:\/\/futbolmas.org\/wp-content\/uploads\/2024\/08\/Imagen2-300x204.jpg 300w, https:\/\/futbolmas.org\/wp-content\/uploads\/2024\/08\/Imagen2-768x521.jpg 768w, https:\/\/futbolmas.org\/wp-content\/uploads\/2024\/08\/Imagen2-18x12.jpg 18w, https:\/\/futbolmas.org\/wp-content\/uploads\/2024\/08\/Imagen2-650x441.jpg 650w, https:\/\/futbolmas.org\/wp-content\/uploads\/2024\/08\/Imagen2.jpg 1028w\" sizes=\"auto, (max-width: 1024px) 100vw, 1024px\" \/><\/figure>\n\n\n\n<p>Despu\u00e9s de animar la Arena Paris Nord con gritos de \u00ab\u00a1Vamos Cindy!\u00bb, la sorpresa no termin\u00f3 ah\u00ed para nuestros j\u00f3venes, ya que tuvieron el inmenso honor de conocer a Thomas Bach, el presidente del Comit\u00e9 Ol\u00edmpico Internacional. Invitados a su palco, \u00e9l quiso felicitarlos por su compromiso dentro del programa Terrains d\u2019Avenir.<\/p>\n\n\n\n<p>Financiado por la Olympic Refuge Foundation y el Ministerio de Deportes y Juegos Ol\u00edmpicos y Paral\u00edmpicos, Terrains d\u2019Avenir permite a j\u00f3venes refugiados y desplazados residentes en Ile-de-France acceder durante todo el a\u00f1o a una programaci\u00f3n deportiva y cultural que favorece su bienestar e integraci\u00f3n social.<\/p>\n\n\n\n<p>Un gran agradecimiento a la Olympic Refuge Foundation por permitir que los j\u00f3venes participantes de nuestros programas accedan a este tipo de eventos deportivos de alto nivel, lo que refuerza el poder del deporte como herramienta de transformaci\u00f3n social. \u00a1Esperamos ver a Cindy y a los atletas del equipo ol\u00edmpico de refugiados ganar una medalla!<\/p>","protected":false},"excerpt":{"rendered":"<p>Este verano, los ojos y las c\u00e1maras de todo el mundo est\u00e1n puestos en Par\u00eds para los Juegos Ol\u00edmpicos y Paral\u00edmpicos 2024. [&hellip;]<\/p>\n","protected":false},"author":11,"featured_media":48621,"comment_status":"closed","ping_status":"open","sticky":false,"template":"","format":"standard","meta":{"_acf_changed":false,"footnotes":""},"categories":[538],"tags":[46,317,344,43,555,192],"class_list":["post-48620","post","type-post","status-publish","format-standard","has-post-thumbnail","hentry","category-francia","tag-deporte","tag-deporte-para-el-desarrollo","tag-francia","tag-fundacion-futbol-mas","tag-paris","tag-refugiados"],"acf":[],"_links":{"self":[{"href":"https:\/\/futbolmas.org\/en\/wp-json\/wp\/v2\/posts\/48620","targetHints":{"allow":["GET"]}}],"collection":[{"href":"https:\/\/futbolmas.org\/en\/wp-json\/wp\/v2\/posts"}],"about":[{"href":"https:\/\/futbolmas.org\/en\/wp-json\/wp\/v2\/types\/post"}],"author":[{"embeddable":true,"href":"https:\/\/futbolmas.org\/en\/wp-json\/wp\/v2\/users\/11"}],"replies":[{"embeddable":true,"href":"https:\/\/futbolmas.org\/en\/wp-json\/wp\/v2\/comments?post=48620"}],"version-history":[{"count":0,"href":"https:\/\/futbolmas.org\/en\/wp-json\/wp\/v2\/posts\/48620\/revisions"}],"wp:featuredmedia":[{"embeddable":true,"href":"https:\/\/futbolmas.org\/en\/wp-json\/wp\/v2\/media\/48621"}],"wp:attachment":[{"href":"https:\/\/futbolmas.org\/en\/wp-json\/wp\/v2\/media?parent=48620"}],"wp:term":[{"taxonomy":"category","embeddable":true,"href":"https:\/\/futbolmas.org\/en\/wp-json\/wp\/v2\/categories?post=48620"},{"taxonomy":"post_tag","embeddable":true,"href":"https:\/\/futbolmas.org\/en\/wp-json\/wp\/v2\/tags?post=48620"}],"curies":[{"name":"wp","href":"https:\/\/api.w.org\/{rel}","templated":true}]}}