{"id":48604,"date":"2024-07-26T15:03:54","date_gmt":"2024-07-26T19:03:54","guid":{"rendered":"https:\/\/futbolmas.org\/?p=48604"},"modified":"2024-07-26T15:03:57","modified_gmt":"2024-07-26T19:03:57","slug":"futbol-mas-france-participe-au-festival-24-et-au-united-by-sport-forum","status":"publish","type":"post","link":"https:\/\/futbolmas.org\/en\/futbol-mas-france-participe-au-festival-24-et-au-united-by-sport-forum\/","title":{"rendered":"Futbol M\u00e1s France participe au Festival 24 et au United by Sport Forum"},"content":{"rendered":"<p>Un \u00e9t\u00e9 olympique pour Futbol M\u00e1s&nbsp;!<\/p>\n\n\n\n<p>Le Festival 24 rassemble plus de 500 jeunes de 36 pays du monde entier&nbsp;du 19 juillet au 28 juillet 2024 \u00e0 Lyon et \u00e0 Paris. Une d\u00e9l\u00e9gation de jeunes des programmes de Futbol M\u00e1s fait partie de cette belle aventure qui offre aux jeunes une exp\u00e9rience internationale unique et transformante, autour des cl\u00e9s d\u2019\u00e9galit\u00e9 et d\u2019excellence insuffl\u00e9es par les Jeux Olympiques de Paris 2024.<\/p>\n\n\n\n<p>Dans le cadre du festival, l\u2019\u00e9quipe de Futbol M\u00e1s a eu l\u2019opportunit\u00e9 de participer au United by Sports Forum, un forum organis\u00e9 par Sport Dans la Ville qui a r\u00e9uni des organisations sportives et sociales du monde entier.<\/p>\n\n\n\n<p>Le forum, tenu le jeudi 25 juillet, a \u00e9t\u00e9 inaugur\u00e9 par un discours de la Ministre des Sports Am\u00e9lie Oudea-Castera et a compt\u00e9 avec la participation d\u2019acteurs cl\u00e9s du monde du sport pour le d\u00e9veloppement. Des invit\u00e9s de taille tels que Muhammad Yunus, prix nobel de la paix, \u00e9taient pr\u00e9sents pour cette rencontre haute en diversit\u00e9 autour des valeurs du sport comme outil d\u2019inclusion et de d\u00e9veloppement collectif et individuel.<\/p>\n\n\n\n<p>La matin\u00e9e a \u00e9t\u00e9 rythm\u00e9e par plusieurs conf\u00e9rences sur des sujets inspirants comme le d\u00e9veloppement de comp\u00e9tences de vie \u00e0 travers le sport, ou encore sur la collaboration de la soci\u00e9t\u00e9 civile au d\u00e9veloppement de politiques locales.<\/p>\n\n\n\n<p>Apr\u00e8s un d\u00e9jeuner partag\u00e9 avec les diff\u00e9rents participants, des ateliers collaboratifs ont \u00e9t\u00e9 organis\u00e9s pour \u00e9changer d\u00e9fis et bonnes pratiques autour de sujets cl\u00e9s comme l\u2019inclusion sociale de personnes r\u00e9fugi\u00e9es et d\u00e9plac\u00e9es, ou encore la promotion de l\u2019\u00e9galit\u00e9 hommes-femmes \u00e0 travers le sport. Th\u00e9matiques sur lesquelles Futbol M\u00e1s travaille au quotidien dans ses programmes socio-sportifs. Le tout avait lieu dans un lieu iconique de Paris&nbsp;: le Jardin d\u2019Acclimatation.<\/p>\n\n\n\n<p>Pouvoir prendre part \u00e0 des \u00e9v\u00e9nement comme le United by Sports Forum est essentiel pour parler de l\u2019importance du sport comme vecteur de transformation sociale, au-del\u00e0 de la comp\u00e9tition.<\/p>\n\n\n\n<p>Un grand merci \u00e0 Sport dans la Ville pour l\u2019invitation&nbsp;!<\/p>\n\n\n\n<hr class=\"wp-block-separator has-alpha-channel-opacity\"\/>\n\n\n\n<p><strong>F\u00fatbol M\u00e1s Francia participa en el Festival 24 y en el Foro United by Sport<\/strong><\/p>\n\n\n\n<p>\u00a1Un verano ol\u00edmpico para Futbol M\u00e1s!<\/p>\n\n\n\n<p>El Festival 24 re\u00fane a m\u00e1s de 500 j\u00f3venes de 36 pa\u00edses de todo el mundo del 19 al 28 de julio de 2024 en Lyon y Par\u00eds. Una delegaci\u00f3n de j\u00f3venes de los programas de Futbol M\u00e1s forma parte de esta hermosa aventura que ofrece a los j\u00f3venes una experiencia internacional \u00fanica y transformadora, en torno a las claves de igualdad y excelencia inspiradas por los Juegos Ol\u00edmpicos de Par\u00eds 2024.<\/p>\n\n\n\n<p>En el marco del festival, el equipo de Futbol M\u00e1s tuvo la oportunidad de participar en el United by Sports Forum, un foro organizado por Sport Dans la Ville que reuni\u00f3 a organizaciones deportivas y sociales de todo el mundo.<\/p>\n\n\n\n<p>El foro, celebrado el jueves 25 de julio, fue inaugurado con un discurso de la Ministra de Deportes Am\u00e9lie Oudea-Castera y cont\u00f3 con la participaci\u00f3n de actores clave del mundo del deporte para el desarrollo. Invitados de gran calibre, como Muhammad Yunus, premio Nobel de la Paz, estuvieron presentes en este encuentro lleno de diversidad en torno a los valores del deporte como herramienta de inclusi\u00f3n y desarrollo colectivo e individual.<\/p>\n\n\n\n<p>La ma\u00f1ana estuvo marcada por varias conferencias sobre temas inspiradores como el desarrollo de habilidades para la vida a trav\u00e9s del deporte, o la colaboraci\u00f3n de la sociedad civil en el desarrollo de pol\u00edticas locales.<\/p>\n\n\n\n<p>Despu\u00e9s de un almuerzo compartido con los diferentes participantes, se organizaron talleres colaborativos para intercambiar desaf\u00edos y buenas pr\u00e1cticas en torno a temas clave como la inclusi\u00f3n social de personas refugiadas y desplazadas, o la promoci\u00f3n de la igualdad de g\u00e9nero a trav\u00e9s del deporte. Temas en los que Futbol M\u00e1s trabaja a diario en sus programas socio-deportivos. Todo esto tuvo lugar en un lugar ic\u00f3nico de Par\u00eds: el Jardin d\u2019Acclimatation.<\/p>\n\n\n\n<p>Poder participar en eventos como el United by Sports Forum es esencial para hablar de la importancia del deporte como vector de transformaci\u00f3n social, m\u00e1s all\u00e1 de la competici\u00f3n.<\/p>\n\n\n\n<p>\u00a1Un gran agradecimiento a Sport dans la Ville por la invitaci\u00f3n!<\/p>","protected":false},"excerpt":{"rendered":"<p>Un \u00e9t\u00e9 olympique pour Futbol M\u00e1s&nbsp;! Le Festival 24 rassemble plus de 500 jeunes de 36 pays du monde entier&nbsp;du 19 juillet [&hellip;]<\/p>\n","protected":false},"author":11,"featured_media":48605,"comment_status":"closed","ping_status":"open","sticky":false,"template":"","format":"standard","meta":{"_acf_changed":false,"footnotes":""},"categories":[538],"tags":[46,317,644,344,94,48,645],"class_list":["post-48604","post","type-post","status-publish","format-standard","has-post-thumbnail","hentry","category-francia","tag-deporte","tag-deporte-para-el-desarrollo","tag-festival-24","tag-francia","tag-futbol-mas","tag-infancia","tag-sport-forum"],"acf":[],"_links":{"self":[{"href":"https:\/\/futbolmas.org\/en\/wp-json\/wp\/v2\/posts\/48604","targetHints":{"allow":["GET"]}}],"collection":[{"href":"https:\/\/futbolmas.org\/en\/wp-json\/wp\/v2\/posts"}],"about":[{"href":"https:\/\/futbolmas.org\/en\/wp-json\/wp\/v2\/types\/post"}],"author":[{"embeddable":true,"href":"https:\/\/futbolmas.org\/en\/wp-json\/wp\/v2\/users\/11"}],"replies":[{"embeddable":true,"href":"https:\/\/futbolmas.org\/en\/wp-json\/wp\/v2\/comments?post=48604"}],"version-history":[{"count":0,"href":"https:\/\/futbolmas.org\/en\/wp-json\/wp\/v2\/posts\/48604\/revisions"}],"wp:featuredmedia":[{"embeddable":true,"href":"https:\/\/futbolmas.org\/en\/wp-json\/wp\/v2\/media\/48605"}],"wp:attachment":[{"href":"https:\/\/futbolmas.org\/en\/wp-json\/wp\/v2\/media?parent=48604"}],"wp:term":[{"taxonomy":"category","embeddable":true,"href":"https:\/\/futbolmas.org\/en\/wp-json\/wp\/v2\/categories?post=48604"},{"taxonomy":"post_tag","embeddable":true,"href":"https:\/\/futbolmas.org\/en\/wp-json\/wp\/v2\/tags?post=48604"}],"curies":[{"name":"wp","href":"https:\/\/api.w.org\/{rel}","templated":true}]}}