{"id":46076,"date":"2024-01-25T18:31:54","date_gmt":"2024-01-25T21:31:54","guid":{"rendered":"https:\/\/futbolmas.org\/?p=46076"},"modified":"2024-04-16T15:00:22","modified_gmt":"2024-04-16T15:00:22","slug":"dia-de-la-educacion-como-la-innovacion-a-traves-del-deporte-y-el-juego-aporta-a-mejorar-la-convivencia-escolar-y-el-bienestar-de-los-estudiantes","status":"publish","type":"post","link":"https:\/\/futbolmas.org\/en\/dia-de-la-educacion-como-la-innovacion-a-traves-del-deporte-y-el-juego-aporta-a-mejorar-la-convivencia-escolar-y-el-bienestar-de-los-estudiantes\/","title":{"rendered":"D\u00eda de la Educaci\u00f3n: c\u00f3mo la innovaci\u00f3n a trav\u00e9s del deporte y el juego aporta a mejorar la convivencia escolar y el bienestar de los estudiantes"},"content":{"rendered":"<div data-elementor-type=\"wp-post\" data-elementor-id=\"46076\" class=\"elementor elementor-46076\" data-elementor-settings=\"{&quot;element_pack_global_tooltip_width&quot;:{&quot;unit&quot;:&quot;px&quot;,&quot;size&quot;:&quot;&quot;,&quot;sizes&quot;:[]},&quot;element_pack_global_tooltip_width_tablet&quot;:{&quot;unit&quot;:&quot;px&quot;,&quot;size&quot;:&quot;&quot;,&quot;sizes&quot;:[]},&quot;element_pack_global_tooltip_width_mobile&quot;:{&quot;unit&quot;:&quot;px&quot;,&quot;size&quot;:&quot;&quot;,&quot;sizes&quot;:[]},&quot;element_pack_global_tooltip_padding&quot;:{&quot;unit&quot;:&quot;px&quot;,&quot;top&quot;:&quot;&quot;,&quot;right&quot;:&quot;&quot;,&quot;bottom&quot;:&quot;&quot;,&quot;left&quot;:&quot;&quot;,&quot;isLinked&quot;:true},&quot;element_pack_global_tooltip_padding_tablet&quot;:{&quot;unit&quot;:&quot;px&quot;,&quot;top&quot;:&quot;&quot;,&quot;right&quot;:&quot;&quot;,&quot;bottom&quot;:&quot;&quot;,&quot;left&quot;:&quot;&quot;,&quot;isLinked&quot;:true},&quot;element_pack_global_tooltip_padding_mobile&quot;:{&quot;unit&quot;:&quot;px&quot;,&quot;top&quot;:&quot;&quot;,&quot;right&quot;:&quot;&quot;,&quot;bottom&quot;:&quot;&quot;,&quot;left&quot;:&quot;&quot;,&quot;isLinked&quot;:true},&quot;element_pack_global_tooltip_border_radius&quot;:{&quot;unit&quot;:&quot;px&quot;,&quot;top&quot;:&quot;&quot;,&quot;right&quot;:&quot;&quot;,&quot;bottom&quot;:&quot;&quot;,&quot;left&quot;:&quot;&quot;,&quot;isLinked&quot;:true},&quot;element_pack_global_tooltip_border_radius_tablet&quot;:{&quot;unit&quot;:&quot;px&quot;,&quot;top&quot;:&quot;&quot;,&quot;right&quot;:&quot;&quot;,&quot;bottom&quot;:&quot;&quot;,&quot;left&quot;:&quot;&quot;,&quot;isLinked&quot;:true},&quot;element_pack_global_tooltip_border_radius_mobile&quot;:{&quot;unit&quot;:&quot;px&quot;,&quot;top&quot;:&quot;&quot;,&quot;right&quot;:&quot;&quot;,&quot;bottom&quot;:&quot;&quot;,&quot;left&quot;:&quot;&quot;,&quot;isLinked&quot;:true}}\" data-elementor-post-type=\"post\">\n\t\t\t\t\t\t<section class=\"elementor-section elementor-top-section elementor-element elementor-element-37299369 elementor-section-boxed elementor-section-height-default elementor-section-height-default\" data-id=\"37299369\" data-element_type=\"section\" data-e-type=\"section\">\n\t\t\t\t\t\t<div class=\"elementor-container elementor-column-gap-default\">\n\t\t\t\t\t<div class=\"elementor-column elementor-col-100 elementor-top-column elementor-element elementor-element-5913d042\" data-id=\"5913d042\" data-element_type=\"column\" data-e-type=\"column\">\n\t\t\t<div class=\"elementor-widget-wrap elementor-element-populated\">\n\t\t\t\t\t\t<div class=\"elementor-element elementor-element-1a9497ba elementor-widget elementor-widget-text-editor\" data-id=\"1a9497ba\" data-element_type=\"widget\" data-e-type=\"widget\" data-widget_type=\"text-editor.default\">\n\t\t\t\t<div class=\"elementor-widget-container\">\n\t\t\t\t\t\t\t\t\t<p>Este mi\u00e9rcoles 24 de enero se conmemor\u00f3 el <a href=\"https:\/\/www.unesco.org\/es\/articles\/la-unesco-dedica-el-dia-internacional-de-la-educacion-2024-combatir-la-incitacion-al-odio\" rel=\"nofollow noopener\" target=\"_blank\">D\u00eda Internacional de la Educaci\u00f3n<\/a>, esta vez bajo el lema \u201c<strong>Aprender para una paz duradera<\/strong>\u201d, relevando el papel crucial que desempe\u00f1a la educaci\u00f3n y los docentes en la lucha contra la incitaci\u00f3n al odio, y todo lo que ello conlleva tanto en las escuelas como fuera de estas.<\/p><p>En ese contexto, Fundaci\u00f3n F\u00fatbol M\u00e1s entreg\u00f3 recientemente los resultados de su Programa Escuelas 2023 que se despleg\u00f3 a lo largo de Chile, trabajando tanto con las y los estudiantes, como con los docentes y asistentes de los establecimientos educacionales bajo su metodolog\u00eda.<\/p><p>\u201cNuestro programa Escuelas logr\u00f3 impactar a <strong>1.969 estudiantes<\/strong> durante el a\u00f1o pasado, llegando tambi\u00e9n a las comunidades educativas, trabajando con profesores y asistentes de la educaci\u00f3n en establecimientos en torno a <strong>problem\u00e1ticas y tem\u00e1ticas que aquejan la convivencia escolar y otros ejes como la salud mental de ni\u00f1as, ni\u00f1os y j\u00f3venes<\/strong>\u201d, comenta Mar\u00eda Daniela Nore\u00f1a, directora ejecutiva de la fundaci\u00f3n, que fue <a href=\"https:\/\/www.adnradio.cl\/2023\/11\/30\/fundacion-futbol-mas-es-reconocida-como-una-de-las-100-mejores-innovaciones-educativas-del-mundo\/\" rel=\"nofollow noopener\" target=\"_blank\">una de las dos iniciativas chilenas en el listado de las mejoras innovaciones educativas del mundo de cara a 2024<\/a>, elegida por la organizaci\u00f3n finlandesa HundrED.<\/p><p>Seg\u00fan las evaluaciones de resultados del programa Escuelas 2023, el porcentaje de ni\u00f1os y ni\u00f1as con un nivel de bienestar \u00f3ptimo <strong>aument\u00f3 en 6.7 puntos porcentuales entre el inicio y el fin de los programas de Fundaci\u00f3n F\u00fatbol M\u00e1s en los establecimientos educacionales<\/strong>, pasando de un 19.6% a 26.3% en el instrumento de medici\u00f3n WHO-5, una encuesta breve de la Organizaci\u00f3n Mundial de la Salud que mide el nivel de bienestar general durante las dos semanas m\u00e1s recientes.<\/p><blockquote class=\"instagram-media\" style=\"background: #FFF; border: 0; border-radius: 3px; box-shadow: 0 0 1px 0 rgba(0,0,0,0.5),0 1px 10px 0 rgba(0,0,0,0.15); margin: 1px; max-width: 540px; min-width: 326px; padding: 0; width: calc(100% - 2px);\" data-instgrm-captioned=\"\" data-instgrm-permalink=\"https:\/\/www.instagram.com\/p\/C2fb2eLuX2b\/?utm_source=ig_embed&amp;utm_campaign=loading\" data-instgrm-version=\"14\"><div style=\"padding: 16px;\"><p>\u00a0<\/p><div style=\"display: flex; flex-direction: row; align-items: center;\"><div style=\"background-color: #f4f4f4; border-radius: 50%; flex-grow: 0; height: 40px; margin-right: 14px; width: 40px;\">\u00a0<\/div><div style=\"display: flex; flex-direction: column; flex-grow: 1; justify-content: center;\"><div style=\"background-color: #f4f4f4; border-radius: 4px; flex-grow: 0; height: 14px; margin-bottom: 6px; width: 100px;\">\u00a0<\/div><div style=\"background-color: #f4f4f4; border-radius: 4px; flex-grow: 0; height: 14px; width: 60px;\">\u00a0<\/div><\/div><\/div><div style=\"padding: 19% 0;\">\u00a0<\/div><div style=\"display: block; height: 50px; margin: 0 auto 12px; width: 50px;\">\u00a0<\/div><div style=\"padding-top: 8px;\"><div style=\"color: #3897f0; font-family: Arial,sans-serif; font-size: 14px; font-style: normal; font-weight: 550; line-height: 18px;\">Ver esta publicaci\u00f3n en Instagram<\/div><\/div><div style=\"padding: 12.5% 0;\">\u00a0<\/div><div style=\"display: flex; flex-direction: row; margin-bottom: 14px; align-items: center;\"><div><div style=\"background-color: #f4f4f4; border-radius: 50%; height: 12.5px; width: 12.5px; transform: translateX(0px) translateY(7px);\">\u00a0<\/div><div style=\"background-color: #f4f4f4; height: 12.5px; transform: rotate(-45deg) translateX(3px) translateY(1px); width: 12.5px; flex-grow: 0; margin-right: 14px; margin-left: 2px;\">\u00a0<\/div><div style=\"background-color: #f4f4f4; border-radius: 50%; height: 12.5px; width: 12.5px; transform: translateX(9px) translateY(-18px);\">\u00a0<\/div><\/div><div style=\"margin-left: 8px;\"><div style=\"background-color: #f4f4f4; border-radius: 50%; flex-grow: 0; height: 20px; width: 20px;\">\u00a0<\/div><div style=\"width: 0; height: 0; border-top: 2px solid transparent; border-left: 6px solid #f4f4f4; border-bottom: 2px solid transparent; transform: translateX(16px) translateY(-4px) rotate(30deg);\">\u00a0<\/div><\/div><div style=\"margin-left: auto;\"><div style=\"width: 0px; border-top: 8px solid #F4F4F4; border-right: 8px solid transparent; transform: translateY(16px);\">\u00a0<\/div><div style=\"background-color: #f4f4f4; flex-grow: 0; height: 12px; width: 16px; transform: translateY(-4px);\">\u00a0<\/div><div style=\"width: 0; height: 0; border-top: 8px solid #F4F4F4; border-left: 8px solid transparent; transform: translateY(-4px) translateX(8px);\">\u00a0<\/div><\/div><\/div><div style=\"display: flex; flex-direction: column; flex-grow: 1; justify-content: center; margin-bottom: 24px;\"><div style=\"background-color: #f4f4f4; border-radius: 4px; flex-grow: 0; height: 14px; margin-bottom: 6px; width: 224px;\">\u00a0<\/div><div style=\"background-color: #f4f4f4; border-radius: 4px; flex-grow: 0; height: 14px; width: 144px;\">\u00a0<\/div><\/div><p>\u00a0<\/p><p style=\"color: #c9c8cd; font-family: Arial,sans-serif; font-size: 14px; line-height: 17px; margin-bottom: 0; margin-top: 8px; overflow: hidden; padding: 8px 0 7px; text-align: center; text-overflow: ellipsis; white-space: nowrap;\"><a style=\"color: #c9c8cd; font-family: Arial,sans-serif; font-size: 14px; font-style: normal; font-weight: normal; line-height: 17px; text-decoration: none;\" href=\"https:\/\/www.instagram.com\/p\/C2fb2eLuX2b\/?utm_source=ig_embed&amp;utm_campaign=loading\" target=\"_blank\" rel=\"noopener nofollow\">Una publicaci\u00f3n compartida de Fundacio\u0301n Fu\u0301tbol Ma\u0301s (@futbolmascl)<\/a><\/p><\/div><\/blockquote><p><script async src=\"\/\/www.instagram.com\/embed.js\"><\/script><\/p><p>\u201cCon eso evaluamos, a trav\u00e9s de cinco enunciados, si los estudiantes se sintieron alegres y de buen humor, o activos y en\u00e9rgicos; adem\u00e1s de si tienen inter\u00e9s en su vida cotidiana. Lo hacemos antes de comenzar nuestro programa y sobre el final, a trav\u00e9s del instrumento WHO-5, que es de la OMS y es bien validado en el mundo y confiable, entregando una idea del estado de bienestar de las y los ni\u00f1os con preguntas sencillas.<\/p><p>Es muy interesante, porque <strong>tuvimos casi 7 puntos porcentuales de aumento, lo que es muy relevante y nos enorgullece, ya que adem\u00e1s el bienestar juega un rol importante en la trayectoria escolar y en el aprendizaje de los ni\u00f1os y ni\u00f1as<\/strong>\u201d, explica Perrine Mardin\u00e9, jefa de estudios de Fundaci\u00f3n F\u00fatbol M\u00e1s.<\/p><p>Otra de las dimensiones que se evaluaron del programa Escuelas fue la percepci\u00f3n de la convivencia escolar. Ah\u00ed, el trabajo de la ONG no solo llega y se mide en los estudiantes, sino que tambi\u00e9n se despliega a los docentes y al resto de los asistentes de la educaci\u00f3n, con quienes trabaja en instancias pedag\u00f3gicas-l\u00fadicas como el \u201c<strong>El Partido de mi Escuela<\/strong>\u201d y el \u201c<strong>Camar\u00edn Educativo<\/strong>\u201d, dos herramientas de la metodolog\u00eda F\u00fatbol M\u00e1s en torno a tratar problem\u00e1ticas que aquejan la convivencia escolar y la salud mental de ni\u00f1as, ni\u00f1os y j\u00f3venes, as\u00ed como tambi\u00e9n de profesores, asistentes de la educaci\u00f3n y otros integrantes de la comunidad educativa.<\/p><blockquote class=\"instagram-media\" style=\"background: #FFF; border: 0; border-radius: 3px; box-shadow: 0 0 1px 0 rgba(0,0,0,0.5),0 1px 10px 0 rgba(0,0,0,0.15); margin: 1px; max-width: 540px; min-width: 326px; padding: 0; width: calc(100% - 2px);\" data-instgrm-captioned=\"\" data-instgrm-permalink=\"https:\/\/www.instagram.com\/p\/C2P7Zn8Lq6A\/?utm_source=ig_embed&amp;utm_campaign=loading\" data-instgrm-version=\"14\"><div style=\"padding: 16px;\"><p>\u00a0<\/p><div style=\"display: flex; flex-direction: row; align-items: center;\"><div style=\"background-color: #f4f4f4; border-radius: 50%; flex-grow: 0; height: 40px; margin-right: 14px; width: 40px;\">\u00a0<\/div><div style=\"display: flex; flex-direction: column; flex-grow: 1; justify-content: center;\"><div style=\"background-color: #f4f4f4; border-radius: 4px; flex-grow: 0; height: 14px; margin-bottom: 6px; width: 100px;\">\u00a0<\/div><div style=\"background-color: #f4f4f4; border-radius: 4px; flex-grow: 0; height: 14px; width: 60px;\">\u00a0<\/div><\/div><\/div><div style=\"padding: 19% 0;\">\u00a0<\/div><div style=\"display: block; height: 50px; margin: 0 auto 12px; width: 50px;\">\u00a0<\/div><div style=\"padding-top: 8px;\"><div style=\"color: #3897f0; font-family: Arial,sans-serif; font-size: 14px; font-style: normal; font-weight: 550; line-height: 18px;\">Ver esta publicaci\u00f3n en Instagram<\/div><\/div><div style=\"padding: 12.5% 0;\">\u00a0<\/div><div style=\"display: flex; flex-direction: row; margin-bottom: 14px; align-items: center;\"><div><div style=\"background-color: #f4f4f4; border-radius: 50%; height: 12.5px; width: 12.5px; transform: translateX(0px) translateY(7px);\">\u00a0<\/div><div style=\"background-color: #f4f4f4; height: 12.5px; transform: rotate(-45deg) translateX(3px) translateY(1px); width: 12.5px; flex-grow: 0; margin-right: 14px; margin-left: 2px;\">\u00a0<\/div><div style=\"background-color: #f4f4f4; border-radius: 50%; height: 12.5px; width: 12.5px; transform: translateX(9px) translateY(-18px);\">\u00a0<\/div><\/div><div style=\"margin-left: 8px;\"><div style=\"background-color: #f4f4f4; border-radius: 50%; flex-grow: 0; height: 20px; width: 20px;\">\u00a0<\/div><div style=\"width: 0; height: 0; border-top: 2px solid transparent; border-left: 6px solid #f4f4f4; border-bottom: 2px solid transparent; transform: translateX(16px) translateY(-4px) rotate(30deg);\">\u00a0<\/div><\/div><div style=\"margin-left: auto;\"><div style=\"width: 0px; border-top: 8px solid #F4F4F4; border-right: 8px solid transparent; transform: translateY(16px);\">\u00a0<\/div><div style=\"background-color: #f4f4f4; flex-grow: 0; height: 12px; width: 16px; transform: translateY(-4px);\">\u00a0<\/div><div style=\"width: 0; height: 0; border-top: 8px solid #F4F4F4; border-left: 8px solid transparent; transform: translateY(-4px) translateX(8px);\">\u00a0<\/div><\/div><\/div><div style=\"display: flex; flex-direction: column; flex-grow: 1; justify-content: center; margin-bottom: 24px;\"><div style=\"background-color: #f4f4f4; border-radius: 4px; flex-grow: 0; height: 14px; margin-bottom: 6px; width: 224px;\">\u00a0<\/div><div style=\"background-color: #f4f4f4; border-radius: 4px; flex-grow: 0; height: 14px; width: 144px;\">\u00a0<\/div><\/div><p>\u00a0<\/p><p style=\"color: #c9c8cd; font-family: Arial,sans-serif; font-size: 14px; line-height: 17px; margin-bottom: 0; margin-top: 8px; overflow: hidden; padding: 8px 0 7px; text-align: center; text-overflow: ellipsis; white-space: nowrap;\"><a style=\"color: #c9c8cd; font-family: Arial,sans-serif; font-size: 14px; font-style: normal; font-weight: normal; line-height: 17px; text-decoration: none;\" href=\"https:\/\/www.instagram.com\/p\/C2P7Zn8Lq6A\/?utm_source=ig_embed&amp;utm_campaign=loading\" target=\"_blank\" rel=\"noopener nofollow\">Una publicaci\u00f3n compartida de Fundacio\u0301n Fu\u0301tbol Ma\u0301s (@futbolmascl)<\/a><\/p><\/div><\/blockquote><p><script async src=\"\/\/www.instagram.com\/embed.js\"><\/script><\/p><p>\u201cF\u00fatbol M\u00e1s no trabaja solamente con los ni\u00f1os y ni\u00f1as, tambi\u00e9n implementamos actividades sociodeportivas con la comunidad escolar y actividades de cuidado con el equipo docente porque el bienestar de ellos, adem\u00e1s de la sana convivencia, es un elemento clave en las escuelas. <strong>El 80% de los docentes que participaron de nuestros programas consideran que F\u00fatbol M\u00e1s es un aporte para la convivencia escolar, mostrando as\u00ed la importancia del deporte y del juego para fortalecer v\u00ednculos positivos<\/strong>\u201d, agrega Perrine Mardin\u00e9 respecto a los resultados.<\/p><p>A modo de contexto, durante 2023 la violencia entre estudiantes y el desgaste emocional de los equipos docentes y asistentes de la educaci\u00f3n fueron unas de las mayores problem\u00e1ticas de la convivencia escolar en Chile, que el Ministerio de Educaci\u00f3n evidenci\u00f3 a trav\u00e9s de la encuesta \u201cPr\u00e1cticas de gesti\u00f3n y situaciones problem\u00e1ticas de convivencia escolar\u201d. Seg\u00fan el estudio, un 70% de los encuestados consider\u00f3 la violencia entre los estudiantes como la principal problem\u00e1tica de convivencia en los establecimientos.<\/p>\t\t\t\t\t\t\t\t<\/div>\n\t\t\t\t<\/div>\n\t\t\t\t\t<\/div>\n\t\t<\/div>\n\t\t\t\t\t<\/div>\n\t\t<\/section>\n\t\t<div class=\"elementor-element elementor-element-5691d11 e-flex e-con-boxed e-con e-parent\" data-id=\"5691d11\" data-element_type=\"container\" data-e-type=\"container\">\n\t\t\t\t\t<div class=\"e-con-inner\">\n\t\t\t\t<div class=\"elementor-element elementor-element-154fe04 elementor-widget elementor-widget-theme-post-featured-image elementor-widget-image\" data-id=\"154fe04\" data-element_type=\"widget\" data-e-type=\"widget\" data-widget_type=\"theme-post-featured-image.default\">\n\t\t\t\t<div class=\"elementor-widget-container\">\n\t\t\t\t\t\t\t\t\t\t\t\t\t\t\t<img loading=\"lazy\" decoding=\"async\" width=\"1000\" height=\"667\" src=\"https:\/\/futbolmas.org\/wp-content\/uploads\/2024\/01\/Final-cierre-escuela-longavi-282-1024x683.jpg\" class=\"attachment-large size-large wp-image-47610\" alt=\"\" srcset=\"https:\/\/futbolmas.org\/wp-content\/uploads\/2024\/01\/Final-cierre-escuela-longavi-282-1024x683.jpg 1024w, https:\/\/futbolmas.org\/wp-content\/uploads\/2024\/01\/Final-cierre-escuela-longavi-282-300x200.jpg 300w, https:\/\/futbolmas.org\/wp-content\/uploads\/2024\/01\/Final-cierre-escuela-longavi-282-768x512.jpg 768w, https:\/\/futbolmas.org\/wp-content\/uploads\/2024\/01\/Final-cierre-escuela-longavi-282-1536x1024.jpg 1536w, https:\/\/futbolmas.org\/wp-content\/uploads\/2024\/01\/Final-cierre-escuela-longavi-282-18x12.jpg 18w, https:\/\/futbolmas.org\/wp-content\/uploads\/2024\/01\/Final-cierre-escuela-longavi-282-650x433.jpg 650w, https:\/\/futbolmas.org\/wp-content\/uploads\/2024\/01\/Final-cierre-escuela-longavi-282.jpg 1920w\" sizes=\"auto, (max-width: 1000px) 100vw, 1000px\">\t\t\t\t\t\t\t\t\t\t\t\t\t\t\t<\/div>\n\t\t\t\t<\/div>\n\t\t\t\t\t<\/div>\n\t\t\t\t<\/div>\n\t\t\t\t<\/div>","protected":false},"excerpt":{"rendered":"<p>Este mi\u00e9rcoles 24 de enero se conmemor\u00f3 el D\u00eda Internacional de la Educaci\u00f3n, esta vez bajo el lema \u201cAprender para una paz duradera\u201d, relevando el papel crucial que desempe\u00f1a la educaci\u00f3n y los docentes en la lucha contra la incitaci\u00f3n al odio, y todo lo que ello conlleva tanto en las escuelas como fuera de estas.<\/p>","protected":false},"author":5,"featured_media":47610,"comment_status":"closed","ping_status":"closed","sticky":false,"template":"","format":"standard","meta":{"_acf_changed":false,"footnotes":""},"categories":[1],"tags":[510,511,316,512,513,490,508,74],"class_list":["post-46076","post","type-post","status-publish","format-standard","has-post-thumbnail","hentry","category-chile","tag-bienestar-ninos","tag-colegios-chile","tag-convivencia-escolar","tag-dia-de-la-educacion","tag-educacion-chile","tag-hundred","tag-innovacion-educativa","tag-programa-escuelas"],"acf":[],"_links":{"self":[{"href":"https:\/\/futbolmas.org\/en\/wp-json\/wp\/v2\/posts\/46076","targetHints":{"allow":["GET"]}}],"collection":[{"href":"https:\/\/futbolmas.org\/en\/wp-json\/wp\/v2\/posts"}],"about":[{"href":"https:\/\/futbolmas.org\/en\/wp-json\/wp\/v2\/types\/post"}],"author":[{"embeddable":true,"href":"https:\/\/futbolmas.org\/en\/wp-json\/wp\/v2\/users\/5"}],"replies":[{"embeddable":true,"href":"https:\/\/futbolmas.org\/en\/wp-json\/wp\/v2\/comments?post=46076"}],"version-history":[{"count":0,"href":"https:\/\/futbolmas.org\/en\/wp-json\/wp\/v2\/posts\/46076\/revisions"}],"wp:featuredmedia":[{"embeddable":true,"href":"https:\/\/futbolmas.org\/en\/wp-json\/wp\/v2\/media\/47610"}],"wp:attachment":[{"href":"https:\/\/futbolmas.org\/en\/wp-json\/wp\/v2\/media?parent=46076"}],"wp:term":[{"taxonomy":"category","embeddable":true,"href":"https:\/\/futbolmas.org\/en\/wp-json\/wp\/v2\/categories?post=46076"},{"taxonomy":"post_tag","embeddable":true,"href":"https:\/\/futbolmas.org\/en\/wp-json\/wp\/v2\/tags?post=46076"}],"curies":[{"name":"wp","href":"https:\/\/api.w.org\/{rel}","templated":true}]}}