{"id":46018,"date":"2024-01-17T19:25:12","date_gmt":"2024-01-17T22:25:12","guid":{"rendered":"https:\/\/futbolmas.org\/?p=46018"},"modified":"2024-04-16T15:43:45","modified_gmt":"2024-04-16T15:43:45","slug":"fundacion-futbol-mas-mejora-la-convivencia-escolar-en-las-comunidades-educativas","status":"publish","type":"post","link":"https:\/\/futbolmas.org\/en\/fundacion-futbol-mas-mejora-la-convivencia-escolar-en-las-comunidades-educativas\/","title":{"rendered":"La metodolog\u00eda de Fundaci\u00f3n F\u00fatbol M\u00e1s mejora la convivencia escolar y la salud mental en las comunidades educativas: as\u00ed lo dicen los resultados del Programa Escuelas 2023"},"content":{"rendered":"<div data-elementor-type=\"wp-post\" data-elementor-id=\"46018\" class=\"elementor elementor-46018\" data-elementor-settings=\"{&quot;element_pack_global_tooltip_width&quot;:{&quot;unit&quot;:&quot;px&quot;,&quot;size&quot;:&quot;&quot;,&quot;sizes&quot;:[]},&quot;element_pack_global_tooltip_width_tablet&quot;:{&quot;unit&quot;:&quot;px&quot;,&quot;size&quot;:&quot;&quot;,&quot;sizes&quot;:[]},&quot;element_pack_global_tooltip_width_mobile&quot;:{&quot;unit&quot;:&quot;px&quot;,&quot;size&quot;:&quot;&quot;,&quot;sizes&quot;:[]},&quot;element_pack_global_tooltip_padding&quot;:{&quot;unit&quot;:&quot;px&quot;,&quot;top&quot;:&quot;&quot;,&quot;right&quot;:&quot;&quot;,&quot;bottom&quot;:&quot;&quot;,&quot;left&quot;:&quot;&quot;,&quot;isLinked&quot;:true},&quot;element_pack_global_tooltip_padding_tablet&quot;:{&quot;unit&quot;:&quot;px&quot;,&quot;top&quot;:&quot;&quot;,&quot;right&quot;:&quot;&quot;,&quot;bottom&quot;:&quot;&quot;,&quot;left&quot;:&quot;&quot;,&quot;isLinked&quot;:true},&quot;element_pack_global_tooltip_padding_mobile&quot;:{&quot;unit&quot;:&quot;px&quot;,&quot;top&quot;:&quot;&quot;,&quot;right&quot;:&quot;&quot;,&quot;bottom&quot;:&quot;&quot;,&quot;left&quot;:&quot;&quot;,&quot;isLinked&quot;:true},&quot;element_pack_global_tooltip_border_radius&quot;:{&quot;unit&quot;:&quot;px&quot;,&quot;top&quot;:&quot;&quot;,&quot;right&quot;:&quot;&quot;,&quot;bottom&quot;:&quot;&quot;,&quot;left&quot;:&quot;&quot;,&quot;isLinked&quot;:true},&quot;element_pack_global_tooltip_border_radius_tablet&quot;:{&quot;unit&quot;:&quot;px&quot;,&quot;top&quot;:&quot;&quot;,&quot;right&quot;:&quot;&quot;,&quot;bottom&quot;:&quot;&quot;,&quot;left&quot;:&quot;&quot;,&quot;isLinked&quot;:true},&quot;element_pack_global_tooltip_border_radius_mobile&quot;:{&quot;unit&quot;:&quot;px&quot;,&quot;top&quot;:&quot;&quot;,&quot;right&quot;:&quot;&quot;,&quot;bottom&quot;:&quot;&quot;,&quot;left&quot;:&quot;&quot;,&quot;isLinked&quot;:true}}\" data-elementor-post-type=\"post\">\n\t\t\t\t\t\t<section class=\"elementor-section elementor-top-section elementor-element elementor-element-37299369 elementor-section-boxed elementor-section-height-default elementor-section-height-default\" data-id=\"37299369\" data-element_type=\"section\" data-e-type=\"section\">\n\t\t\t\t\t\t<div class=\"elementor-container elementor-column-gap-default\">\n\t\t\t\t\t<div class=\"elementor-column elementor-col-100 elementor-top-column elementor-element elementor-element-5913d042\" data-id=\"5913d042\" data-element_type=\"column\" data-e-type=\"column\">\n\t\t\t<div class=\"elementor-widget-wrap elementor-element-populated\">\n\t\t\t\t\t\t<div class=\"elementor-element elementor-element-1a9497ba elementor-widget elementor-widget-text-editor\" data-id=\"1a9497ba\" data-element_type=\"widget\" data-e-type=\"widget\" data-widget_type=\"text-editor.default\">\n\t\t\t\t<div class=\"elementor-widget-container\">\n\t\t\t\t\t\t\t\t\t<p>Fundaci\u00f3n F\u00fatbol M\u00e1s present\u00f3 los resultados del <strong>Programa Escuelas 2023<\/strong>, que desarroll\u00f3 a lo largo de Chile en 26 establecimientos, buscando la promoci\u00f3n de la sana convivencia escolar y la formaci\u00f3n docente en tem\u00e1ticas relacionadas a esa problem\u00e1tica.<\/p><p>En una jornada que cont\u00f3 con <strong>Nicol\u00e1s Cabbada,<\/strong> psic\u00f3logo cl\u00ednico y mag\u00edster en pol\u00edtica educativa, parte de la\u00a0<a href=\"https:\/\/www.agenciaeducacion.cl\/\" target=\"_blank\" rel=\"noopener nofollow\">Agencia de Calidad de la Educaci\u00f3n<\/a>\u00a0del Mineduc, y <strong>Nicole Aceituno<\/strong>, psic\u00f3loga y con un mag\u00edster en psicolog\u00eda educacional, quien ejerce como coordinadora de convivencia escolar de la Escuela Canad\u00e1 de la Regi\u00f3n de O\u2019Higgins, nuestra fundaci\u00f3n hizo p\u00fablico el trabajo de su \u00e1rea de estudios en un conversatorio que cont\u00f3 con la participaci\u00f3n \u00a0de la directora ejecutiva,<strong> Mar\u00eda Daniela Nore\u00f1a, y el equipo social de la fundaci\u00f3n.<\/strong><\/p><p>El alcance de dicho programa logr\u00f3 impactar a <strong>1.969 estudiantes durante el a\u00f1o pasado<\/strong>, llegando tambi\u00e9n al resto de las comunidades educativas, trabajando con profesores y asistentes de la educaci\u00f3n en torno a problem\u00e1ticas y tem\u00e1ticas que aquejan la convivencia escolar y otras tem\u00e1ticas como la salud mental de ni\u00f1as, ni\u00f1os y j\u00f3venes.<\/p><p>No solo a trav\u00e9s de la clase de educaci\u00f3n f\u00edsica Fundaci\u00f3n F\u00fatbol M\u00e1s focaliz\u00f3 su trabajo a lo largo de las escuelas de Chile, sino que tambi\u00e9n lo hizo con<strong> instancias y herramientas propias de su metodolog\u00eda como el \u201cEl Partido de mi Escuela\u201d y el \u201cCamar\u00edn Educativo\u201d<\/strong>, enfocados en los docentes y asistentes de la comunidad educativa.<\/p><p>De esta forma se articul\u00f3 el trabajo, que como uno de sus resultados m\u00e1s robustos arroj\u00f3 un aumento considerable en el bienestar general de la salud mental de ni\u00f1as, ni\u00f1os y j\u00f3venes que fueron parte del programa, comparando el inicio y el final de este.<\/p><blockquote class=\"instagram-media\" style=\"background: #FFF; border: 0; border-radius: 3px; box-shadow: 0 0 1px 0 rgba(0,0,0,0.5),0 1px 10px 0 rgba(0,0,0,0.15); margin: 1px; max-width: 540px; min-width: 326px; padding: 0; width: calc(100% - 2px);\" data-instgrm-captioned=\"\" data-instgrm-permalink=\"https:\/\/www.instagram.com\/p\/CzcadoPvQvK\/?utm_source=ig_embed&amp;utm_campaign=loading\" data-instgrm-version=\"14\"><div style=\"padding: 16px;\"><div style=\"display: flex; flex-direction: row; align-items: center;\"><div style=\"background-color: #f4f4f4; border-radius: 50%; flex-grow: 0; height: 40px; margin-right: 14px; width: 40px;\">\u00a0<\/div><div style=\"display: flex; flex-direction: column; flex-grow: 1; justify-content: center;\"><div style=\"background-color: #f4f4f4; border-radius: 4px; flex-grow: 0; height: 14px; margin-bottom: 6px; width: 100px;\">\u00a0<\/div><div style=\"background-color: #f4f4f4; border-radius: 4px; flex-grow: 0; height: 14px; width: 60px;\">\u00a0<\/div><\/div><\/div><div style=\"padding: 19% 0;\">\u00a0<\/div><div style=\"display: block; height: 50px; margin: 0 auto 12px; width: 50px;\">\u00a0<\/div><div style=\"padding-top: 8px;\"><div style=\"color: #3897f0; font-family: Arial,sans-serif; font-size: 14px; font-style: normal; font-weight: 550; line-height: 18px;\">Ver esta publicaci\u00f3n en Instagram<\/div><\/div><div style=\"padding: 12.5% 0;\">\u00a0<\/div><div style=\"display: flex; flex-direction: row; margin-bottom: 14px; align-items: center;\"><div><div style=\"background-color: #f4f4f4; border-radius: 50%; height: 12.5px; width: 12.5px; transform: translateX(0px) translateY(7px);\">\u00a0<\/div><div style=\"background-color: #f4f4f4; height: 12.5px; transform: rotate(-45deg) translateX(3px) translateY(1px); width: 12.5px; flex-grow: 0; margin-right: 14px; margin-left: 2px;\">\u00a0<\/div><div style=\"background-color: #f4f4f4; border-radius: 50%; height: 12.5px; width: 12.5px; transform: translateX(9px) translateY(-18px);\">\u00a0<\/div><\/div><div style=\"margin-left: 8px;\"><div style=\"background-color: #f4f4f4; border-radius: 50%; flex-grow: 0; height: 20px; width: 20px;\">\u00a0<\/div><div style=\"width: 0; height: 0; border-top: 2px solid transparent; border-left: 6px solid #f4f4f4; border-bottom: 2px solid transparent; transform: translateX(16px) translateY(-4px) rotate(30deg);\">\u00a0<\/div><\/div><div style=\"margin-left: auto;\"><div style=\"width: 0px; border-top: 8px solid #F4F4F4; border-right: 8px solid transparent; transform: translateY(16px);\">\u00a0<\/div><div style=\"background-color: #f4f4f4; flex-grow: 0; height: 12px; width: 16px; transform: translateY(-4px);\">\u00a0<\/div><div style=\"width: 0; height: 0; border-top: 8px solid #F4F4F4; border-left: 8px solid transparent; transform: translateY(-4px) translateX(8px);\">\u00a0<\/div><\/div><\/div><div style=\"display: flex; flex-direction: column; flex-grow: 1; justify-content: center; margin-bottom: 24px;\"><div style=\"background-color: #f4f4f4; border-radius: 4px; flex-grow: 0; height: 14px; margin-bottom: 6px; width: 224px;\">\u00a0<\/div><div style=\"background-color: #f4f4f4; border-radius: 4px; flex-grow: 0; height: 14px; width: 144px;\">\u00a0<\/div><\/div><p style=\"color: #c9c8cd; font-family: Arial,sans-serif; font-size: 14px; line-height: 17px; margin-bottom: 0; margin-top: 8px; overflow: hidden; padding: 8px 0 7px; text-align: center; text-overflow: ellipsis; white-space: nowrap;\"><a style=\"color: #c9c8cd; font-family: Arial,sans-serif; font-size: 14px; font-style: normal; font-weight: normal; line-height: 17px; text-decoration: none;\" href=\"https:\/\/www.instagram.com\/p\/CzcadoPvQvK\/?utm_source=ig_embed&amp;utm_campaign=loading\" target=\"_blank\" rel=\"noopener nofollow\">Una publicaci\u00f3n compartida de Fundacio\u0301n Fu\u0301tbol Ma\u0301s (@futbolmascl)<\/a><\/p><\/div><\/blockquote><p><script async src=\"\/\/www.instagram.com\/embed.js\"><\/script><\/p><p>Yendo a los resultados correspondientes a convivencia escolar como tal, ah\u00ed los resultados fueron tanto o m\u00e1s valiosos, reforzando la metodolog\u00eda de Fundaci\u00f3n F\u00fatbol M\u00e1s como una herramienta importante y con potencial para trabajar estas problem\u00e1ticas.<\/p><p>Por ejemplo, trav\u00e9s de la Encuesta de Satisfacci\u00f3n Docente, que mide la percepci\u00f3n de estos y de los funcionarios de las escuelas con el programa de Fundaci\u00f3n F\u00fatbol M\u00e1s, un<strong> 61% estuvo de acuerdo con que la aplicaci\u00f3n de este produjo que las y los estudiantes se traten con respeto entre pares.<\/strong><\/p><p>Asimismo, <strong>un 80% del equipo docente y asistentes de la comunidad educativa, consideran que F\u00fatbol M\u00e1s es un aporte para la convivencia escolar.<\/strong><\/p><p>\u201cLuego de esta presentaci\u00f3n de resultados nos <strong>reafirmamos que F\u00fatbol M\u00e1s s\u00ed tiene un valor para involucrarse en las escuelas: que entregamos una propuesta que es agradecida y valorada, pero que tambi\u00e9n nos plantea importantes desaf\u00edos<\/strong>. Este tipo de instancias tambi\u00e9n nos permite conectarnos con otros y hablar de tem\u00e1ticas claves en nuestro trabajo, como la convivencia escolar. Es as\u00ed como <strong>queremos seguir desafi\u00e1ndonos para impactar de mejor manera<\/strong> la vida de miles de ni\u00f1as, ni\u00f1os y j\u00f3venes de nuestro pa\u00eds\u201d, <strong>comenta Daniela Nore\u00f1a, directora ejecutiva de Fundaci\u00f3n F\u00fatbol M\u00e1s.<\/strong><\/p><blockquote class=\"instagram-media\" style=\"background: #FFF; border: 0; border-radius: 3px; box-shadow: 0 0 1px 0 rgba(0,0,0,0.5),0 1px 10px 0 rgba(0,0,0,0.15); margin: 1px; max-width: 540px; min-width: 326px; padding: 0; width: calc(100% - 2px);\" data-instgrm-captioned=\"\" data-instgrm-permalink=\"https:\/\/www.instagram.com\/reel\/C2M9V8zLNBZ\/?utm_source=ig_embed&amp;utm_campaign=loading\" data-instgrm-version=\"14\"><div style=\"padding: 16px;\"><p>\u00a0<\/p><div style=\"display: flex; flex-direction: row; align-items: center;\"><div style=\"background-color: #f4f4f4; border-radius: 50%; flex-grow: 0; height: 40px; margin-right: 14px; width: 40px;\">\u00a0<\/div><div style=\"display: flex; flex-direction: column; flex-grow: 1; justify-content: center;\"><div style=\"background-color: #f4f4f4; border-radius: 4px; flex-grow: 0; height: 14px; margin-bottom: 6px; width: 100px;\">\u00a0<\/div><div style=\"background-color: #f4f4f4; border-radius: 4px; flex-grow: 0; height: 14px; width: 60px;\">\u00a0<\/div><\/div><\/div><div style=\"padding: 19% 0;\">\u00a0<\/div><div style=\"display: block; height: 50px; margin: 0 auto 12px; width: 50px;\">\u00a0<\/div><div style=\"padding-top: 8px;\"><div style=\"color: #3897f0; font-family: Arial,sans-serif; font-size: 14px; font-style: normal; font-weight: 550; line-height: 18px;\">Ver esta publicaci\u00f3n en Instagram<\/div><\/div><div style=\"padding: 12.5% 0;\">\u00a0<\/div><div style=\"display: flex; flex-direction: row; margin-bottom: 14px; align-items: center;\"><div><div style=\"background-color: #f4f4f4; border-radius: 50%; height: 12.5px; width: 12.5px; transform: translateX(0px) translateY(7px);\">\u00a0<\/div><div style=\"background-color: #f4f4f4; height: 12.5px; transform: rotate(-45deg) translateX(3px) translateY(1px); width: 12.5px; flex-grow: 0; margin-right: 14px; margin-left: 2px;\">\u00a0<\/div><div style=\"background-color: #f4f4f4; border-radius: 50%; height: 12.5px; width: 12.5px; transform: translateX(9px) translateY(-18px);\">\u00a0<\/div><\/div><div style=\"margin-left: 8px;\"><div style=\"background-color: #f4f4f4; border-radius: 50%; flex-grow: 0; height: 20px; width: 20px;\">\u00a0<\/div><div style=\"width: 0; height: 0; border-top: 2px solid transparent; border-left: 6px solid #f4f4f4; border-bottom: 2px solid transparent; transform: translateX(16px) translateY(-4px) rotate(30deg);\">\u00a0<\/div><\/div><div style=\"margin-left: auto;\"><div style=\"width: 0px; border-top: 8px solid #F4F4F4; border-right: 8px solid transparent; transform: translateY(16px);\">\u00a0<\/div><div style=\"background-color: #f4f4f4; flex-grow: 0; height: 12px; width: 16px; transform: translateY(-4px);\">\u00a0<\/div><div style=\"width: 0; height: 0; border-top: 8px solid #F4F4F4; border-left: 8px solid transparent; transform: translateY(-4px) translateX(8px);\">\u00a0<\/div><\/div><\/div><div style=\"display: flex; flex-direction: column; flex-grow: 1; justify-content: center; margin-bottom: 24px;\"><div style=\"background-color: #f4f4f4; border-radius: 4px; flex-grow: 0; height: 14px; margin-bottom: 6px; width: 224px;\">\u00a0<\/div><div style=\"background-color: #f4f4f4; border-radius: 4px; flex-grow: 0; height: 14px; width: 144px;\">\u00a0<\/div><\/div><p>\u00a0<\/p><p style=\"color: #c9c8cd; font-family: Arial,sans-serif; font-size: 14px; line-height: 17px; margin-bottom: 0; margin-top: 8px; overflow: hidden; padding: 8px 0 7px; text-align: center; text-overflow: ellipsis; white-space: nowrap;\"><a style=\"color: #c9c8cd; font-family: Arial,sans-serif; font-size: 14px; font-style: normal; font-weight: normal; line-height: 17px; text-decoration: none;\" href=\"https:\/\/www.instagram.com\/reel\/C2M9V8zLNBZ\/?utm_source=ig_embed&amp;utm_campaign=loading\" target=\"_blank\" rel=\"noopener nofollow\">Una publicaci\u00f3n compartida de Fundacio\u0301n Fu\u0301tbol Ma\u0301s (@futbolmascl)<\/a><\/p><\/div><\/blockquote><p><script async src=\"\/\/www.instagram.com\/embed.js\"><\/script><\/p><p>\u201cEspacios como estos no abundan y por eso son tan valiosos. En el caso de Fundaci\u00f3n F\u00fatbol M\u00e1s se hace mucho m\u00e1s significativo porque tienen una metodolog\u00eda y est\u00e1n alineados con la educaci\u00f3n. Ah\u00ed es muy importante el trabajo que realizan, porque tambi\u00e9n est\u00e1n alineados y tiene relaci\u00f3n con muchas estrategias que son bases ministeriales. Por ejemplo, los IDPS (Indicadores de Desarrollo Personal y Social), el eje de reactivaci\u00f3n de salud mental y convivencia escolar, entonces hay que tener claro que F\u00fatbol M\u00e1s no es una carga para el establecimiento educacional, sino que es un aporte para nuestros lineamos e instrumentos institucionales\u201d,<strong> cuenta Nicole Aceituno, coordinadora de convivencia escolar de la Escuela Canad\u00e1 de O\u2019Higgins, que fue parte del Programa Escuelas durante la \u00faltima temporada.<\/strong><\/p><p>Por su lado,<strong> Nicol\u00e1s Cabbada, de la Agencia de Calidad de Educaci\u00f3n del Mineduc, valor\u00f3 la instancia y los resultados del Programa Escuelas de Fundaci\u00f3n F\u00fatbol M\u00e1s, <\/strong>realizando una reflexi\u00f3n desde la experiencia escolar. \u201cEl juego y el deporte no est\u00e1n desarrollados dentro de la experiencia escolar y esa \u00e1rea es estrecha. La mayor parte del tiempo los estudiantes pasan sentados escuchando al profesor o profesora. Hay poco espacio para aquello, sin embargo, biol\u00f3gicamente, el aprendizaje ocurre a trav\u00e9s del juego. Y as\u00ed lo dice la evidencia en la educaci\u00f3n parvularia. El juego es la principal estrategia pedag\u00f3gica para promover el aprendizaje en los estudiantes de cero a seis a\u00f1os, pero una vez que entran al sistema escolar, hasta cuando egresan, eso se ve reducido dr\u00e1sticamente. Y en los recreos, que es donde se dan esas instancias, no est\u00e1 regulado. De ah\u00ed la importancia de la metodolog\u00eda de Fundaci\u00f3n F\u00fatbol M\u00e1s, como un espacio protegido\u201d, agrega.<\/p><p>Durante 2023 la violencia entre estudiantes y el desgaste emocional de los equipos docentes y asistentes de la educaci\u00f3n fueron unas de las mayores problem\u00e1ticas de la convivencia escolar en Chile, que el Ministerio de Educaci\u00f3n evidenci\u00f3 a trav\u00e9s de la Encuesta \u201c<a href=\"https:\/\/www.latercera.com\/nacional\/noticia\/violencia-entre-estudiantes-y-desgaste-emocional-de-profesores-mineduc-revela-principales-problematicas-de-la-convivencia-escolar\/7CRYWKLIXBCGLOE66BYCA6XXKI\/\" rel=\"nofollow noopener\" target=\"_blank\">Pr\u00e1cticas de gesti\u00f3n y situaciones problem\u00e1ticas de convivencia escolar<\/a>\u201d. Seg\u00fan el estudio,<strong> un 70% de los encuestados consider\u00f3 la violencia entre los estudiantes como la principal problem\u00e1tica de convivencia en los establecimientos.<\/strong><\/p>\t\t\t\t\t\t\t\t<\/div>\n\t\t\t\t<\/div>\n\t\t\t\t\t<\/div>\n\t\t<\/div>\n\t\t\t\t\t<\/div>\n\t\t<\/section>\n\t\t\t\t<\/div>","protected":false},"excerpt":{"rendered":"<p>\u201cLuego de esta presentaci\u00f3n de resultados nos reafirmamos que F\u00fatbol M\u00e1s s\u00ed tiene un valor para involucrarse en las escuelas: que entregamos una propuesta que es agradecida y valorada, pero que tambi\u00e9n nos plantea importantes desaf\u00edos\u201d, dice Mar\u00eda Daniela Nore\u00f1a, directora ejecutiva de nuestra fundaci\u00f3n.<\/p>","protected":false},"author":5,"featured_media":47624,"comment_status":"closed","ping_status":"closed","sticky":false,"template":"","format":"standard","meta":{"_acf_changed":false,"footnotes":""},"categories":[1],"tags":[507,316,317,139,48,508,509],"class_list":["post-46018","post","type-post","status-publish","format-standard","has-post-thumbnail","hentry","category-chile","tag-agencia-de-la-calidad","tag-convivencia-escolar","tag-deporte-para-el-desarrollo","tag-educacion","tag-infancia","tag-innovacion-educativa","tag-ministerio-de-educacion"],"acf":[],"_links":{"self":[{"href":"https:\/\/futbolmas.org\/en\/wp-json\/wp\/v2\/posts\/46018","targetHints":{"allow":["GET"]}}],"collection":[{"href":"https:\/\/futbolmas.org\/en\/wp-json\/wp\/v2\/posts"}],"about":[{"href":"https:\/\/futbolmas.org\/en\/wp-json\/wp\/v2\/types\/post"}],"author":[{"embeddable":true,"href":"https:\/\/futbolmas.org\/en\/wp-json\/wp\/v2\/users\/5"}],"replies":[{"embeddable":true,"href":"https:\/\/futbolmas.org\/en\/wp-json\/wp\/v2\/comments?post=46018"}],"version-history":[{"count":0,"href":"https:\/\/futbolmas.org\/en\/wp-json\/wp\/v2\/posts\/46018\/revisions"}],"wp:featuredmedia":[{"embeddable":true,"href":"https:\/\/futbolmas.org\/en\/wp-json\/wp\/v2\/media\/47624"}],"wp:attachment":[{"href":"https:\/\/futbolmas.org\/en\/wp-json\/wp\/v2\/media?parent=46018"}],"wp:term":[{"taxonomy":"category","embeddable":true,"href":"https:\/\/futbolmas.org\/en\/wp-json\/wp\/v2\/categories?post=46018"},{"taxonomy":"post_tag","embeddable":true,"href":"https:\/\/futbolmas.org\/en\/wp-json\/wp\/v2\/tags?post=46018"}],"curies":[{"name":"wp","href":"https:\/\/api.w.org\/{rel}","templated":true}]}}