{"id":44807,"date":"2023-07-24T16:45:45","date_gmt":"2023-07-24T19:45:45","guid":{"rendered":"https:\/\/futbolmas.org\/?p=44807"},"modified":"2024-03-19T00:20:08","modified_gmt":"2024-03-19T00:20:08","slug":"dos-establecimientos-educacionales-de-longavi-son-beneficiarios-del-programa-escuelas-de-fundacion-futbol-mas","status":"publish","type":"post","link":"https:\/\/futbolmas.org\/en\/dos-establecimientos-educacionales-de-longavi-son-beneficiarios-del-programa-escuelas-de-fundacion-futbol-mas\/","title":{"rendered":"Dos establecimientos educacionales de Longav\u00ed son beneficiarios del programa Escuelas de Fundaci\u00f3n F\u00fatbol M\u00e1s"},"content":{"rendered":"<div data-elementor-type=\"wp-post\" data-elementor-id=\"44807\" class=\"elementor elementor-44807\" data-elementor-settings=\"{&quot;element_pack_global_tooltip_width&quot;:{&quot;unit&quot;:&quot;px&quot;,&quot;size&quot;:&quot;&quot;,&quot;sizes&quot;:[]},&quot;element_pack_global_tooltip_width_tablet&quot;:{&quot;unit&quot;:&quot;px&quot;,&quot;size&quot;:&quot;&quot;,&quot;sizes&quot;:[]},&quot;element_pack_global_tooltip_width_mobile&quot;:{&quot;unit&quot;:&quot;px&quot;,&quot;size&quot;:&quot;&quot;,&quot;sizes&quot;:[]},&quot;element_pack_global_tooltip_padding&quot;:{&quot;unit&quot;:&quot;px&quot;,&quot;top&quot;:&quot;&quot;,&quot;right&quot;:&quot;&quot;,&quot;bottom&quot;:&quot;&quot;,&quot;left&quot;:&quot;&quot;,&quot;isLinked&quot;:true},&quot;element_pack_global_tooltip_padding_tablet&quot;:{&quot;unit&quot;:&quot;px&quot;,&quot;top&quot;:&quot;&quot;,&quot;right&quot;:&quot;&quot;,&quot;bottom&quot;:&quot;&quot;,&quot;left&quot;:&quot;&quot;,&quot;isLinked&quot;:true},&quot;element_pack_global_tooltip_padding_mobile&quot;:{&quot;unit&quot;:&quot;px&quot;,&quot;top&quot;:&quot;&quot;,&quot;right&quot;:&quot;&quot;,&quot;bottom&quot;:&quot;&quot;,&quot;left&quot;:&quot;&quot;,&quot;isLinked&quot;:true},&quot;element_pack_global_tooltip_border_radius&quot;:{&quot;unit&quot;:&quot;px&quot;,&quot;top&quot;:&quot;&quot;,&quot;right&quot;:&quot;&quot;,&quot;bottom&quot;:&quot;&quot;,&quot;left&quot;:&quot;&quot;,&quot;isLinked&quot;:true},&quot;element_pack_global_tooltip_border_radius_tablet&quot;:{&quot;unit&quot;:&quot;px&quot;,&quot;top&quot;:&quot;&quot;,&quot;right&quot;:&quot;&quot;,&quot;bottom&quot;:&quot;&quot;,&quot;left&quot;:&quot;&quot;,&quot;isLinked&quot;:true},&quot;element_pack_global_tooltip_border_radius_mobile&quot;:{&quot;unit&quot;:&quot;px&quot;,&quot;top&quot;:&quot;&quot;,&quot;right&quot;:&quot;&quot;,&quot;bottom&quot;:&quot;&quot;,&quot;left&quot;:&quot;&quot;,&quot;isLinked&quot;:true}}\" data-elementor-post-type=\"post\">\n\t\t\t\t\t\t<section class=\"elementor-section elementor-top-section elementor-element elementor-element-37299369 elementor-section-boxed elementor-section-height-default elementor-section-height-default\" data-id=\"37299369\" data-element_type=\"section\" data-e-type=\"section\">\n\t\t\t\t\t\t<div class=\"elementor-container elementor-column-gap-default\">\n\t\t\t\t\t<div class=\"elementor-column elementor-col-100 elementor-top-column elementor-element elementor-element-5913d042\" data-id=\"5913d042\" data-element_type=\"column\" data-e-type=\"column\">\n\t\t\t<div class=\"elementor-widget-wrap elementor-element-populated\">\n\t\t\t\t\t\t<div class=\"elementor-element elementor-element-1a9497ba elementor-widget elementor-widget-text-editor\" data-id=\"1a9497ba\" data-element_type=\"widget\" data-e-type=\"widget\" data-widget_type=\"text-editor.default\">\n\t\t\t\t<div class=\"elementor-widget-container\">\n\t\t\t\t\t\t\t\t\t<p>Los establecimientos Juan de La Cruz Dom\u00ednguez y Marcela Paz, ambas de Longav\u00ed, Regi\u00f3n del Maule, son parte del programa Escuelas ejecutado por Fundaci\u00f3n F\u00fatbol M\u00e1s y Forestal Santa Blanca por segundo a\u00f1o consecutivo. Se trata de una iniciativa que tiene como prop\u00f3sito promover una sana convivencia escolar y mejorar los \u00edndices de salud f\u00edsica y mental de ni\u00f1as, ni\u00f1os y adolescentes a trav\u00e9s del juego y el deporte.<\/p><p>Este a\u00f1o, el programa cuenta con una malla curricular dirigida a ni\u00f1os de primero a octavo b\u00e1sico, la cual profundiza cada uno de los objetivos establecidos por el Mineduc en materia de Educaci\u00f3n F\u00edsica. La ejecuci\u00f3n de este plan se realiza a trav\u00e9s de la codocencia, iniciativa que busca traspasar herramientas basadas en la metodolog\u00eda del Deporte para el Desarrollo hacia los docentes y estudiantes.<\/p><p><img loading=\"lazy\" decoding=\"async\" class=\"wp-image-44809 alignright\" src=\"https:\/\/futbolmas.org\/wp-content\/uploads\/2023\/07\/Juan-de-la-Cruz-Dominguez-Longavi-300x225.jpg\" alt=\"\" width=\"407\" height=\"305\"><\/p><p>\u201cEstamos convencidos que el juego y el deporte son herramientas muy significativas en los procesos de aprendizaje. Por lo que a trav\u00e9s de diferentes l\u00edneas de acci\u00f3n queremos aportar a la sana convivencia escolar y las buenas relaciones interpersonales. El bienestar socioemocional de los docentes es el primer paso para poder generar una comunidad sana y que promueva el aprendizaje a trav\u00e9s de la experiencia\u201d, dijo Miguel Cuevas, coordinador territorial de Fundaci\u00f3n F\u00fatbol M\u00e1s.<\/p><p>Otra de las novedades que considera esta nueva versi\u00f3n, es la ejecuci\u00f3n de Camarines Educativos. Jornadas de autocuidado y entrega de herramientas l\u00fadicas dirigidas a docentes de diferentes asignaturas y asistentes de la educaci\u00f3n. En la primera ejecuci\u00f3n se logr\u00f3 reunir a 42 profesionales de la educaci\u00f3n, sumando a ambas escuelas, y tuvo como objetivo promover el trabajo en equipo y reflexionar sobre la importancia de la colaboraci\u00f3n para lograr las metas propuestas.<\/p><p>\u201cDentro de nuestros valores corporativos podemos encontrar el \u2018<em>Respeto a la Diversidad <\/em>and the<em> Trabajo en Equipo\u2019<\/em>, los cuales se pueden extrapolar directamente a los programas que desarrolla la Fundaci\u00f3n Futbol M\u00e1s. Por consiguiente, para nosotros nos hace mucho sentido apoyar este tipo de iniciativas que aportan a la comunidad local y que hacen suyas justamente estos mismos valores, junto a otros propios, por medio de las distintas actividades dirigidas a todos los integrantes de estos dos establecimientos educacionales de Longavi\u201d, menciona Leslie Mora, Jefe Gesti\u00f3n de Personas de Forestal Santa Blanca.<\/p><p><img loading=\"lazy\" decoding=\"async\" class=\"aligncenter  wp-image-44812\" src=\"https:\/\/futbolmas.org\/wp-content\/uploads\/2023\/07\/20230523_163710-300x140.jpg\" alt=\"\" width=\"435\" height=\"203\"><\/p><p>El programa Escuelas lleva dos meses de ejecuci\u00f3n, donde a trav\u00e9s de la metodolog\u00eda del Deporte para el Desarrollo se han llevado a cabo 40 clases, lo que ha beneficiado a m\u00e1s de 160 ni\u00f1os, ni\u00f1as y adolescentes, quienes han visto c\u00f3mo gracias al deporte y el juego se han promovido valores transversales como la responsabilidad, respeto y alegr\u00eda. Adem\u00e1s, han podido percibir lo positivo a trav\u00e9s de la Tarjeta Verde, herramienta pedag\u00f3gica ocupada por Fundaci\u00f3n F\u00fatbol M\u00e1s para lograr una transformaci\u00f3n social.<\/p><p>Osvaldo Reyes Torres, profesor de educaci\u00f3n f\u00edsica de la escuela Marcela Paz, es uno de los beneficiarios del programa y de la codocencia, estilo metodol\u00f3gico donde el tutor de Fundaci\u00f3n F\u00fatbol M\u00e1s acompa\u00f1a el proceso de planificaci\u00f3n y ejecuci\u00f3n integrando componentes sociodeportivos a la clase de Educaci\u00f3n F\u00edsica.<\/p><p>\u201cCompartir con otros las experiencias laborales me enriquece, ya que nuestra asignatura es un poco solitaria. Complementar lo que ten\u00eda planificado con las actividades que me entrega Javier Ulloa, profesor de Fundaci\u00f3n F\u00fatbol M\u00e1s, es un plus para mi ejecuci\u00f3n con los estudiantes. Integrar a otros docentes nos hace trabajar en un solo equipo\u201d, mencion\u00f3 Osvaldo Reyes.<\/p><p><img loading=\"lazy\" decoding=\"async\" class=\"aligncenter  wp-image-44811\" src=\"https:\/\/futbolmas.org\/wp-content\/uploads\/2023\/07\/Marcela-Paz-Longavi-1-300x200.jpg\" alt=\"\" width=\"415\" height=\"276\"><\/p>\t\t\t\t\t\t\t\t<\/div>\n\t\t\t\t<\/div>\n\t\t\t\t\t<\/div>\n\t\t<\/div>\n\t\t\t\t\t<\/div>\n\t\t<\/section>\n\t\t\t\t<\/div>","protected":false},"excerpt":{"rendered":"<p>Este a\u00f1o el programa cuenta con una malla curricular dirigida a ni\u00f1os primer y segundo ciclo, la cual profundiza los Objetivos de Aprendizajes y Actitudinales establecidos por el Mineduc.<\/p>","protected":false},"author":5,"featured_media":44810,"comment_status":"closed","ping_status":"closed","sticky":false,"template":"","format":"standard","meta":{"_acf_changed":false,"footnotes":""},"categories":[1],"tags":[317,437,76,69,48,460,400,461],"class_list":["post-44807","post","type-post","status-publish","format-standard","has-post-thumbnail","hentry","category-chile","tag-deporte-para-el-desarrollo","tag-deporte-y-juego","tag-escuelas","tag-forestal-santa-blanca","tag-infancia","tag-juan-de-la-cruz-dominguez","tag-longavi","tag-marcela-paz"],"acf":[],"_links":{"self":[{"href":"https:\/\/futbolmas.org\/en\/wp-json\/wp\/v2\/posts\/44807","targetHints":{"allow":["GET"]}}],"collection":[{"href":"https:\/\/futbolmas.org\/en\/wp-json\/wp\/v2\/posts"}],"about":[{"href":"https:\/\/futbolmas.org\/en\/wp-json\/wp\/v2\/types\/post"}],"author":[{"embeddable":true,"href":"https:\/\/futbolmas.org\/en\/wp-json\/wp\/v2\/users\/5"}],"replies":[{"embeddable":true,"href":"https:\/\/futbolmas.org\/en\/wp-json\/wp\/v2\/comments?post=44807"}],"version-history":[{"count":0,"href":"https:\/\/futbolmas.org\/en\/wp-json\/wp\/v2\/posts\/44807\/revisions"}],"wp:featuredmedia":[{"embeddable":true,"href":"https:\/\/futbolmas.org\/en\/wp-json\/"}],"wp:attachment":[{"href":"https:\/\/futbolmas.org\/en\/wp-json\/wp\/v2\/media?parent=44807"}],"wp:term":[{"taxonomy":"category","embeddable":true,"href":"https:\/\/futbolmas.org\/en\/wp-json\/wp\/v2\/categories?post=44807"},{"taxonomy":"post_tag","embeddable":true,"href":"https:\/\/futbolmas.org\/en\/wp-json\/wp\/v2\/tags?post=44807"}],"curies":[{"name":"wp","href":"https:\/\/api.w.org\/{rel}","templated":true}]}}