{"id":44740,"date":"2023-07-03T20:09:41","date_gmt":"2023-07-03T23:09:41","guid":{"rendered":"https:\/\/futbolmas.org\/?p=44740"},"modified":"2024-03-19T00:20:08","modified_gmt":"2024-03-19T00:20:08","slug":"altavista-de-la-mano-de-sus-lideresas-y-el-profe-carlitos","status":"publish","type":"post","link":"https:\/\/futbolmas.org\/en\/altavista-de-la-mano-de-sus-lideresas-y-el-profe-carlitos\/","title":{"rendered":"Altavista: de la mano de sus lideresas y el profe Carlitos"},"content":{"rendered":"<div data-elementor-type=\"wp-post\" data-elementor-id=\"44740\" class=\"elementor elementor-44740\" data-elementor-settings=\"{&quot;element_pack_global_tooltip_width&quot;:{&quot;unit&quot;:&quot;px&quot;,&quot;size&quot;:&quot;&quot;,&quot;sizes&quot;:[]},&quot;element_pack_global_tooltip_width_tablet&quot;:{&quot;unit&quot;:&quot;px&quot;,&quot;size&quot;:&quot;&quot;,&quot;sizes&quot;:[]},&quot;element_pack_global_tooltip_width_mobile&quot;:{&quot;unit&quot;:&quot;px&quot;,&quot;size&quot;:&quot;&quot;,&quot;sizes&quot;:[]},&quot;element_pack_global_tooltip_padding&quot;:{&quot;unit&quot;:&quot;px&quot;,&quot;top&quot;:&quot;&quot;,&quot;right&quot;:&quot;&quot;,&quot;bottom&quot;:&quot;&quot;,&quot;left&quot;:&quot;&quot;,&quot;isLinked&quot;:true},&quot;element_pack_global_tooltip_padding_tablet&quot;:{&quot;unit&quot;:&quot;px&quot;,&quot;top&quot;:&quot;&quot;,&quot;right&quot;:&quot;&quot;,&quot;bottom&quot;:&quot;&quot;,&quot;left&quot;:&quot;&quot;,&quot;isLinked&quot;:true},&quot;element_pack_global_tooltip_padding_mobile&quot;:{&quot;unit&quot;:&quot;px&quot;,&quot;top&quot;:&quot;&quot;,&quot;right&quot;:&quot;&quot;,&quot;bottom&quot;:&quot;&quot;,&quot;left&quot;:&quot;&quot;,&quot;isLinked&quot;:true},&quot;element_pack_global_tooltip_border_radius&quot;:{&quot;unit&quot;:&quot;px&quot;,&quot;top&quot;:&quot;&quot;,&quot;right&quot;:&quot;&quot;,&quot;bottom&quot;:&quot;&quot;,&quot;left&quot;:&quot;&quot;,&quot;isLinked&quot;:true},&quot;element_pack_global_tooltip_border_radius_tablet&quot;:{&quot;unit&quot;:&quot;px&quot;,&quot;top&quot;:&quot;&quot;,&quot;right&quot;:&quot;&quot;,&quot;bottom&quot;:&quot;&quot;,&quot;left&quot;:&quot;&quot;,&quot;isLinked&quot;:true},&quot;element_pack_global_tooltip_border_radius_mobile&quot;:{&quot;unit&quot;:&quot;px&quot;,&quot;top&quot;:&quot;&quot;,&quot;right&quot;:&quot;&quot;,&quot;bottom&quot;:&quot;&quot;,&quot;left&quot;:&quot;&quot;,&quot;isLinked&quot;:true}}\" data-elementor-post-type=\"post\">\n\t\t\t\t\t\t<section class=\"elementor-section elementor-top-section elementor-element elementor-element-37299369 elementor-section-boxed elementor-section-height-default elementor-section-height-default\" data-id=\"37299369\" data-element_type=\"section\" data-e-type=\"section\">\n\t\t\t\t\t\t<div class=\"elementor-container elementor-column-gap-default\">\n\t\t\t\t\t<div class=\"elementor-column elementor-col-100 elementor-top-column elementor-element elementor-element-5913d042\" data-id=\"5913d042\" data-element_type=\"column\" data-e-type=\"column\">\n\t\t\t<div class=\"elementor-widget-wrap elementor-element-populated\">\n\t\t\t\t\t\t<div class=\"elementor-element elementor-element-1a9497ba elementor-widget elementor-widget-text-editor\" data-id=\"1a9497ba\" data-element_type=\"widget\" data-e-type=\"widget\" data-widget_type=\"text-editor.default\">\n\t\t\t\t<div class=\"elementor-widget-container\">\n\t\t\t\t\t\t\t\t\t<p>El terremoto de 7.1 de magnitud que en septiembre de 2017 afect\u00f3 a gran parte de la zona centro de M\u00e9xico, quedar\u00e1 marcado como una de las mayores cat\u00e1strofes en la historia del pa\u00eds. Un momento que trajo consigo tristeza e incertidumbre, pero que termin\u00f3 significando una oportunidad para mostrarle al mundo la resiliencia del pueblo mexicano.<br \/><img loading=\"lazy\" decoding=\"async\" class=\"aligncenter  wp-image-44748\" src=\"https:\/\/futbolmas.org\/wp-content\/uploads\/2023\/07\/230620-Futbol-Mas-Vista-Hermosa-84-300x200.jpg\" alt=\"\" width=\"450\" height=\"300\"><br \/>En ese momento, Carlos Hurtado, profesor de educaci\u00f3n f\u00edsica, se encontraba en el preescolar de la escuela donde trabajaba. R\u00e1pidamente, al sentir como se mov\u00eda la tierra, prest\u00f3 asistencia y la ayuda necesaria para que todos los ni\u00f1os y ni\u00f1as se encontraran bien.<\/p><p>A inicios del a\u00f1o 2017, la Fundaci\u00f3n Futbol M\u00e1s hab\u00eda abierto operaciones en una comunidad de la Ciudad de M\u00e9xico. Era un equipo peque\u00f1o que comenzaba a escribir la historia de la organizaci\u00f3n en el pa\u00eds y que, debido a la circunstancia del terremoto, debi\u00f3 adaptarse y crecer r\u00e1pidamente.<\/p><p>Como en muchas otras oportunidades a lo largo de los 15 a\u00f1os de F\u00fatbol M\u00e1s, Unicef confi\u00f3 en la metodolog\u00eda que la fundaci\u00f3n desarrolla en contextos de desastres naturales para desarrollar una intervenci\u00f3n conjunta en Oaxaca y Morelos, lugares que tambi\u00e9n fueron tremendamente afectados por la cat\u00e1strofe.<\/p><p>De inmediato, profesionales de ambas organizaciones fueron a conocer los albergues para que el 1 de enero estuviese listo el inicio de las sesiones en los seis lugares donde se ejecutar\u00eda el programa que durar\u00eda seis meses de intervenci\u00f3n. El objetivo deb\u00eda ser reestablecer los derechos de la infancia, desde un modelo de resiliencia aplicada en el juego y el deporte, entendiendo que uno de los grupos m\u00e1s afectados en este tipo de situaciones es la ni\u00f1ez.<\/p><p>Las primeras sesiones fueron de involucramiento, sin categor\u00edas. Con un meg\u00e1fono, entremedio de las carpas de los albergues, los ni\u00f1os y ni\u00f1as acompa\u00f1aban ese recorrido con sus casacas de F\u00fatbol M\u00e1s. Se logr\u00f3 convocar a muchas personas.<br \/><img loading=\"lazy\" decoding=\"async\" class=\"aligncenter  wp-image-44749\" src=\"https:\/\/futbolmas.org\/wp-content\/uploads\/2023\/07\/230620-Futbol-Mas-Vista-Hermosa-37-300x200.jpg\" alt=\"\" width=\"451\" height=\"300\"><\/p><p>Uno de los profesionales que entr\u00f3 en enero de 2018 a hacerse cargo del desaf\u00edo de llevar adelante la intervenci\u00f3n en Morelos fue justamente el <em>profe <\/em>Carlos, o Carlitos, como se le conoce en los barrios. Carlitos pertenece a un equipo de tutores que comenz\u00f3 casi a la par del nacimiento de F\u00fatbol M\u00e1s en M\u00e9xico, por lo que conoce a cabalidad la metodolog\u00eda y ha podido ser testigo de los cambios que el programa ha generado en la infancia y sus comunidades.<\/p><p>Uno de esos cambios fue justamente el que tuvo el programa en Morelos, ya que la intervenci\u00f3n en albergues dur\u00f3 casi un a\u00f1o y luego debi\u00f3 adaptarse a una intervenci\u00f3n m\u00e1s comunitaria. Los lugares escogidos para llevar a cabo esa transici\u00f3n fueron Ni\u00f1os H\u00e9roes y Altavista. Fue justamente gracias a una de las l\u00edderes que actualmente realizan las sesiones en el barrio, que se logr\u00f3 dar con la cancha de Altavista, quien luego de algunas gestiones con el municipio, ayud\u00f3 a que F\u00fatbol M\u00e1s pudiera iniciar el programa en noviembre de 2019.<\/p><p>Pero el terremoto no ser\u00eda el \u00fanico de las emergencias que el territorio debi\u00f3 afrontar en poco tiempo. Esto porque al poco tiempo de haber iniciado el programa, la pandemia de Covid-19 ya hab\u00eda llegado a M\u00e9xico. Fue un golpe fuerte, porque en un principio hubo mucha participaci\u00f3n, pero no se hab\u00eda logrado profundizar lo suficiente con la metodolog\u00eda. Una vez m\u00e1s, F\u00fatbol M\u00e1s y la comunidad, debieron reinventarse y esperar para volver a la cancha.<\/p><p>Hoy en d\u00eda, son casi 50 ni\u00f1os y ni\u00f1as las que asisten de manera regular a las sesiones que la fundaci\u00f3n realiza dos veces a la semana. La particularidad es que son realizadas por cuatro mujeres l\u00edderes bajo la formaci\u00f3n y acompa\u00f1amiento del profe Carlitos. \u201cEllas se llevan mi respeto y el de la comunidad porque son las gestoras de todo esto. Pr\u00e1cticamente han levantado al barrio y han trabajado todo este tiempo con los ni\u00f1os y ni\u00f1as\u201d, dice Carlos.<\/p><p><img loading=\"lazy\" decoding=\"async\" class=\"aligncenter  wp-image-44750\" src=\"https:\/\/futbolmas.org\/wp-content\/uploads\/2023\/07\/230620-Futbol-Mas-Vista-Hermosa-53-300x200.jpg\" alt=\"\" width=\"450\" height=\"300\"><\/p><p>En este momento, la comunidad de Altavista se encuentra en un proceso de capacitaciones de nuevos l\u00edderes, el cual terminar\u00e1 el mes de diciembre. La idea es que puedan graduarse en esa fecha como l\u00edderes en formaci\u00f3n, l\u00edderes monitores y l\u00edderes mentores, seg\u00fan corresponda el caso. Tambi\u00e9n se dar\u00e1 inicio con el Partido de mi Barrio en la comunidad. De aqu\u00ed a diciembre la idea es que est\u00e9n participando con esa l\u00ednea de intervenci\u00f3n y poder gestionar redes que vayan en beneficio de las ni\u00f1as y ni\u00f1os en el barrio.<\/p><p>Tras cinco a\u00f1os y medio en la fundaci\u00f3n, el profe Carlitos hace una reflexi\u00f3n sobre su proceso, \u201csiempre dije que F\u00fatbol M\u00e1s lleg\u00f3 a mi vida como el trabajo ideal. Amo ense\u00f1ar y amo el f\u00fatbol. Es algo diferente. Los que no conocen F\u00fatbol M\u00e1s, piensan que solo vienen a jugar f\u00fatbol y cuando nos conocen se dan cuenta que se llevan aprendizajes. Esa ense\u00f1anza la llevan durante toda la vida. La infancia est\u00e1 cambiando su mentalidad y eso es gracias a F\u00fatbol M\u00e1s\u201d.<\/p><p><img loading=\"lazy\" decoding=\"async\" class=\"aligncenter  wp-image-44751\" src=\"https:\/\/futbolmas.org\/wp-content\/uploads\/2023\/07\/230620-Futbol-Mas-Vista-Hermosa-66-300x240.jpg\" alt=\"\" width=\"437\" height=\"349\"><\/p><p>El F\u00fatbol Puede Transformar la Realidad.<\/p>\t\t\t\t\t\t\t\t<\/div>\n\t\t\t\t<\/div>\n\t\t\t\t\t<\/div>\n\t\t<\/div>\n\t\t\t\t\t<\/div>\n\t\t<\/section>\n\t\t\t\t<\/div>","protected":false},"excerpt":{"rendered":"<p>Ubicado en el Estado de Morelos, a las afueras de Jojutla, el barrio de Altavista guarda una relaci\u00f3n con F\u00fatbol M\u00e1s M\u00e9xico que inici\u00f3 a partir de una cat\u00e1strofe natural. Sobre las fisuras de ese episodio, se levanta un barrio que, de la mano del deporte y el juego, se ha consolidado gracias a sus j\u00f3venes. <\/p>","protected":false},"author":5,"featured_media":44741,"comment_status":"closed","ping_status":"closed","sticky":false,"template":"","format":"standard","meta":{"_acf_changed":false,"footnotes":""},"categories":[38],"tags":[317,437,48,249],"class_list":["post-44740","post","type-post","status-publish","format-standard","has-post-thumbnail","hentry","category-mexico","tag-deporte-para-el-desarrollo","tag-deporte-y-juego","tag-infancia","tag-programa-barrios"],"acf":[],"_links":{"self":[{"href":"https:\/\/futbolmas.org\/en\/wp-json\/wp\/v2\/posts\/44740","targetHints":{"allow":["GET"]}}],"collection":[{"href":"https:\/\/futbolmas.org\/en\/wp-json\/wp\/v2\/posts"}],"about":[{"href":"https:\/\/futbolmas.org\/en\/wp-json\/wp\/v2\/types\/post"}],"author":[{"embeddable":true,"href":"https:\/\/futbolmas.org\/en\/wp-json\/wp\/v2\/users\/5"}],"replies":[{"embeddable":true,"href":"https:\/\/futbolmas.org\/en\/wp-json\/wp\/v2\/comments?post=44740"}],"version-history":[{"count":0,"href":"https:\/\/futbolmas.org\/en\/wp-json\/wp\/v2\/posts\/44740\/revisions"}],"wp:featuredmedia":[{"embeddable":true,"href":"https:\/\/futbolmas.org\/en\/wp-json\/"}],"wp:attachment":[{"href":"https:\/\/futbolmas.org\/en\/wp-json\/wp\/v2\/media?parent=44740"}],"wp:term":[{"taxonomy":"category","embeddable":true,"href":"https:\/\/futbolmas.org\/en\/wp-json\/wp\/v2\/categories?post=44740"},{"taxonomy":"post_tag","embeddable":true,"href":"https:\/\/futbolmas.org\/en\/wp-json\/wp\/v2\/tags?post=44740"}],"curies":[{"name":"wp","href":"https:\/\/api.w.org\/{rel}","templated":true}]}}