{"id":44137,"date":"2023-05-18T11:45:25","date_gmt":"2023-05-18T14:45:25","guid":{"rendered":"https:\/\/futbolmas.org\/?p=44137"},"modified":"2024-03-19T00:20:25","modified_gmt":"2024-03-19T00:20:25","slug":"agrosuper-y-futbol-mas-dan-inicio-al-programa-educando-desde-el-juego-y-el-deporte-en-ocho-comunas-de-la-region-de-ohiggins","status":"publish","type":"post","link":"https:\/\/futbolmas.org\/en\/agrosuper-y-futbol-mas-dan-inicio-al-programa-educando-desde-el-juego-y-el-deporte-en-ocho-comunas-de-la-region-de-ohiggins\/","title":{"rendered":"Agrosuper y F\u00fatbol M\u00e1s dan inicio al programa \u201cEducando desde el juego y el deporte\u201d en ocho comunas de la Regi\u00f3n de O\u2019Higgins"},"content":{"rendered":"<div data-elementor-type=\"wp-post\" data-elementor-id=\"44137\" class=\"elementor elementor-44137\" data-elementor-settings=\"{&quot;element_pack_global_tooltip_width&quot;:{&quot;unit&quot;:&quot;px&quot;,&quot;size&quot;:&quot;&quot;,&quot;sizes&quot;:[]},&quot;element_pack_global_tooltip_width_tablet&quot;:{&quot;unit&quot;:&quot;px&quot;,&quot;size&quot;:&quot;&quot;,&quot;sizes&quot;:[]},&quot;element_pack_global_tooltip_width_mobile&quot;:{&quot;unit&quot;:&quot;px&quot;,&quot;size&quot;:&quot;&quot;,&quot;sizes&quot;:[]},&quot;element_pack_global_tooltip_padding&quot;:{&quot;unit&quot;:&quot;px&quot;,&quot;top&quot;:&quot;&quot;,&quot;right&quot;:&quot;&quot;,&quot;bottom&quot;:&quot;&quot;,&quot;left&quot;:&quot;&quot;,&quot;isLinked&quot;:true},&quot;element_pack_global_tooltip_padding_tablet&quot;:{&quot;unit&quot;:&quot;px&quot;,&quot;top&quot;:&quot;&quot;,&quot;right&quot;:&quot;&quot;,&quot;bottom&quot;:&quot;&quot;,&quot;left&quot;:&quot;&quot;,&quot;isLinked&quot;:true},&quot;element_pack_global_tooltip_padding_mobile&quot;:{&quot;unit&quot;:&quot;px&quot;,&quot;top&quot;:&quot;&quot;,&quot;right&quot;:&quot;&quot;,&quot;bottom&quot;:&quot;&quot;,&quot;left&quot;:&quot;&quot;,&quot;isLinked&quot;:true},&quot;element_pack_global_tooltip_border_radius&quot;:{&quot;unit&quot;:&quot;px&quot;,&quot;top&quot;:&quot;&quot;,&quot;right&quot;:&quot;&quot;,&quot;bottom&quot;:&quot;&quot;,&quot;left&quot;:&quot;&quot;,&quot;isLinked&quot;:true},&quot;element_pack_global_tooltip_border_radius_tablet&quot;:{&quot;unit&quot;:&quot;px&quot;,&quot;top&quot;:&quot;&quot;,&quot;right&quot;:&quot;&quot;,&quot;bottom&quot;:&quot;&quot;,&quot;left&quot;:&quot;&quot;,&quot;isLinked&quot;:true},&quot;element_pack_global_tooltip_border_radius_mobile&quot;:{&quot;unit&quot;:&quot;px&quot;,&quot;top&quot;:&quot;&quot;,&quot;right&quot;:&quot;&quot;,&quot;bottom&quot;:&quot;&quot;,&quot;left&quot;:&quot;&quot;,&quot;isLinked&quot;:true}}\" data-elementor-post-type=\"post\">\n\t\t\t\t\t\t<section class=\"elementor-section elementor-top-section elementor-element elementor-element-37299369 elementor-section-boxed elementor-section-height-default elementor-section-height-default\" data-id=\"37299369\" data-element_type=\"section\" data-e-type=\"section\">\n\t\t\t\t\t\t<div class=\"elementor-container elementor-column-gap-default\">\n\t\t\t\t\t<div class=\"elementor-column elementor-col-100 elementor-top-column elementor-element elementor-element-5913d042\" data-id=\"5913d042\" data-element_type=\"column\" data-e-type=\"column\">\n\t\t\t<div class=\"elementor-widget-wrap elementor-element-populated\">\n\t\t\t\t\t\t<div class=\"elementor-element elementor-element-1a9497ba elementor-widget elementor-widget-text-editor\" data-id=\"1a9497ba\" data-element_type=\"widget\" data-e-type=\"widget\" data-widget_type=\"text-editor.default\">\n\t\t\t\t<div class=\"elementor-widget-container\">\n\t\t\t\t\t\t\t\t\t<p>Once escuelas pertenecientes a las comunas de Mostazal, Codegua, Graneros, Rancagua, Do\u00f1ihue, Requ\u00ednoa, Rengo y San Vicente forman parte de la nueva versi\u00f3n del programa \u201cEducando desde el juego y el deporte\u201d de F\u00fatbol M\u00e1s. Se trata de una iniciativa liderada por la fundaci\u00f3n y Agrosuper, que tiene como prop\u00f3sito potenciar el desarrollo y mejora la salud mental de ni\u00f1as, ni\u00f1os y adolescentes a trav\u00e9s de la actividad f\u00edsica y el deporte.<\/p><p>Este a\u00f1o, el programa cuenta con una malla curricular dirigida a ni\u00f1os de tercero a octavo b\u00e1sico, la cual profundiza cada uno de los objetivos establecidos por el Mineduc en materia de Educaci\u00f3n F\u00edsica. La ejecuci\u00f3n de este plan se realiza a trav\u00e9s de la codocencia, iniciativa que busca traspasar herramientas basadas en la metodolog\u00eda del deporte hacia los docentes y estudiantes.<\/p><p><img loading=\"lazy\" decoding=\"async\" class=\"aligncenter  wp-image-44141\" src=\"https:\/\/futbolmas.org\/wp-content\/uploads\/2023\/05\/IMG_3603-300x200.jpg\" alt=\"\" width=\"401\" height=\"267\"><\/p><p>La jefa de Relaciones con la Comunidad de Agrosuper, Mar\u00eda In\u00e9s Herrera, valor\u00f3 los frutos de la alianza con F\u00fatbol M\u00e1s, la cual ha permitido beneficiar a alumnos de distintas edades y comunas de la regi\u00f3n. <strong>\u201cEste 2023 esperamos seguir contribuyendo a la mejora del clima en escuelas y fortaleciendo la importancia de cuidar la salud mental y f\u00edsica de ni\u00f1os, ni\u00f1as y j\u00f3venes\u201d, <\/strong>se\u00f1al\u00f3.<\/p><p>Otra de las novedades que considera esta nueva versi\u00f3n, es la ejecuci\u00f3n de los encuentros sociodeportivos entre instituciones educativas. La actividad est\u00e1 dirigida a alumnos, y tambi\u00e9n, a docentes y familias, en la b\u00fasqueda de promover una sana convivencia dentro de la comunidad escolar. Asimismo, tiene como prop\u00f3sito continuar fomentando los valores fundacionales y reforzar la idea de trabajar d\u00eda a d\u00eda bajo una mentalidad positiva.<\/p><p><img loading=\"lazy\" decoding=\"async\" class=\"aligncenter  wp-image-44140\" src=\"https:\/\/futbolmas.org\/wp-content\/uploads\/2023\/05\/DSC0739-2-300x199.jpg\" alt=\"\" width=\"398\" height=\"264\"><\/p><p>Por su parte, la coordinadora regional de Fundaci\u00f3n F\u00fatbol M\u00e1s, Tania Torres, manifest\u00f3 su satisfacci\u00f3n de trabajar por noveno a\u00f1o consecutivo con la compa\u00f1\u00eda.<strong> \u201cCreemos en esta alianza ya que, tanto para la fundaci\u00f3n como para Agrosuper, la educaci\u00f3n es un eje fundamental para transformar la realidad de ni\u00f1os y ni\u00f1as de comunidades locales\u201d.<\/strong><\/p><p>Durante 2022, el programa <em>\u201c<\/em>Educando desde el juego y el deporte\u201d alcanz\u00f3 un total de 961 alumnos y 242 docentes beneficiarios. Para este a\u00f1o, la iniciativa busca impactar positivamente en m\u00e1s de 1.000 alumnos, as\u00ed como tambi\u00e9n, contribuir a la formaci\u00f3n de 270 profesores.<\/p><p><img loading=\"lazy\" decoding=\"async\" class=\"aligncenter  wp-image-44139\" src=\"https:\/\/futbolmas.org\/wp-content\/uploads\/2023\/05\/DSC0189-300x199.jpg\" alt=\"\" width=\"402\" height=\"267\"><\/p>\t\t\t\t\t\t\t\t<\/div>\n\t\t\t\t<\/div>\n\t\t\t\t\t<\/div>\n\t\t<\/div>\n\t\t\t\t\t<\/div>\n\t\t<\/section>\n\t\t\t\t<\/div>","protected":false},"excerpt":{"rendered":"<p>Este a\u00f1o el programa cuenta con una malla curricular dirigida a ni\u00f1os de tercero a octavo b\u00e1sico, la cual profundiza cada uno de los Objetivos de Aprendizajes y Actitudinales establecidos por el Mineduc.<\/p>","protected":false},"author":5,"featured_media":44145,"comment_status":"closed","ping_status":"closed","sticky":false,"template":"","format":"standard","meta":{"_acf_changed":false,"footnotes":""},"categories":[1],"tags":[137,317,437,139,76,48,441],"class_list":["post-44137","post","type-post","status-publish","format-standard","has-post-thumbnail","hentry","category-chile","tag-agrosuper","tag-deporte-para-el-desarrollo","tag-deporte-y-juego","tag-educacion","tag-escuelas","tag-infancia","tag-region-de-ohiggins"],"acf":[],"_links":{"self":[{"href":"https:\/\/futbolmas.org\/en\/wp-json\/wp\/v2\/posts\/44137","targetHints":{"allow":["GET"]}}],"collection":[{"href":"https:\/\/futbolmas.org\/en\/wp-json\/wp\/v2\/posts"}],"about":[{"href":"https:\/\/futbolmas.org\/en\/wp-json\/wp\/v2\/types\/post"}],"author":[{"embeddable":true,"href":"https:\/\/futbolmas.org\/en\/wp-json\/wp\/v2\/users\/5"}],"replies":[{"embeddable":true,"href":"https:\/\/futbolmas.org\/en\/wp-json\/wp\/v2\/comments?post=44137"}],"version-history":[{"count":0,"href":"https:\/\/futbolmas.org\/en\/wp-json\/wp\/v2\/posts\/44137\/revisions"}],"wp:featuredmedia":[{"embeddable":true,"href":"https:\/\/futbolmas.org\/en\/wp-json\/"}],"wp:attachment":[{"href":"https:\/\/futbolmas.org\/en\/wp-json\/wp\/v2\/media?parent=44137"}],"wp:term":[{"taxonomy":"category","embeddable":true,"href":"https:\/\/futbolmas.org\/en\/wp-json\/wp\/v2\/categories?post=44137"},{"taxonomy":"post_tag","embeddable":true,"href":"https:\/\/futbolmas.org\/en\/wp-json\/wp\/v2\/tags?post=44137"}],"curies":[{"name":"wp","href":"https:\/\/api.w.org\/{rel}","templated":true}]}}