{"id":43939,"date":"2023-05-17T18:38:43","date_gmt":"2023-05-17T21:38:43","guid":{"rendered":"https:\/\/futbolmas.org\/?p=43939"},"modified":"2024-03-19T00:20:25","modified_gmt":"2024-03-19T00:20:25","slug":"sorprenderse-con-lo-nuevo-se-realiza-la-primera-liga-futbol-mas-de-la-historia-en-sinaloa","status":"publish","type":"post","link":"https:\/\/futbolmas.org\/en\/sorprenderse-con-lo-nuevo-se-realiza-la-primera-liga-futbol-mas-de-la-historia-en-sinaloa\/","title":{"rendered":"F\u00fatbol M\u00e1s Per\u00fa y Pontificia Universidad Cat\u00f3lica del Per\u00fa desarrollaron taller sobre Gesti\u00f3n del Deporte para el Desarrollo"},"content":{"rendered":"<div data-elementor-type=\"wp-post\" data-elementor-id=\"43939\" class=\"elementor elementor-43939\" data-elementor-settings=\"{&quot;element_pack_global_tooltip_width&quot;:{&quot;unit&quot;:&quot;px&quot;,&quot;size&quot;:&quot;&quot;,&quot;sizes&quot;:[]},&quot;element_pack_global_tooltip_width_tablet&quot;:{&quot;unit&quot;:&quot;px&quot;,&quot;size&quot;:&quot;&quot;,&quot;sizes&quot;:[]},&quot;element_pack_global_tooltip_width_mobile&quot;:{&quot;unit&quot;:&quot;px&quot;,&quot;size&quot;:&quot;&quot;,&quot;sizes&quot;:[]},&quot;element_pack_global_tooltip_padding&quot;:{&quot;unit&quot;:&quot;px&quot;,&quot;top&quot;:&quot;&quot;,&quot;right&quot;:&quot;&quot;,&quot;bottom&quot;:&quot;&quot;,&quot;left&quot;:&quot;&quot;,&quot;isLinked&quot;:true},&quot;element_pack_global_tooltip_padding_tablet&quot;:{&quot;unit&quot;:&quot;px&quot;,&quot;top&quot;:&quot;&quot;,&quot;right&quot;:&quot;&quot;,&quot;bottom&quot;:&quot;&quot;,&quot;left&quot;:&quot;&quot;,&quot;isLinked&quot;:true},&quot;element_pack_global_tooltip_padding_mobile&quot;:{&quot;unit&quot;:&quot;px&quot;,&quot;top&quot;:&quot;&quot;,&quot;right&quot;:&quot;&quot;,&quot;bottom&quot;:&quot;&quot;,&quot;left&quot;:&quot;&quot;,&quot;isLinked&quot;:true},&quot;element_pack_global_tooltip_border_radius&quot;:{&quot;unit&quot;:&quot;px&quot;,&quot;top&quot;:&quot;&quot;,&quot;right&quot;:&quot;&quot;,&quot;bottom&quot;:&quot;&quot;,&quot;left&quot;:&quot;&quot;,&quot;isLinked&quot;:true},&quot;element_pack_global_tooltip_border_radius_tablet&quot;:{&quot;unit&quot;:&quot;px&quot;,&quot;top&quot;:&quot;&quot;,&quot;right&quot;:&quot;&quot;,&quot;bottom&quot;:&quot;&quot;,&quot;left&quot;:&quot;&quot;,&quot;isLinked&quot;:true},&quot;element_pack_global_tooltip_border_radius_mobile&quot;:{&quot;unit&quot;:&quot;px&quot;,&quot;top&quot;:&quot;&quot;,&quot;right&quot;:&quot;&quot;,&quot;bottom&quot;:&quot;&quot;,&quot;left&quot;:&quot;&quot;,&quot;isLinked&quot;:true}}\" data-elementor-post-type=\"post\">\n\t\t\t\t\t\t<section class=\"elementor-section elementor-top-section elementor-element elementor-element-37299369 elementor-section-boxed elementor-section-height-default elementor-section-height-default\" data-id=\"37299369\" data-element_type=\"section\" data-e-type=\"section\">\n\t\t\t\t\t\t<div class=\"elementor-container elementor-column-gap-default\">\n\t\t\t\t\t<div class=\"elementor-column elementor-col-100 elementor-top-column elementor-element elementor-element-5913d042\" data-id=\"5913d042\" data-element_type=\"column\" data-e-type=\"column\">\n\t\t\t<div class=\"elementor-widget-wrap elementor-element-populated\">\n\t\t\t\t\t\t<div class=\"elementor-element elementor-element-1a9497ba elementor-widget elementor-widget-text-editor\" data-id=\"1a9497ba\" data-element_type=\"widget\" data-e-type=\"widget\" data-widget_type=\"text-editor.default\">\n\t\t\t\t<div class=\"elementor-widget-container\">\n\t\t\t\t\t\t\t\t\t<p><span style=\"color: var( --e-global-color-text ); font-family: var( --e-global-typography-text-font-family ), Sans-serif; font-weight: var( --e-global-typography-text-font-weight );\">Durante los tres d\u00edas de capacitaci\u00f3n, jueves 11, viernes 12 y s\u00e1bado 13 de mayo, expertos en la metodolog\u00eda del Deporte para el Desarrollo de la Fundaci\u00f3n F\u00fatbol M\u00e1s destacaron el juego como herramienta de cambio social y su importancia para el aprendizaje de ni\u00f1os y ni\u00f1as.<\/span><\/p><p><img loading=\"lazy\" decoding=\"async\" class=\"aligncenter size-medium wp-image-43944\" src=\"https:\/\/futbolmas.org\/wp-content\/uploads\/2023\/05\/IMG_1356-scaled-e1684358990661-300x170.jpg\" alt=\"\" width=\"300\" height=\"170\"><\/p><p>En el taller presencial desarrollado en las instalaciones de la PUCP, los participantes aprendieron de forma pr\u00e1ctica c\u00f3mo aplicar el enfoque del Deporte para el Desarrollo en sus proyectos a trav\u00e9s de nuestra metodolog\u00eda alineada a los Objetivos de Desarrollo Sostenible (ODS) y el uso de dos herramientas pedag\u00f3gicas: la Tarjeta Verde y la Tarjeta Azul.<\/p><p>\u201cLas capacitaciones me han ayudado much\u00edsimo. Todos los conocimientos que nos han brindado y en especial este taller (presencial). Primero agradecerles esa disposici\u00f3n de brindarnos esa metodolog\u00eda y brindarnos esos conocimientos y pedirles que sigan as\u00ed, que podamos seguir haciendo alianzas para ayudar a cada vez m\u00e1s ni\u00f1os y adolescentes\u201d. Cynthia Machado S\u00e1, Directora General de la Asociaci\u00f3n Cruz Blanca.<br \/><img loading=\"lazy\" decoding=\"async\" class=\"aligncenter size-medium wp-image-43943\" src=\"https:\/\/futbolmas.org\/wp-content\/uploads\/2023\/05\/IMG_1672-300x200.jpg\" alt=\"\" width=\"300\" height=\"200\"><\/p><p>Vale destacar que Fundaci\u00f3n F\u00fatbol M\u00e1s en su l\u00ednea program\u00e1tica a nivel global y en los pa\u00edses donde tiene operaci\u00f3n directa, considera el programa Transferencias donde capacita, a trav\u00e9s de herramientas tecnol\u00f3gicas, a profesionales de diferentes \u00e1reas en el mundo. De esta forma, la metodolog\u00eda que la Fundaci\u00f3n aplica en sus programas ha llegado a pa\u00edses como Venezuela, Polonia, Eslovaquia, Rumania, Croacia, Libia y Venezuela. Los cuales se encuentran fuera de los pa\u00edses donde existe intervenci\u00f3n directa de F\u00fatbol M\u00e1s.<\/p><p>\u201cEste taller es de suma importancia para F\u00fatbol M\u00e1s Per\u00fa y abre las puertas para relacionarnos de otra forma con la academia en el mundo. Nuestro sue\u00f1o de poder transformar realidades de miles de ni\u00f1as y ni\u00f1os a trav\u00e9s del deporte, el f\u00fatbol y el juego necesita de m\u00e1s personas para poder materializarse y esta es la forma; poniendo a disposici\u00f3n nuestra expertise para que otros y otras puedan llevarla a m\u00e1s rincones del planeta\u201d, dice Daniel Orrego, director ejecutivo de F\u00fatbol M\u00e1s Per\u00fa.<\/p><p><img loading=\"lazy\" decoding=\"async\" class=\"aligncenter size-medium wp-image-43942\" src=\"https:\/\/futbolmas.org\/wp-content\/uploads\/2023\/05\/IMG_1415-300x200.jpg\" alt=\"\" width=\"300\" height=\"200\"><\/p><p><strong>El F\u00fatbol Puede Transformar la Realidad.<\/strong><\/p>\t\t\t\t\t\t\t\t<\/div>\n\t\t\t\t<\/div>\n\t\t\t\t\t<\/div>\n\t\t<\/div>\n\t\t\t\t\t<\/div>\n\t\t<\/section>\n\t\t\t\t<\/div>","protected":false},"excerpt":{"rendered":"<p>En alianza con la Facultad de Gesti\u00f3n y Alta Direcci\u00f3n de la Pontificia Universidad Cat\u00f3lica del Per\u00fa (PUCP) se desarroll\u00f3 el taller gratuito \u201cGesti\u00f3n del Deporte para el Desarrollo\u201d donde 400 participantes de diferentes partes del pa\u00eds conocieron a profundidad c\u00f3mo el deporte para el desarrollo es una herramienta de intervenci\u00f3n social.<\/p>","protected":false},"author":5,"featured_media":43940,"comment_status":"closed","ping_status":"closed","sticky":false,"template":"","format":"standard","meta":{"_acf_changed":false,"footnotes":""},"categories":[13],"tags":[317,173,48,92,103,97,426],"class_list":["post-43939","post","type-post","status-publish","format-standard","has-post-thumbnail","hentry","category-peru","tag-deporte-para-el-desarrollo","tag-futbol-mas-peru","tag-infancia","tag-liga","tag-ninez","tag-peru","tag-progreso-de-comunidades"],"acf":[],"_links":{"self":[{"href":"https:\/\/futbolmas.org\/en\/wp-json\/wp\/v2\/posts\/43939","targetHints":{"allow":["GET"]}}],"collection":[{"href":"https:\/\/futbolmas.org\/en\/wp-json\/wp\/v2\/posts"}],"about":[{"href":"https:\/\/futbolmas.org\/en\/wp-json\/wp\/v2\/types\/post"}],"author":[{"embeddable":true,"href":"https:\/\/futbolmas.org\/en\/wp-json\/wp\/v2\/users\/5"}],"replies":[{"embeddable":true,"href":"https:\/\/futbolmas.org\/en\/wp-json\/wp\/v2\/comments?post=43939"}],"version-history":[{"count":0,"href":"https:\/\/futbolmas.org\/en\/wp-json\/wp\/v2\/posts\/43939\/revisions"}],"wp:featuredmedia":[{"embeddable":true,"href":"https:\/\/futbolmas.org\/en\/wp-json\/"}],"wp:attachment":[{"href":"https:\/\/futbolmas.org\/en\/wp-json\/wp\/v2\/media?parent=43939"}],"wp:term":[{"taxonomy":"category","embeddable":true,"href":"https:\/\/futbolmas.org\/en\/wp-json\/wp\/v2\/categories?post=43939"},{"taxonomy":"post_tag","embeddable":true,"href":"https:\/\/futbolmas.org\/en\/wp-json\/wp\/v2\/tags?post=43939"}],"curies":[{"name":"wp","href":"https:\/\/api.w.org\/{rel}","templated":true}]}}