{"id":43618,"date":"2023-03-29T10:16:30","date_gmt":"2023-03-29T13:16:30","guid":{"rendered":"https:\/\/futbolmas.org\/?p=43618"},"modified":"2024-03-19T00:20:25","modified_gmt":"2024-03-19T00:20:25","slug":"el-alto-comisionado-contra-la-pobreza-infantil-del-gobierno-espanol-visita-el-proyecto-deporte-por-refugio-en-sevilla-2","status":"publish","type":"post","link":"https:\/\/futbolmas.org\/en\/el-alto-comisionado-contra-la-pobreza-infantil-del-gobierno-espanol-visita-el-proyecto-deporte-por-refugio-en-sevilla-2\/","title":{"rendered":"Proyecto \u2018Deporte Por Refugio\u2019 es galardonado por el Alto Comisionado Contra la Pobreza Infantil en los premios \u2018Rompe el C\u00edrculo\u2019"},"content":{"rendered":"<div data-elementor-type=\"wp-post\" data-elementor-id=\"43618\" class=\"elementor elementor-43618\" data-elementor-settings=\"{&quot;element_pack_global_tooltip_width&quot;:{&quot;unit&quot;:&quot;px&quot;,&quot;size&quot;:&quot;&quot;,&quot;sizes&quot;:[]},&quot;element_pack_global_tooltip_width_tablet&quot;:{&quot;unit&quot;:&quot;px&quot;,&quot;size&quot;:&quot;&quot;,&quot;sizes&quot;:[]},&quot;element_pack_global_tooltip_width_mobile&quot;:{&quot;unit&quot;:&quot;px&quot;,&quot;size&quot;:&quot;&quot;,&quot;sizes&quot;:[]},&quot;element_pack_global_tooltip_padding&quot;:{&quot;unit&quot;:&quot;px&quot;,&quot;top&quot;:&quot;&quot;,&quot;right&quot;:&quot;&quot;,&quot;bottom&quot;:&quot;&quot;,&quot;left&quot;:&quot;&quot;,&quot;isLinked&quot;:true},&quot;element_pack_global_tooltip_padding_tablet&quot;:{&quot;unit&quot;:&quot;px&quot;,&quot;top&quot;:&quot;&quot;,&quot;right&quot;:&quot;&quot;,&quot;bottom&quot;:&quot;&quot;,&quot;left&quot;:&quot;&quot;,&quot;isLinked&quot;:true},&quot;element_pack_global_tooltip_padding_mobile&quot;:{&quot;unit&quot;:&quot;px&quot;,&quot;top&quot;:&quot;&quot;,&quot;right&quot;:&quot;&quot;,&quot;bottom&quot;:&quot;&quot;,&quot;left&quot;:&quot;&quot;,&quot;isLinked&quot;:true},&quot;element_pack_global_tooltip_border_radius&quot;:{&quot;unit&quot;:&quot;px&quot;,&quot;top&quot;:&quot;&quot;,&quot;right&quot;:&quot;&quot;,&quot;bottom&quot;:&quot;&quot;,&quot;left&quot;:&quot;&quot;,&quot;isLinked&quot;:true},&quot;element_pack_global_tooltip_border_radius_tablet&quot;:{&quot;unit&quot;:&quot;px&quot;,&quot;top&quot;:&quot;&quot;,&quot;right&quot;:&quot;&quot;,&quot;bottom&quot;:&quot;&quot;,&quot;left&quot;:&quot;&quot;,&quot;isLinked&quot;:true},&quot;element_pack_global_tooltip_border_radius_mobile&quot;:{&quot;unit&quot;:&quot;px&quot;,&quot;top&quot;:&quot;&quot;,&quot;right&quot;:&quot;&quot;,&quot;bottom&quot;:&quot;&quot;,&quot;left&quot;:&quot;&quot;,&quot;isLinked&quot;:true}}\" data-elementor-post-type=\"post\">\n\t\t\t\t\t\t<section class=\"elementor-section elementor-top-section elementor-element elementor-element-37299369 elementor-section-boxed elementor-section-height-default elementor-section-height-default\" data-id=\"37299369\" data-element_type=\"section\" data-e-type=\"section\">\n\t\t\t\t\t\t<div class=\"elementor-container elementor-column-gap-default\">\n\t\t\t\t\t<div class=\"elementor-column elementor-col-100 elementor-top-column elementor-element elementor-element-5913d042\" data-id=\"5913d042\" data-element_type=\"column\" data-e-type=\"column\">\n\t\t\t<div class=\"elementor-widget-wrap elementor-element-populated\">\n\t\t\t\t\t\t<div class=\"elementor-element elementor-element-1a9497ba elementor-widget elementor-widget-text-editor\" data-id=\"1a9497ba\" data-element_type=\"widget\" data-e-type=\"widget\" data-widget_type=\"text-editor.default\">\n\t\t\t\t<div class=\"elementor-widget-container\">\n\t\t\t\t\t\t\t\t\t<p><strong><u>Madrid, 29 de marzo de 2023<\/u><\/strong><strong>.\u00a0 <\/strong>The <strong>Alto Comisionado contra la Pobreza Infantil<\/strong>, \u00f3rgano dependiente de la Presidencia del Gobierno de Espa\u00f1a, <strong>ha galardonado el proyecto Deporte por Refugio<\/strong> en la celebraci\u00f3n de los <strong>premios \u2018Rompe el C\u00edrculo\u2019.<\/strong> El acto ha tenido lugar este martes 28 de marzo en el <strong>Auditorio Nacional de M\u00fasica de Madrid<\/strong> y ha sido dirigido por la periodista y presentadora Marta Solano.<\/p><p>\u2018Deporte por Refugio\u2019 ha recibido el premio a la <strong>mejor iniciativa de desarrollo de estilos de vida saludables en la infancia. <\/strong>Gonzalo Garc\u00eda Casamayor, Presidente de F\u00fatbol M\u00e1s en Espa\u00f1a; Carlos Gonz\u00e1lez de Castro, vicepresidente de la Fundaci\u00f3n Real Betis Balompi\u00e9; Carlos Berzosa, presidente de CEAR y Cristina Rodr\u00edguez, responsable del proyecto en Sevilla por parte CEAR, estuvieron presentes en el acto de entrega del galard\u00f3n.<\/p><p>The <strong>objetivo del premio<\/strong> se centra en reconocer iniciativas en la lucha contra la pobreza infantil, as\u00ed como, identificar las mejores pr\u00e1cticas subrayando la escala de los proyectos y su impacto social. Los premios \u2018Rompe el C\u00edrculo\u2019 pretenden, adem\u00e1s, resaltar innovaciones disruptivas basadas en el conocimiento, an\u00e1lisis y la evidencia e identificar a personas cuyo compromiso con la lucha contra la pobreza infantil les sit\u00faan como l\u00edderes y agentes del cambio.<\/p><p>El proyecto \u2018Deporte por Refugio\u2019 comparte premio con la Fundaci\u00f3n Eusebio Sacrist\u00e1n. Entre otros galardonados se encuentran Fundaci\u00f3n Balia, Fundaci\u00f3n Educo, RTVE, Save the Children, Red M\u00fasica Social, Gustavo Su\u00e1rez Pertierra, Isidre Fain\u00e9, Plataforma de Organizaciones de Infancia, AMPARA y Ayuntamiento de Ermua.<\/p><p><strong>Deporte por Refugio<\/strong><\/p><p>\u2018Deporte por Refugio\u2019 es un proyecto que busca promover el bienestar y la inclusi\u00f3n de <strong>ni\u00f1os y ni\u00f1as en situaci\u00f3n de vulnerabilidad y personas refugiadas en Sevilla<\/strong>. Est\u00e1 coordinado por F\u00fatbol M\u00e1s Espa\u00f1a, la Fundaci\u00f3n del Real Betis Balompi\u00e9 y la Comisi\u00f3n Espa\u00f1ola de Ayuda al Refugiado (CEAR). En su primera edici\u00f3n ha contado con el apoyo de la UEFA Foundation for Children, as\u00ed como de la Fundaci\u00f3n \u201cla Caixa\u201d, a trav\u00e9s de CaixaBank, y de la organizaci\u00f3n internacional Common Goal. En total, el proyecto beneficia a casi 200 menores, entre estudiantes y refugiados\/as.<\/p>\t\t\t\t\t\t\t\t<\/div>\n\t\t\t\t<\/div>\n\t\t\t\t\t<\/div>\n\t\t<\/div>\n\t\t\t\t\t<\/div>\n\t\t<\/section>\n\t\t\t\t<\/div>","protected":false},"excerpt":{"rendered":"<p>En la segunda edici\u00f3n de estos premios, se reconoce a empresas, organizaciones y personas que han provocado, a trav\u00e9s de proyectos sociales, cambios esenciales en la lucha contra la pobreza infantil, generando un impacto positivo en la vida de ni\u00f1as, ni\u00f1os y adolescentes. <\/p>","protected":false},"author":5,"featured_media":43623,"comment_status":"closed","ping_status":"closed","sticky":false,"template":"","format":"standard","meta":{"_acf_changed":false,"footnotes":""},"categories":[12],"tags":[348,420,421,350,94,48,422,423],"class_list":["post-43618","post","type-post","status-publish","format-standard","has-post-thumbnail","hentry","category-espana","tag-cear","tag-espana","tag-fundacion","tag-fundacion-real-betis","tag-futbol-mas","tag-infancia","tag-pobreza","tag-sevilla"],"acf":[],"_links":{"self":[{"href":"https:\/\/futbolmas.org\/en\/wp-json\/wp\/v2\/posts\/43618","targetHints":{"allow":["GET"]}}],"collection":[{"href":"https:\/\/futbolmas.org\/en\/wp-json\/wp\/v2\/posts"}],"about":[{"href":"https:\/\/futbolmas.org\/en\/wp-json\/wp\/v2\/types\/post"}],"author":[{"embeddable":true,"href":"https:\/\/futbolmas.org\/en\/wp-json\/wp\/v2\/users\/5"}],"replies":[{"embeddable":true,"href":"https:\/\/futbolmas.org\/en\/wp-json\/wp\/v2\/comments?post=43618"}],"version-history":[{"count":0,"href":"https:\/\/futbolmas.org\/en\/wp-json\/wp\/v2\/posts\/43618\/revisions"}],"wp:featuredmedia":[{"embeddable":true,"href":"https:\/\/futbolmas.org\/en\/wp-json\/"}],"wp:attachment":[{"href":"https:\/\/futbolmas.org\/en\/wp-json\/wp\/v2\/media?parent=43618"}],"wp:term":[{"taxonomy":"category","embeddable":true,"href":"https:\/\/futbolmas.org\/en\/wp-json\/wp\/v2\/categories?post=43618"},{"taxonomy":"post_tag","embeddable":true,"href":"https:\/\/futbolmas.org\/en\/wp-json\/wp\/v2\/tags?post=43618"}],"curies":[{"name":"wp","href":"https:\/\/api.w.org\/{rel}","templated":true}]}}