{"id":43554,"date":"2023-03-15T17:11:22","date_gmt":"2023-03-15T20:11:22","guid":{"rendered":"https:\/\/futbolmas.org\/?p=43554"},"modified":"2024-03-19T00:20:25","modified_gmt":"2024-03-19T00:20:25","slug":"el-alto-comisionado-contra-la-pobreza-infantil-del-gobierno-espanol-visita-el-proyecto-deporte-por-refugio-en-sevilla","status":"publish","type":"post","link":"https:\/\/futbolmas.org\/en\/el-alto-comisionado-contra-la-pobreza-infantil-del-gobierno-espanol-visita-el-proyecto-deporte-por-refugio-en-sevilla\/","title":{"rendered":"El alto comisionado contra la Pobreza Infantil del Gobierno espa\u00f1ol visita el proyecto Deporte Por Refugio en Sevilla"},"content":{"rendered":"<div data-elementor-type=\"wp-post\" data-elementor-id=\"43554\" class=\"elementor elementor-43554\" data-elementor-settings=\"{&quot;element_pack_global_tooltip_width&quot;:{&quot;unit&quot;:&quot;px&quot;,&quot;size&quot;:&quot;&quot;,&quot;sizes&quot;:[]},&quot;element_pack_global_tooltip_width_tablet&quot;:{&quot;unit&quot;:&quot;px&quot;,&quot;size&quot;:&quot;&quot;,&quot;sizes&quot;:[]},&quot;element_pack_global_tooltip_width_mobile&quot;:{&quot;unit&quot;:&quot;px&quot;,&quot;size&quot;:&quot;&quot;,&quot;sizes&quot;:[]},&quot;element_pack_global_tooltip_padding&quot;:{&quot;unit&quot;:&quot;px&quot;,&quot;top&quot;:&quot;&quot;,&quot;right&quot;:&quot;&quot;,&quot;bottom&quot;:&quot;&quot;,&quot;left&quot;:&quot;&quot;,&quot;isLinked&quot;:true},&quot;element_pack_global_tooltip_padding_tablet&quot;:{&quot;unit&quot;:&quot;px&quot;,&quot;top&quot;:&quot;&quot;,&quot;right&quot;:&quot;&quot;,&quot;bottom&quot;:&quot;&quot;,&quot;left&quot;:&quot;&quot;,&quot;isLinked&quot;:true},&quot;element_pack_global_tooltip_padding_mobile&quot;:{&quot;unit&quot;:&quot;px&quot;,&quot;top&quot;:&quot;&quot;,&quot;right&quot;:&quot;&quot;,&quot;bottom&quot;:&quot;&quot;,&quot;left&quot;:&quot;&quot;,&quot;isLinked&quot;:true},&quot;element_pack_global_tooltip_border_radius&quot;:{&quot;unit&quot;:&quot;px&quot;,&quot;top&quot;:&quot;&quot;,&quot;right&quot;:&quot;&quot;,&quot;bottom&quot;:&quot;&quot;,&quot;left&quot;:&quot;&quot;,&quot;isLinked&quot;:true},&quot;element_pack_global_tooltip_border_radius_tablet&quot;:{&quot;unit&quot;:&quot;px&quot;,&quot;top&quot;:&quot;&quot;,&quot;right&quot;:&quot;&quot;,&quot;bottom&quot;:&quot;&quot;,&quot;left&quot;:&quot;&quot;,&quot;isLinked&quot;:true},&quot;element_pack_global_tooltip_border_radius_mobile&quot;:{&quot;unit&quot;:&quot;px&quot;,&quot;top&quot;:&quot;&quot;,&quot;right&quot;:&quot;&quot;,&quot;bottom&quot;:&quot;&quot;,&quot;left&quot;:&quot;&quot;,&quot;isLinked&quot;:true}}\" data-elementor-post-type=\"post\">\n\t\t\t\t\t\t<section class=\"elementor-section elementor-top-section elementor-element elementor-element-37299369 elementor-section-boxed elementor-section-height-default elementor-section-height-default\" data-id=\"37299369\" data-element_type=\"section\" data-e-type=\"section\">\n\t\t\t\t\t\t<div class=\"elementor-container elementor-column-gap-default\">\n\t\t\t\t\t<div class=\"elementor-column elementor-col-100 elementor-top-column elementor-element elementor-element-5913d042\" data-id=\"5913d042\" data-element_type=\"column\" data-e-type=\"column\">\n\t\t\t<div class=\"elementor-widget-wrap elementor-element-populated\">\n\t\t\t\t\t\t<div class=\"elementor-element elementor-element-1a9497ba elementor-widget elementor-widget-text-editor\" data-id=\"1a9497ba\" data-element_type=\"widget\" data-e-type=\"widget\" data-widget_type=\"text-editor.default\">\n\t\t\t\t<div class=\"elementor-widget-container\">\n\t\t\t\t\t\t\t\t\t<p><strong><u>Sevilla, 15 de marzo de 2023<\/u><\/strong><strong>. \u00a0<\/strong>El alto comisionado contra la Pobreza Infantil, \u00f3rgano dependiente de la Presidencia del Gobierno de Espa\u00f1a; Ernesto Gasco, ha visitado esta ma\u00f1ana el CEIP Pr\u00edncipe de Asturias, en el barrio de Torreblanca, para conocer el proyecto Deporte Por Refugio.<\/p>\n<p>Con motivo de la participaci\u00f3n de F\u00fatbol M\u00e1s y la Fundaci\u00f3n Real Betis Balompi\u00e9 en la &#8216;Alianza Pa\u00eds Pobreza Cero&#8217; del Alto Comisionado y el trabajo llevado a cabo desde la iniciativa &#8216;Patios Abiertos&#8217;, el alto comisionado ha querido visitar el proyecto Deporte por Refugio en Torreblanca para conocer de primera mano el impacto que el proyecto est\u00e1 teniendo.<\/p>\n<p>Desde el a\u00f1o pasado, en el marco de esta iniciativa, el CEIP Pr\u00edncipe de Asturias ha desarrollado actividades semanales en horario de tarde, atendiendo a m\u00e1s de 30 ni\u00f1os y ni\u00f1as de este centro educativo y de los dispositivos de acogida de la Comisi\u00f3n Espa\u00f1ola de Ayuda al Refugiado.<\/p>\n<p><strong><u><img loading=\"lazy\" decoding=\"async\" class=\"aligncenter size-medium wp-image-43557\" src=\"https:\/\/futbolmas.org\/wp-content\/uploads\/2023\/03\/220620-Watson-Futbol-Mas-Torreblanca-45-1-300x240.jpg\" alt=\"\" width=\"300\" height=\"240\"><\/u><\/strong><\/p>\n<p><span style=\"color: var( --e-global-color-text ); font-family: var( --e-global-typography-text-font-family ), Sans-serif; font-weight: var( --e-global-typography-text-font-weight );\">La visita ha arrancado entorno a las 10:00h con un recorrido por las instalaciones del centro de los miembros del Alto Comisionado, Ernesto Gasto junto a la directora de este \u00f3rgano, Carmen Gayo y a Judith Mart\u00ednez, miembro del equipo. Acto seguido se ha procedido a la presentaci\u00f3n del proyecto por parte de las entidades que coordinan el mismo. La Fundaci\u00f3n Real Betis Balompi\u00e9 ha estado representada por Rafael Gordillo y Rafael Muela, presidente y gerente de la entidad, respectivamente; F\u00fatbol M\u00e1s Espa\u00f1a ha contado con la presencia de su director ejecutivo, Aitor Hern\u00e1ndez; y Jos\u00e9 Carlos Budia, coordinador territorial de CEAR en Andaluc\u00eda Occidental, ha representado a su organizaci\u00f3n.<\/span><\/p>\n<p>\u00a0<\/p>\n<p>Tras la presentaci\u00f3n y desarrollo del recorrido del proyecto durante el a\u00f1o ejecutado, din\u00e1mica en la que tambi\u00e9n han participado ni\u00f1os y ni\u00f1as beneficiarias del mismo junto a algunos familiares y miembros del equipo directivo, se ha llevado a cabo una actividad socio deportiva sobre bienestar emocional basada en la metodolog\u00eda de Deporte por Refugio.<\/p>\n<p>A este encuentro tambi\u00e9n han asistido Juan Manuel Flores, delegado del \u00e1rea de H\u00e1bitat Urbano y Cohesi\u00f3n Social del Ayuntamiento de Sevilla; Eva Mar\u00eda Contreras, directora general de Educaci\u00f3n y Mar\u00eda Luisa G\u00f3mez Casta\u00f1o, delegada del \u00e1rea de Limpieza P\u00fablica y Educaci\u00f3n. Tampoco ha faltado a la cita UNICEF con la presencia de Maribel P\u00e9rez como portavoz de la agencia en Andaluc\u00eda.<\/p>\n<p><img loading=\"lazy\" decoding=\"async\" class=\"aligncenter size-medium wp-image-43556\" src=\"https:\/\/futbolmas.org\/wp-content\/uploads\/2023\/03\/220622-Watson-Futbol-Mas-Refugee-Match-19-1-300x200.jpg\" alt=\"\" width=\"300\" height=\"200\"><\/p>\n<p><strong>Deporte por Refugio<\/strong><\/p>\n<p>Deporte por Refugio es un proyecto que busca promover el bienestar y la inclusi\u00f3n de <strong>ni\u00f1os y ni\u00f1as en situaci\u00f3n de vulnerabilidad y personas refugiadas en Sevilla<\/strong>. Est\u00e1 coordinado por F\u00fatbol M\u00e1s Espa\u00f1a, la Fundaci\u00f3n del Real Betis Balompi\u00e9 y la Comisi\u00f3n Espa\u00f1ola de Ayuda al Refugiado (CEAR). En su primera edici\u00f3n ha contado con el apoyo de la UEFA Foundation for Children, as\u00ed como de la Fundaci\u00f3n \u201cla Caixa\u201d, a trav\u00e9s de CaixaBank, y de la organizaci\u00f3n internacional Common Goal.<\/p>\t\t\t\t\t\t\t\t<\/div>\n\t\t\t\t<\/div>\n\t\t\t\t\t<\/div>\n\t\t<\/div>\n\t\t\t\t\t<\/div>\n\t\t<\/section>\n\t\t\t\t<\/div>","protected":false},"excerpt":{"rendered":"<p>Fundaci\u00f3n F\u00fatbol M\u00e1s, CEAR y la Fundaci\u00f3n Real Betis Balompi\u00e9 desarrollan este proyecto desde marzo de 2022, gracias al apoyo de la UEFA Foundation for Children y Fundaci\u00f3n la Caixa. <\/p>","protected":false},"author":5,"featured_media":43602,"comment_status":"closed","ping_status":"closed","sticky":false,"template":"","format":"standard","meta":{"_acf_changed":false,"footnotes":""},"categories":[12],"tags":[348,420,421,350,94,48,422,423],"class_list":["post-43554","post","type-post","status-publish","format-standard","has-post-thumbnail","hentry","category-espana","tag-cear","tag-espana","tag-fundacion","tag-fundacion-real-betis","tag-futbol-mas","tag-infancia","tag-pobreza","tag-sevilla"],"acf":[],"_links":{"self":[{"href":"https:\/\/futbolmas.org\/en\/wp-json\/wp\/v2\/posts\/43554","targetHints":{"allow":["GET"]}}],"collection":[{"href":"https:\/\/futbolmas.org\/en\/wp-json\/wp\/v2\/posts"}],"about":[{"href":"https:\/\/futbolmas.org\/en\/wp-json\/wp\/v2\/types\/post"}],"author":[{"embeddable":true,"href":"https:\/\/futbolmas.org\/en\/wp-json\/wp\/v2\/users\/5"}],"replies":[{"embeddable":true,"href":"https:\/\/futbolmas.org\/en\/wp-json\/wp\/v2\/comments?post=43554"}],"version-history":[{"count":0,"href":"https:\/\/futbolmas.org\/en\/wp-json\/wp\/v2\/posts\/43554\/revisions"}],"wp:featuredmedia":[{"embeddable":true,"href":"https:\/\/futbolmas.org\/en\/wp-json\/"}],"wp:attachment":[{"href":"https:\/\/futbolmas.org\/en\/wp-json\/wp\/v2\/media?parent=43554"}],"wp:term":[{"taxonomy":"category","embeddable":true,"href":"https:\/\/futbolmas.org\/en\/wp-json\/wp\/v2\/categories?post=43554"},{"taxonomy":"post_tag","embeddable":true,"href":"https:\/\/futbolmas.org\/en\/wp-json\/wp\/v2\/tags?post=43554"}],"curies":[{"name":"wp","href":"https:\/\/api.w.org\/{rel}","templated":true}]}}