{"id":43429,"date":"2023-02-27T11:27:58","date_gmt":"2023-02-27T14:27:58","guid":{"rendered":"https:\/\/futbolmas.org\/?p=43429"},"modified":"2024-03-19T00:20:25","modified_gmt":"2024-03-19T00:20:25","slug":"finaliza-la-primera-etapa-de-la-apuesta-social-y-deportiva-que-el-gobierno-regional-de-los-rios-impulso-en-la-union-y-valdivia","status":"publish","type":"post","link":"https:\/\/futbolmas.org\/en\/finaliza-la-primera-etapa-de-la-apuesta-social-y-deportiva-que-el-gobierno-regional-de-los-rios-impulso-en-la-union-y-valdivia\/","title":{"rendered":"Finaliza la primera etapa de la apuesta social y deportiva que el Gobierno Regional de Los R\u00edos impuls\u00f3 en La Uni\u00f3n y Valdivia"},"content":{"rendered":"<div data-elementor-type=\"wp-post\" data-elementor-id=\"43429\" class=\"elementor elementor-43429\" data-elementor-settings=\"{&quot;element_pack_global_tooltip_width&quot;:{&quot;unit&quot;:&quot;px&quot;,&quot;size&quot;:&quot;&quot;,&quot;sizes&quot;:[]},&quot;element_pack_global_tooltip_width_tablet&quot;:{&quot;unit&quot;:&quot;px&quot;,&quot;size&quot;:&quot;&quot;,&quot;sizes&quot;:[]},&quot;element_pack_global_tooltip_width_mobile&quot;:{&quot;unit&quot;:&quot;px&quot;,&quot;size&quot;:&quot;&quot;,&quot;sizes&quot;:[]},&quot;element_pack_global_tooltip_padding&quot;:{&quot;unit&quot;:&quot;px&quot;,&quot;top&quot;:&quot;&quot;,&quot;right&quot;:&quot;&quot;,&quot;bottom&quot;:&quot;&quot;,&quot;left&quot;:&quot;&quot;,&quot;isLinked&quot;:true},&quot;element_pack_global_tooltip_padding_tablet&quot;:{&quot;unit&quot;:&quot;px&quot;,&quot;top&quot;:&quot;&quot;,&quot;right&quot;:&quot;&quot;,&quot;bottom&quot;:&quot;&quot;,&quot;left&quot;:&quot;&quot;,&quot;isLinked&quot;:true},&quot;element_pack_global_tooltip_padding_mobile&quot;:{&quot;unit&quot;:&quot;px&quot;,&quot;top&quot;:&quot;&quot;,&quot;right&quot;:&quot;&quot;,&quot;bottom&quot;:&quot;&quot;,&quot;left&quot;:&quot;&quot;,&quot;isLinked&quot;:true},&quot;element_pack_global_tooltip_border_radius&quot;:{&quot;unit&quot;:&quot;px&quot;,&quot;top&quot;:&quot;&quot;,&quot;right&quot;:&quot;&quot;,&quot;bottom&quot;:&quot;&quot;,&quot;left&quot;:&quot;&quot;,&quot;isLinked&quot;:true},&quot;element_pack_global_tooltip_border_radius_tablet&quot;:{&quot;unit&quot;:&quot;px&quot;,&quot;top&quot;:&quot;&quot;,&quot;right&quot;:&quot;&quot;,&quot;bottom&quot;:&quot;&quot;,&quot;left&quot;:&quot;&quot;,&quot;isLinked&quot;:true},&quot;element_pack_global_tooltip_border_radius_mobile&quot;:{&quot;unit&quot;:&quot;px&quot;,&quot;top&quot;:&quot;&quot;,&quot;right&quot;:&quot;&quot;,&quot;bottom&quot;:&quot;&quot;,&quot;left&quot;:&quot;&quot;,&quot;isLinked&quot;:true}}\" data-elementor-post-type=\"post\">\n\t\t\t\t\t\t<section class=\"elementor-section elementor-top-section elementor-element elementor-element-37299369 elementor-section-boxed elementor-section-height-default elementor-section-height-default\" data-id=\"37299369\" data-element_type=\"section\" data-e-type=\"section\">\n\t\t\t\t\t\t<div class=\"elementor-container elementor-column-gap-default\">\n\t\t\t\t\t<div class=\"elementor-column elementor-col-100 elementor-top-column elementor-element elementor-element-5913d042\" data-id=\"5913d042\" data-element_type=\"column\" data-e-type=\"column\">\n\t\t\t<div class=\"elementor-widget-wrap elementor-element-populated\">\n\t\t\t\t\t\t<div class=\"elementor-element elementor-element-1a9497ba elementor-widget elementor-widget-text-editor\" data-id=\"1a9497ba\" data-element_type=\"widget\" data-e-type=\"widget\" data-widget_type=\"text-editor.default\">\n\t\t\t\t<div class=\"elementor-widget-container\">\n\t\t\t\t\t\t\t\t\t<p>En octubre de 2022 el diagn\u00f3stico era contundente. Exist\u00eda preocupaci\u00f3n por la p\u00e9rdida de espacios p\u00fablicos y desde el Gobierno Regional de Los R\u00edos advert\u00edan antecedentes de deserci\u00f3n e inasistencia de ni\u00f1os y ni\u00f1as a las escuelas, adem\u00e1s de presencia de menores de edad en acciones delictuales.<strong> \u00bfDesde d\u00f3nde pod\u00eda venir una respuesta que conectara de manera positiva los est\u00edmulos de j\u00f3venes y la infancia?<\/strong> La soluci\u00f3n, esta vez, vendr\u00eda del f\u00fatbol y el juego.<\/p><p><img loading=\"lazy\" decoding=\"async\" class=\"aligncenter  wp-image-43431\" src=\"https:\/\/futbolmas.org\/wp-content\/uploads\/2023\/02\/IMG_0293-300x200.jpg\" alt=\"\" width=\"401\" height=\"267\"><\/p><p>Es as\u00ed como comenz\u00f3 a gestarse la idea de ocupar el deporte como estrategia de intervenci\u00f3n social en dos zonas de la Regi\u00f3n de Los R\u00edos. Se trabaj\u00f3 <strong>dos d\u00edas a la semana en La Uni\u00f3n y otros dos en el Parque Urbano y Deportivo Humedal Catrico<\/strong>, desarrollando un programa que entreg\u00f3 habilidades socioemocionales a trav\u00e9s del deporte y el juego, adem\u00e1s de capacitar en la metodolog\u00eda a dirigentes y vecinos de las comunidades.<\/p><p><strong>Luis Cuvertino, Gobernador Regional<\/strong>, destac\u00f3 lo que han sido estos meses de intervenci\u00f3n junto a Fundaci\u00f3n F\u00fatbol M\u00e1s, \u201cha sido una prueba para nosotros, es el primer a\u00f1o de trabajo y l\u00f3gicamente que estamos evaluando su impacto. Tenemos una muy buena percepci\u00f3n, porque justamente lo que queremos es que, a trav\u00e9s del deporte, podamos vincularnos al barrio y sus dirigentes, tanto en <strong>La Uni\u00f3n como en Valdivia<\/strong>. La idea es llegar a un modelo que luego podamos replicar en el resto de las comunas de la regi\u00f3n\u201d.<\/p><p>El programa que comenz\u00f3 con casi <strong>50 beneficiarios\/as, termin\u00f3 triplicando su impacto<\/strong> y en gran medida la f\u00f3rmula de estar instalados en los territorios de manera permanente con un programa serio es una invitaci\u00f3n que convoca por s\u00ed sola. \u201cEn el caso de Valdivia se ha ido produciendo un fen\u00f3meno que es que los ni\u00f1os y ni\u00f1as de distintos barrios que est\u00e1n yendo al Parque Catrico, se quedan a participar del programa con F\u00fatbol M\u00e1s. La idea es poder irradiar con una presencia m\u00e1s activa\u201d,<strong> menciona Cuvertino.<\/strong><\/p><p><img loading=\"lazy\" decoding=\"async\" class=\"aligncenter  wp-image-43433\" src=\"https:\/\/futbolmas.org\/wp-content\/uploads\/2023\/02\/IMG_1160-300x300.jpg\" alt=\"\" width=\"365\" height=\"374\"><\/p><p>Otro de los factores del positivo balance que se hace del programa, ha sido el involucramiento con los dirigentes barriales, lo que produce una legitimizaci\u00f3n de la intervenci\u00f3n en el sector. Adem\u00e1s, conversa con el resto de los programas que el Gobierno Regional y el IND tienen en zonas como el Parque Catrico, donde se trabaja desde tempranas horas y hasta la tarde con distintas actividades. El objetivo final es que los espacios p\u00fablicos se ocupen.<\/p><p><img loading=\"lazy\" decoding=\"async\" class=\"size-medium wp-image-43436 alignleft\" src=\"https:\/\/futbolmas.org\/wp-content\/uploads\/2023\/02\/Boric-225x300.jpeg\" alt=\"\" width=\"225\" height=\"300\">A inicios de a\u00f1o, el presidente <strong>Gabriel Boric visit\u00f3 el Parque, el que durante a\u00f1os fue utilizado como basural.<\/strong> Fue la participaci\u00f3n y gesti\u00f3n de dirigentes vecinales y un aporte del Estado cercano a los 15 mil millones los que permitieron la renovaci\u00f3n del sector. \u00abQue emocionante es ver c\u00f3mo la pol\u00edtica, cuando es con la gente, con la sociedad, con un pueblo que vibra y se organiza, puede cambiar y puede mejorar la calidad de vida de nuestro pueblo\u201d, indic\u00f3 el mandatario en su visita al recinto, donde adem\u00e1s participaron los beneficiarios del programa de F\u00fatbol M\u00e1s.<\/p><p><strong>Fundaci\u00f3n F\u00fatbol M\u00e1s lleva 15 a\u00f1os<\/strong> promoviendo el desarrollo de comunidades a trav\u00e9s del deporte y el juego en Chile, con presencia en ocho regiones del pa\u00eds. Su experiencia en el trabajo con la infancia y su entorno, adem\u00e1s, ha abierto posibilidades fuera de la frontera y actualmente se encuentra en siete pa\u00edses del mundo, llegando a casi 20 mil ni\u00f1as, ni\u00f1os y j\u00f3venes.<\/p><p>\u201cNuestra convicci\u00f3n es que el f\u00fatbol puede transformar la realidad de las personas, y, sin duda que el trabajo que hemos realizado de manera colaborativa con el GORE Los R\u00edos, los dirigentes barriales y la Corporaci\u00f3n de Desarrollo Parque Catrico es un modelo de cooperaci\u00f3n que favorece resultados positivos en el desarrollo socioemocional de ni\u00f1os, ni\u00f1as y comunidades a trav\u00e9s de programas como el que realizamos\u201d, <strong>se\u00f1al\u00f3 Mat\u00edas Prado, director social de Fundaci\u00f3n F\u00fatbol M\u00e1s en Chile.<\/strong><\/p><p><strong>Valorando lo positivo del deporte a la vida<br \/><\/strong><\/p><p><strong><img loading=\"lazy\" decoding=\"async\" class=\"wp-image-43435 alignright\" src=\"https:\/\/futbolmas.org\/wp-content\/uploads\/2023\/02\/IMG_0252-300x300.jpg\" alt=\"\" width=\"295\" height=\"291\"><\/strong><\/p><p>Un elemento estructural en el programa es la <strong>Tarjeta Verde, la principal herramienta metodol\u00f3gica de la Fundaci\u00f3n F\u00fatbol M\u00e1s<\/strong> y que premia las conductas positivas que los ni\u00f1os y ni\u00f1as tienen durante las sesiones. \u201cMe toc\u00f3 ver en la pr\u00e1ctica, durante el desarrollo de las actividades de F\u00fatbol M\u00e1s en terreno y vi c\u00f3mo los monitores estimulaban el respeto a trav\u00e9s de la muestra de la Tarjeta Verde. Es muy escaso el reconocer a las personas y si lo hacemos desde temprana edad, indudablemente creamos buenas condiciones. Cuando decimos formativo, justamente tiene que ver con eso, con el reconocer valores y virtudes planteadas en acciones precisas. La Tarjeta\u00a0Verde es un veh\u00edculo extraordinario para eso\u201d,<strong> plante\u00f3 el Gobernador Cuvertino sobre su uso y alcance.<\/strong><\/p>\t\t\t\t\t\t\t\t<\/div>\n\t\t\t\t<\/div>\n\t\t\t\t\t<\/div>\n\t\t<\/div>\n\t\t\t\t\t<\/div>\n\t\t<\/section>\n\t\t\t\t<\/div>","protected":false},"excerpt":{"rendered":"<p>Con un positivo balance, pero con la alerta de una situaci\u00f3n compleja que atraviesa la infancia en la regi\u00f3n, se dio por finalizado el primer per\u00edodo de intervenci\u00f3n del programa que la Fundaci\u00f3n F\u00fatbol M\u00e1s y el GORE Los R\u00edos desarrollaron en dos comunidades y que benefici\u00f3 a casi 162 ni\u00f1os y ni\u00f1as.<\/p>","protected":false},"author":5,"featured_media":43432,"comment_status":"closed","ping_status":"closed","sticky":false,"template":"","format":"standard","meta":{"_acf_changed":false,"footnotes":""},"categories":[1],"tags":[416,365,367,417,368,418,419],"class_list":["post-43429","post","type-post","status-publish","format-standard","has-post-thumbnail","hentry","category-chile","tag-el-maiten","tag-gore-los-rios","tag-la-union","tag-luis-cuvertino-gomez","tag-parque-catrico","tag-tarjeta-verde","tag-valdivia"],"acf":[],"_links":{"self":[{"href":"https:\/\/futbolmas.org\/en\/wp-json\/wp\/v2\/posts\/43429","targetHints":{"allow":["GET"]}}],"collection":[{"href":"https:\/\/futbolmas.org\/en\/wp-json\/wp\/v2\/posts"}],"about":[{"href":"https:\/\/futbolmas.org\/en\/wp-json\/wp\/v2\/types\/post"}],"author":[{"embeddable":true,"href":"https:\/\/futbolmas.org\/en\/wp-json\/wp\/v2\/users\/5"}],"replies":[{"embeddable":true,"href":"https:\/\/futbolmas.org\/en\/wp-json\/wp\/v2\/comments?post=43429"}],"version-history":[{"count":0,"href":"https:\/\/futbolmas.org\/en\/wp-json\/wp\/v2\/posts\/43429\/revisions"}],"wp:featuredmedia":[{"embeddable":true,"href":"https:\/\/futbolmas.org\/en\/wp-json\/"}],"wp:attachment":[{"href":"https:\/\/futbolmas.org\/en\/wp-json\/wp\/v2\/media?parent=43429"}],"wp:term":[{"taxonomy":"category","embeddable":true,"href":"https:\/\/futbolmas.org\/en\/wp-json\/wp\/v2\/categories?post=43429"},{"taxonomy":"post_tag","embeddable":true,"href":"https:\/\/futbolmas.org\/en\/wp-json\/wp\/v2\/tags?post=43429"}],"curies":[{"name":"wp","href":"https:\/\/api.w.org\/{rel}","templated":true}]}}