{"id":43387,"date":"2023-02-03T12:10:00","date_gmt":"2023-02-03T15:10:00","guid":{"rendered":"https:\/\/futbolmas.org\/?p=43387"},"modified":"2024-03-19T00:20:25","modified_gmt":"2024-03-19T00:20:25","slug":"lideres-de-chanavayita-recibieron-certificacion-en-deporte-para-el-desarrollo","status":"publish","type":"post","link":"https:\/\/futbolmas.org\/en\/lideres-de-chanavayita-recibieron-certificacion-en-deporte-para-el-desarrollo\/","title":{"rendered":"L\u00edderes de Chanavayita recibieron certificaci\u00f3n en Deporte para el Desarrollo"},"content":{"rendered":"<div data-elementor-type=\"wp-post\" data-elementor-id=\"43387\" class=\"elementor elementor-43387\" data-elementor-settings=\"{&quot;element_pack_global_tooltip_width&quot;:{&quot;unit&quot;:&quot;px&quot;,&quot;size&quot;:&quot;&quot;,&quot;sizes&quot;:[]},&quot;element_pack_global_tooltip_width_tablet&quot;:{&quot;unit&quot;:&quot;px&quot;,&quot;size&quot;:&quot;&quot;,&quot;sizes&quot;:[]},&quot;element_pack_global_tooltip_width_mobile&quot;:{&quot;unit&quot;:&quot;px&quot;,&quot;size&quot;:&quot;&quot;,&quot;sizes&quot;:[]},&quot;element_pack_global_tooltip_padding&quot;:{&quot;unit&quot;:&quot;px&quot;,&quot;top&quot;:&quot;&quot;,&quot;right&quot;:&quot;&quot;,&quot;bottom&quot;:&quot;&quot;,&quot;left&quot;:&quot;&quot;,&quot;isLinked&quot;:true},&quot;element_pack_global_tooltip_padding_tablet&quot;:{&quot;unit&quot;:&quot;px&quot;,&quot;top&quot;:&quot;&quot;,&quot;right&quot;:&quot;&quot;,&quot;bottom&quot;:&quot;&quot;,&quot;left&quot;:&quot;&quot;,&quot;isLinked&quot;:true},&quot;element_pack_global_tooltip_padding_mobile&quot;:{&quot;unit&quot;:&quot;px&quot;,&quot;top&quot;:&quot;&quot;,&quot;right&quot;:&quot;&quot;,&quot;bottom&quot;:&quot;&quot;,&quot;left&quot;:&quot;&quot;,&quot;isLinked&quot;:true},&quot;element_pack_global_tooltip_border_radius&quot;:{&quot;unit&quot;:&quot;px&quot;,&quot;top&quot;:&quot;&quot;,&quot;right&quot;:&quot;&quot;,&quot;bottom&quot;:&quot;&quot;,&quot;left&quot;:&quot;&quot;,&quot;isLinked&quot;:true},&quot;element_pack_global_tooltip_border_radius_tablet&quot;:{&quot;unit&quot;:&quot;px&quot;,&quot;top&quot;:&quot;&quot;,&quot;right&quot;:&quot;&quot;,&quot;bottom&quot;:&quot;&quot;,&quot;left&quot;:&quot;&quot;,&quot;isLinked&quot;:true},&quot;element_pack_global_tooltip_border_radius_mobile&quot;:{&quot;unit&quot;:&quot;px&quot;,&quot;top&quot;:&quot;&quot;,&quot;right&quot;:&quot;&quot;,&quot;bottom&quot;:&quot;&quot;,&quot;left&quot;:&quot;&quot;,&quot;isLinked&quot;:true}}\" data-elementor-post-type=\"post\">\n\t\t\t\t\t\t<section class=\"elementor-section elementor-top-section elementor-element elementor-element-37299369 elementor-section-boxed elementor-section-height-default elementor-section-height-default\" data-id=\"37299369\" data-element_type=\"section\" data-e-type=\"section\">\n\t\t\t\t\t\t<div class=\"elementor-container elementor-column-gap-default\">\n\t\t\t\t\t<div class=\"elementor-column elementor-col-100 elementor-top-column elementor-element elementor-element-5913d042\" data-id=\"5913d042\" data-element_type=\"column\" data-e-type=\"column\">\n\t\t\t<div class=\"elementor-widget-wrap elementor-element-populated\">\n\t\t\t\t\t\t<div class=\"elementor-element elementor-element-1a9497ba elementor-widget elementor-widget-text-editor\" data-id=\"1a9497ba\" data-element_type=\"widget\" data-e-type=\"widget\" data-widget_type=\"text-editor.default\">\n\t\t\t\t<div class=\"elementor-widget-container\">\n\t\t\t\t\t\t\t\t\t<p>Capacitar a j\u00f3venes y adultos l\u00edderes en metodolog\u00eda sociodeportiva fue el principal objetivo del programa \u201cFormaci\u00f3n de Tutores\u201d ejecutado por Fundaci\u00f3n F\u00fatbol M\u00e1s y apoyado por Teck Quebrada Blanca y el Club Deportivo de Chanavayita, en la caleta del mismo nombre ubicada en Iquique, Regi\u00f3n de Tarapac\u00e1.<\/p><p>Fueron 18 personas las que se inscribieron y participaron de los diferentes m\u00f3dulos, tanto te\u00f3ricos como pr\u00e1cticos, y que pudieron aprender de manera l\u00fadica sobre habilidades socioemocionales, formaci\u00f3n deportiva, ciclos vitales, rol pedag\u00f3gico y protocolos b\u00e1sicos de ense\u00f1anza, entre otros t\u00f3picos.<\/p><p><img loading=\"lazy\" decoding=\"async\" class=\"aligncenter  wp-image-43391\" src=\"https:\/\/futbolmas.org\/wp-content\/uploads\/2023\/02\/Jovenes-Lideres-Futbol-Mas-300x182.jpg\" alt=\"\" width=\"404\" height=\"245\"><\/p><p>Del total de inscritos, nueve j\u00f3venes l\u00edderes ya se encuentran certificados y dispuestos para ejecutar sesiones sociodeportivas ante ni\u00f1os y ni\u00f1as de 6 a 12 a\u00f1os, aprovechando la temporada de verano en la que se encuentra la caleta. Por lo que, ocupando el f\u00fatbol y el juego se podr\u00e1 ense\u00f1ar sobre derechos de la infancia y h\u00e1bitos de vida saludable.<\/p><p>\u201cLa recepci\u00f3n de este proyecto ha sido positiva. Buscar intereses comunes en la mayor\u00eda de los j\u00f3venes es complejo, pero nos dimos cuenta que, todo lo relacionado con la comunidad, con lo deportivo y con dejar huella en la infancia, causa alta participaci\u00f3n, compromiso y buenas relaciones entre los distintos grupos etarios\u201d, mencion\u00f3 Andr\u00e9s Carmona, coordinador regional de Fundaci\u00f3n F\u00fatbol M\u00e1s.<\/p><p><img loading=\"lazy\" decoding=\"async\" class=\"aligncenter  wp-image-43389\" src=\"https:\/\/futbolmas.org\/wp-content\/uploads\/2023\/02\/Actividad-ludica-Futbol-Mas-300x187.jpg\" alt=\"\" width=\"401\" height=\"250\"><\/p><p>Por otro lado, y valorando la integraci\u00f3n de personas entre los 16 y 60 a\u00f1os, Cristian Berr\u00edos, jefe de Comunidades Costeras de Teck Quebrada Blanca, mencion\u00f3 que \u201cver a estos j\u00f3venes y l\u00edderes seniors participar de este curso \u2018Formaci\u00f3n de Tutores\u2019 nos deja muy contentos, ya que ahora pueden formar parte del programa en la medida que vayan avanzando. Adem\u00e1s, pueden ir practicando y ejecutando los talleres en compa\u00f1\u00eda de los profesores de Fundaci\u00f3n F\u00fatbol M\u00e1s\u201d.<\/p><p>Desde el a\u00f1o 2011, Teck Quebrada Blanca y Fundaci\u00f3n F\u00fatbol M\u00e1s mantienen una alianza para promover el bienestar de la infancia en diversas comunidades de la regi\u00f3n, a trav\u00e9s de los programas \u201cBarrios\u201d y \u201cEscuelas\u201d. Espec\u00edficamente en Caleta Chanavayita, desde el 2015 se implementa esta metodolog\u00eda sociodeportiva, donde los ni\u00f1os y ni\u00f1as han ido creciendo y adquiriendo nuevas herramientas para su desarrollo integral, que les permitir\u00e1n ser agentes de cambio y transformaci\u00f3n social dentro de su barrio.\u00a0<\/p><p>Uno de los certificados en este programa es Luis Ibarra Rom\u00e1n, quien vive en la caleta y conoce el impacto que ha tenido la metodolog\u00eda sociodeportiva en su comunidad. \u201cEstar en este programa es una experiencia hermosa porque nos muestra el rol que tiene el f\u00fatbol desde otro punto de vista, no solamente lo que ya conocemos que es lo competitivo. Lo primordial ser\u00e1 ense\u00f1arles a los ni\u00f1os, pero no solo a los ni\u00f1os de la caleta, sino que a todos los que se quieran integrar y demostrarles lo que es F\u00fatbol M\u00e1s y el Club Deportivo de Chanavayita\u201d, mencion\u00f3 Luis Ibarra.<img loading=\"lazy\" decoding=\"async\" class=\"aligncenter  wp-image-43392\" src=\"https:\/\/futbolmas.org\/wp-content\/uploads\/2023\/02\/Luis-Ibarra-Futbol-Mas-300x191.jpg\" alt=\"\" width=\"404\" height=\"257\"><\/p>\t\t\t\t\t\t\t\t<\/div>\n\t\t\t\t<\/div>\n\t\t\t\t\t<\/div>\n\t\t<\/div>\n\t\t\t\t\t<\/div>\n\t\t<\/section>\n\t\t\t\t<\/div>","protected":false},"excerpt":{"rendered":"<p>Entregar herramientas a las comunidades para la promoci\u00f3n de espacios seguros para la infancia es uno los prop\u00f3sitos que tiene la alianza de Teck Quebrada Blanca y Fundaci\u00f3n F\u00fatbol M\u00e1s. <\/p>","protected":false},"author":5,"featured_media":43390,"comment_status":"closed","ping_status":"closed","sticky":false,"template":"","format":"standard","meta":{"_acf_changed":false,"footnotes":""},"categories":[1],"tags":[357,413,49,182,183,415],"class_list":["post-43387","post","type-post","status-publish","format-standard","has-post-thumbnail","hentry","category-chile","tag-andres-carmona","tag-costa","tag-jovenes","tag-tarapaca-2","tag-teck","tag-transferencia"],"acf":[],"_links":{"self":[{"href":"https:\/\/futbolmas.org\/en\/wp-json\/wp\/v2\/posts\/43387","targetHints":{"allow":["GET"]}}],"collection":[{"href":"https:\/\/futbolmas.org\/en\/wp-json\/wp\/v2\/posts"}],"about":[{"href":"https:\/\/futbolmas.org\/en\/wp-json\/wp\/v2\/types\/post"}],"author":[{"embeddable":true,"href":"https:\/\/futbolmas.org\/en\/wp-json\/wp\/v2\/users\/5"}],"replies":[{"embeddable":true,"href":"https:\/\/futbolmas.org\/en\/wp-json\/wp\/v2\/comments?post=43387"}],"version-history":[{"count":0,"href":"https:\/\/futbolmas.org\/en\/wp-json\/wp\/v2\/posts\/43387\/revisions"}],"wp:featuredmedia":[{"embeddable":true,"href":"https:\/\/futbolmas.org\/en\/wp-json\/"}],"wp:attachment":[{"href":"https:\/\/futbolmas.org\/en\/wp-json\/wp\/v2\/media?parent=43387"}],"wp:term":[{"taxonomy":"category","embeddable":true,"href":"https:\/\/futbolmas.org\/en\/wp-json\/wp\/v2\/categories?post=43387"},{"taxonomy":"post_tag","embeddable":true,"href":"https:\/\/futbolmas.org\/en\/wp-json\/wp\/v2\/tags?post=43387"}],"curies":[{"name":"wp","href":"https:\/\/api.w.org\/{rel}","templated":true}]}}