{"id":42726,"date":"2022-09-05T16:04:00","date_gmt":"2022-09-05T19:04:00","guid":{"rendered":"https:\/\/futbolmas.org\/?p=42726"},"modified":"2024-03-19T00:20:38","modified_gmt":"2024-03-19T00:20:38","slug":"parquemet-y-fundacion-futbol-mas-reafirman-su-compromiso-con-ninos-y-ninas-de-recoleta","status":"publish","type":"post","link":"https:\/\/futbolmas.org\/en\/parquemet-y-fundacion-futbol-mas-reafirman-su-compromiso-con-ninos-y-ninas-de-recoleta\/","title":{"rendered":"Parquemet y Fundaci\u00f3n F\u00fatbol M\u00e1s reafirman su compromiso con ni\u00f1os y ni\u00f1as de recoleta"},"content":{"rendered":"<div data-elementor-type=\"wp-post\" data-elementor-id=\"42726\" class=\"elementor elementor-42726\" data-elementor-settings=\"{&quot;element_pack_global_tooltip_width&quot;:{&quot;unit&quot;:&quot;px&quot;,&quot;size&quot;:&quot;&quot;,&quot;sizes&quot;:[]},&quot;element_pack_global_tooltip_width_tablet&quot;:{&quot;unit&quot;:&quot;px&quot;,&quot;size&quot;:&quot;&quot;,&quot;sizes&quot;:[]},&quot;element_pack_global_tooltip_width_mobile&quot;:{&quot;unit&quot;:&quot;px&quot;,&quot;size&quot;:&quot;&quot;,&quot;sizes&quot;:[]},&quot;element_pack_global_tooltip_padding&quot;:{&quot;unit&quot;:&quot;px&quot;,&quot;top&quot;:&quot;&quot;,&quot;right&quot;:&quot;&quot;,&quot;bottom&quot;:&quot;&quot;,&quot;left&quot;:&quot;&quot;,&quot;isLinked&quot;:true},&quot;element_pack_global_tooltip_padding_tablet&quot;:{&quot;unit&quot;:&quot;px&quot;,&quot;top&quot;:&quot;&quot;,&quot;right&quot;:&quot;&quot;,&quot;bottom&quot;:&quot;&quot;,&quot;left&quot;:&quot;&quot;,&quot;isLinked&quot;:true},&quot;element_pack_global_tooltip_padding_mobile&quot;:{&quot;unit&quot;:&quot;px&quot;,&quot;top&quot;:&quot;&quot;,&quot;right&quot;:&quot;&quot;,&quot;bottom&quot;:&quot;&quot;,&quot;left&quot;:&quot;&quot;,&quot;isLinked&quot;:true},&quot;element_pack_global_tooltip_border_radius&quot;:{&quot;unit&quot;:&quot;px&quot;,&quot;top&quot;:&quot;&quot;,&quot;right&quot;:&quot;&quot;,&quot;bottom&quot;:&quot;&quot;,&quot;left&quot;:&quot;&quot;,&quot;isLinked&quot;:true},&quot;element_pack_global_tooltip_border_radius_tablet&quot;:{&quot;unit&quot;:&quot;px&quot;,&quot;top&quot;:&quot;&quot;,&quot;right&quot;:&quot;&quot;,&quot;bottom&quot;:&quot;&quot;,&quot;left&quot;:&quot;&quot;,&quot;isLinked&quot;:true},&quot;element_pack_global_tooltip_border_radius_mobile&quot;:{&quot;unit&quot;:&quot;px&quot;,&quot;top&quot;:&quot;&quot;,&quot;right&quot;:&quot;&quot;,&quot;bottom&quot;:&quot;&quot;,&quot;left&quot;:&quot;&quot;,&quot;isLinked&quot;:true}}\" data-elementor-post-type=\"post\">\n\t\t\t\t\t\t<section class=\"elementor-section elementor-top-section elementor-element elementor-element-37299369 elementor-section-boxed elementor-section-height-default elementor-section-height-default\" data-id=\"37299369\" data-element_type=\"section\" data-e-type=\"section\">\n\t\t\t\t\t\t<div class=\"elementor-container elementor-column-gap-default\">\n\t\t\t\t\t<div class=\"elementor-column elementor-col-100 elementor-top-column elementor-element elementor-element-5913d042\" data-id=\"5913d042\" data-element_type=\"column\" data-e-type=\"column\">\n\t\t\t<div class=\"elementor-widget-wrap elementor-element-populated\">\n\t\t\t\t\t\t<div class=\"elementor-element elementor-element-1a9497ba elementor-widget elementor-widget-text-editor\" data-id=\"1a9497ba\" data-element_type=\"widget\" data-e-type=\"widget\" data-widget_type=\"text-editor.default\">\n\t\t\t\t<div class=\"elementor-widget-container\">\n\t\t\t\t\t\t\t\t\t<p>M\u00e1s de 50 ni\u00f1as, ni\u00f1os y familias que participan del programa F\u00fatbol M\u00e1s Barrios ejecutado por PARQUEMET y Fundaci\u00f3n F\u00fatbol M\u00e1s en el sector Aurora de Chile, llegaron hasta la cancha del lugar para celebrar a la infancia en el mes de la ni\u00f1ez.\u00a0<\/p><p>La actividad tuvo como eje central la celebraci\u00f3n de los derechos de la infancia, y busc\u00f3 reunir a la comunidad en torno a actividades sociodeportivas y juegos colectivos. De esta forma se trabaja en la recuperaci\u00f3n de espacios y cohesi\u00f3n comunitaria desde la cancha del barrio.\u00a0<\/p><p>Para la instancia, la Municipalidad de Recoleta se hizo presente con la estrega de regalos para los ni\u00f1os y ni\u00f1as, adem\u00e1s se cont\u00f3 con la participaci\u00f3n del Cesfam Dr. Patricio Hevia y un show de t\u00edteres de un artista local, con el fin de vincular a las comunidades con las redes del sector.<\/p><p>Desde diciembre de 2021 PARQUEMET y Fundaci\u00f3n F\u00fatbol M\u00e1s tienen una alianza que va en pos del desarrollo de ni\u00f1os y ni\u00f1as de la comuna de Recoleta, desarrollando en conjunto el Programa F\u00fatbol M\u00e1s Barrios que consiste en la realizaci\u00f3n de talleres sociodeportivos, en los que, a trav\u00e9s del deporte y el juego, se potencian habilidades para la vida como el trabajo en equipo, la empat\u00eda, el compa\u00f1erismo, entre otras.\u00a0<\/p><p>Revisa algunas de las im\u00e1genes del encuentro:<\/p><p><img loading=\"lazy\" decoding=\"async\" class=\"aligncenter wp-image-42730\" src=\"https:\/\/futbolmas.org\/wp-content\/uploads\/2022\/11\/220826-Watson-Futbol-Mas-Aurora-de-Chile-6-1-1024x681.jpg\" alt=\"\" width=\"800\" height=\"532\"><\/p><p><img loading=\"lazy\" decoding=\"async\" class=\"alignnone wp-image-42728\" src=\"https:\/\/futbolmas.org\/wp-content\/uploads\/2022\/11\/220826-Watson-Futbol-Mas-Aurora-de-Chile-28-1024x819.jpg\" alt=\"\" width=\"800\" height=\"640\"><\/p><p><img loading=\"lazy\" decoding=\"async\" class=\"alignnone wp-image-42729\" src=\"https:\/\/futbolmas.org\/wp-content\/uploads\/2022\/11\/220826-Watson-Futbol-Mas-Aurora-de-Chile-2-300x200.jpg\" alt=\"\" width=\"800\" height=\"532\"><\/p><p><img loading=\"lazy\" decoding=\"async\" class=\"alignnone wp-image-42732\" src=\"https:\/\/futbolmas.org\/wp-content\/uploads\/2022\/11\/220826-Watson-Futbol-Mas-Aurora-de-Chile-16-300x200.jpg\" alt=\"\" width=\"800\" height=\"532\"><\/p>\t\t\t\t\t\t\t\t<\/div>\n\t\t\t\t<\/div>\n\t\t\t\t\t<\/div>\n\t\t<\/div>\n\t\t\t\t\t<\/div>\n\t\t<\/section>\n\t\t\t\t<\/div>","protected":false},"excerpt":{"rendered":"<p>Con un encuentro comunitario en el barrio Aurora de Chile, vecinos y vecinas celebraron el mes de la ni\u00f1ez, junto a PARQUEMET, Fundaci\u00f3n F\u00fatbol M\u00e1s y la Municipalidad de Recoleta. <\/p>","protected":false},"author":5,"featured_media":42733,"comment_status":"closed","ping_status":"closed","sticky":false,"template":"","format":"standard","meta":{"_acf_changed":false,"footnotes":""},"categories":[1],"tags":[244,378,533,94,380,248,250],"class_list":["post-42726","post","type-post","status-publish","format-standard","has-post-thumbnail","hentry","category-chile","tag-aurora-de-chile","tag-carnaval-por-la-ninez","tag-dia-del-nino","tag-futbol-mas","tag-mes-del-nino","tag-parquemet","tag-recoleta"],"acf":[],"_links":{"self":[{"href":"https:\/\/futbolmas.org\/en\/wp-json\/wp\/v2\/posts\/42726","targetHints":{"allow":["GET"]}}],"collection":[{"href":"https:\/\/futbolmas.org\/en\/wp-json\/wp\/v2\/posts"}],"about":[{"href":"https:\/\/futbolmas.org\/en\/wp-json\/wp\/v2\/types\/post"}],"author":[{"embeddable":true,"href":"https:\/\/futbolmas.org\/en\/wp-json\/wp\/v2\/users\/5"}],"replies":[{"embeddable":true,"href":"https:\/\/futbolmas.org\/en\/wp-json\/wp\/v2\/comments?post=42726"}],"version-history":[{"count":0,"href":"https:\/\/futbolmas.org\/en\/wp-json\/wp\/v2\/posts\/42726\/revisions"}],"wp:featuredmedia":[{"embeddable":true,"href":"https:\/\/futbolmas.org\/en\/wp-json\/"}],"wp:attachment":[{"href":"https:\/\/futbolmas.org\/en\/wp-json\/wp\/v2\/media?parent=42726"}],"wp:term":[{"taxonomy":"category","embeddable":true,"href":"https:\/\/futbolmas.org\/en\/wp-json\/wp\/v2\/categories?post=42726"},{"taxonomy":"post_tag","embeddable":true,"href":"https:\/\/futbolmas.org\/en\/wp-json\/wp\/v2\/tags?post=42726"}],"curies":[{"name":"wp","href":"https:\/\/api.w.org\/{rel}","templated":true}]}}