{"id":35946,"date":"2022-03-28T12:42:07","date_gmt":"2022-03-28T15:42:07","guid":{"rendered":"https:\/\/futbolmas.org\/?p=35946"},"modified":"2024-03-19T00:20:39","modified_gmt":"2024-03-19T00:20:39","slug":"mejorando-la-convivencia-escolar-a-traves-del-juego-y-el-deporte","status":"publish","type":"post","link":"https:\/\/futbolmas.org\/en\/mejorando-la-convivencia-escolar-a-traves-del-juego-y-el-deporte\/","title":{"rendered":"MEJORANDO LA CONVIVENCIA ESCOLAR A TRAV\u00c9S DEL JUEGO Y EL DEPORTE"},"content":{"rendered":"<div data-elementor-type=\"wp-post\" data-elementor-id=\"35946\" class=\"elementor elementor-35946\" data-elementor-settings=\"{&quot;element_pack_global_tooltip_width&quot;:{&quot;unit&quot;:&quot;px&quot;,&quot;size&quot;:&quot;&quot;,&quot;sizes&quot;:[]},&quot;element_pack_global_tooltip_width_tablet&quot;:{&quot;unit&quot;:&quot;px&quot;,&quot;size&quot;:&quot;&quot;,&quot;sizes&quot;:[]},&quot;element_pack_global_tooltip_width_mobile&quot;:{&quot;unit&quot;:&quot;px&quot;,&quot;size&quot;:&quot;&quot;,&quot;sizes&quot;:[]},&quot;element_pack_global_tooltip_padding&quot;:{&quot;unit&quot;:&quot;px&quot;,&quot;top&quot;:&quot;&quot;,&quot;right&quot;:&quot;&quot;,&quot;bottom&quot;:&quot;&quot;,&quot;left&quot;:&quot;&quot;,&quot;isLinked&quot;:true},&quot;element_pack_global_tooltip_padding_tablet&quot;:{&quot;unit&quot;:&quot;px&quot;,&quot;top&quot;:&quot;&quot;,&quot;right&quot;:&quot;&quot;,&quot;bottom&quot;:&quot;&quot;,&quot;left&quot;:&quot;&quot;,&quot;isLinked&quot;:true},&quot;element_pack_global_tooltip_padding_mobile&quot;:{&quot;unit&quot;:&quot;px&quot;,&quot;top&quot;:&quot;&quot;,&quot;right&quot;:&quot;&quot;,&quot;bottom&quot;:&quot;&quot;,&quot;left&quot;:&quot;&quot;,&quot;isLinked&quot;:true},&quot;element_pack_global_tooltip_border_radius&quot;:{&quot;unit&quot;:&quot;px&quot;,&quot;top&quot;:&quot;&quot;,&quot;right&quot;:&quot;&quot;,&quot;bottom&quot;:&quot;&quot;,&quot;left&quot;:&quot;&quot;,&quot;isLinked&quot;:true},&quot;element_pack_global_tooltip_border_radius_tablet&quot;:{&quot;unit&quot;:&quot;px&quot;,&quot;top&quot;:&quot;&quot;,&quot;right&quot;:&quot;&quot;,&quot;bottom&quot;:&quot;&quot;,&quot;left&quot;:&quot;&quot;,&quot;isLinked&quot;:true},&quot;element_pack_global_tooltip_border_radius_mobile&quot;:{&quot;unit&quot;:&quot;px&quot;,&quot;top&quot;:&quot;&quot;,&quot;right&quot;:&quot;&quot;,&quot;bottom&quot;:&quot;&quot;,&quot;left&quot;:&quot;&quot;,&quot;isLinked&quot;:true}}\" data-elementor-post-type=\"post\">\n\t\t\t\t\t\t<section class=\"elementor-section elementor-top-section elementor-element elementor-element-37299369 elementor-section-boxed elementor-section-height-default elementor-section-height-default\" data-id=\"37299369\" data-element_type=\"section\" data-e-type=\"section\">\n\t\t\t\t\t\t<div class=\"elementor-container elementor-column-gap-default\">\n\t\t\t\t\t<div class=\"elementor-column elementor-col-100 elementor-top-column elementor-element elementor-element-5913d042\" data-id=\"5913d042\" data-element_type=\"column\" data-e-type=\"column\">\n\t\t\t<div class=\"elementor-widget-wrap elementor-element-populated\">\n\t\t\t\t\t\t<div class=\"elementor-element elementor-element-1a9497ba elementor-widget elementor-widget-text-editor\" data-id=\"1a9497ba\" data-element_type=\"widget\" data-e-type=\"widget\" data-widget_type=\"text-editor.default\">\n\t\t\t\t<div class=\"elementor-widget-container\">\n\t\t\t\t\t\t\t\t\t<p>El retorno a clases presenciales despu\u00e9s de cerca de dos a\u00f1os de modalidad mixta de aprendizaje, ha generado consecuencias en estudiante y docentes. El desgaste emocional y relacionamientos, adem\u00e1s de la ansiedad por el retorno presencial pueden ser, seg\u00fan psic\u00f3logos, algunas de las razones por las que estas \u00faltimas semanas hemos sido testigos de episodios de violencia dentro de algunos colegios del pa\u00eds.<\/p><p>En efecto, el ministro de Educaci\u00f3n, Marco Antonio \u00c1vila, asegur\u00f3 que las situaciones de violencia entre estudiantes se deben a que es \u201cun efecto postraum\u00e1tico asociado a la pandemia. El aumento de la ansiedad, la depresi\u00f3n, la falta de motivaci\u00f3n se manifiestan probablemente en actitudes violentas\u201d. Por este motivo es que una de las iniciativas que piensa tomar el Ejecutivo es reducci\u00f3n de la jornada escolar para bajar estos \u00edndices de salud mental.\u00a0<\/p><p>Para F\u00fatbol M\u00e1s, organizaci\u00f3n que lleva cinco a\u00f1os insertando su metodolog\u00eda sociodeportiva en escuelas, utilizando el deporte y el juego para potenciar habilidades para la vida en ni\u00f1as, ni\u00f1os, j\u00f3venes y docentes, ven un gran potencial en la actividad f\u00edsica para promover la sana convivencia. Daniela Nore\u00f1a, directora social de la Fundaci\u00f3n, comenta que \u201cnosotros vemos el f\u00fatbol, el juego y el deporte como herramientas de cambio social, con el cual a trav\u00e9s de distintas t\u00e9cnicas deportivas podemos tratar temas sociales como el trabajo en equipo, el compa\u00f1erismo, la alegr\u00eda, la igualdad de g\u00e9nero, entre muchos otros. Temas que son tan necesarios de potenciar cuando vemos acontecimientos como los ocurridos estos \u00faltimos d\u00edas y en una sociedad que est\u00e1 tan alterada con conflictos y situaciones de violencia. Esperamos que m\u00e1s docentes, profesionales y encargados de convivencia escolar pueden ver en el deporte y la actividad f\u00edsica una alternativa para trabajar y mejorar las relaciones al interior de las escuelas\u201d.\u00a0 \u00a0<\/p><p><b>Salud mental y actividad f\u00edsica<\/b><\/p><p>Las cifras de salud mental en la infancia est\u00e1n revolucionando la sociedad. En pandemia estudios arrojaron que 1 de cada 5 ni\u00f1as y ni\u00f1os presenta s\u00edntomas internalizantes de depresi\u00f3n y ansiedad. Estos antecedentes han alarmado a las comunidades educativas, quienes adem\u00e1s vivieron la realidad de los y las estudiantes en virtualidad -frente a una pantalla varias horas al d\u00eda- lo que signific\u00f3 un retraso en sus habilidades motrices y en su comportamiento con otros compa\u00f1eros.<\/p><p>La inestabilidad entre las modalidades de aprendizaje, virtual y presencial, tambi\u00e9n afect\u00f3 la salud mental y las relaciones tanto de docentes como de estudiantes. En este contexto, fue vital reforzar tem\u00e1ticas sociales y emocionales como el trabajo en equipo, la empat\u00eda y la confianza.<\/p><p>\u201cAl abordar tem\u00e1ticas socioemocionales cuesta much\u00edsimo hacer la bajada, pero cuando no les hablas de conceptos, cuando sales de la teor\u00eda y lo llevas exclusivamente a la pr\u00e1ctica y a trav\u00e9s de un juego les invitas a trabajar en equipo sin decirles que est\u00e1n trabajando en equipo, la verdad es que el conocimiento y el aprendizaje es mucho m\u00e1s internalizado\u201d, se\u00f1ala Katherine Correa, coordinadora de Programa Escuelas en la Regi\u00f3n de Los R\u00edos.<\/p><p>Al finalizar el a\u00f1o escolar, los y las docentes, participantes del programa, encuestados sobre el comportamiento de los estudiantes en las actividades de F\u00fatbol M\u00e1s en las escuelas a nivel nacional, un 89% de ellos indica que los ni\u00f1os y ni\u00f1as se sienten m\u00e1s alegres desde que est\u00e1 la fundaci\u00f3n ah\u00ed.<\/p><p>Durante la pandemia, Fundaci\u00f3n F\u00fatbol M\u00e1s continu\u00f3 inserta en establecimientos educacionales, ejecutando su Programa Escuelas en las regiones Tarapac\u00e1, Metropolitana, O\u2019Higgins, Maule, Los R\u00edos y Los Lagos, pudiendo incorporarse formalmente al curr\u00edculum escolar, en la asignatura Educaci\u00f3n F\u00edsica y Salud, de esta forma, se logr\u00f3 beneficiar a la comunidad educativa en torno al deporte y el juego, para as\u00ed mejorar los \u00edndices de convivencia escolar.<\/p>\t\t\t\t\t\t\t\t<\/div>\n\t\t\t\t<\/div>\n\t\t\t\t\t<\/div>\n\t\t<\/div>\n\t\t\t\t\t<\/div>\n\t\t<\/section>\n\t\t\t\t<\/div>","protected":false},"excerpt":{"rendered":"<p>A prop\u00f3sito de los hechos de violencia ocurridos al interior de las escuelas durante estas semanas, Fundaci\u00f3n F\u00fatbol M\u00e1s, organizaci\u00f3n sin fines de lucro, que trabaja desde el a\u00f1o 2017 al interior de los establecimientos educacionales alrededor del pa\u00eds, visibiliza el deporte como una herramienta para mejorar la convivencia escolar.<\/p>","protected":false},"author":5,"featured_media":35947,"comment_status":"closed","ping_status":"closed","sticky":false,"template":"","format":"standard","meta":{"_acf_changed":false,"footnotes":""},"categories":[1],"tags":[315,316,245,317,94,318,319],"class_list":["post-35946","post","type-post","status-publish","format-standard","has-post-thumbnail","hentry","category-chile","tag-bullying","tag-convivencia-escolar","tag-daniela-norena","tag-deporte-para-el-desarrollo","tag-futbol-mas","tag-violencia","tag-violencia-en-colegios"],"acf":[],"_links":{"self":[{"href":"https:\/\/futbolmas.org\/en\/wp-json\/wp\/v2\/posts\/35946","targetHints":{"allow":["GET"]}}],"collection":[{"href":"https:\/\/futbolmas.org\/en\/wp-json\/wp\/v2\/posts"}],"about":[{"href":"https:\/\/futbolmas.org\/en\/wp-json\/wp\/v2\/types\/post"}],"author":[{"embeddable":true,"href":"https:\/\/futbolmas.org\/en\/wp-json\/wp\/v2\/users\/5"}],"replies":[{"embeddable":true,"href":"https:\/\/futbolmas.org\/en\/wp-json\/wp\/v2\/comments?post=35946"}],"version-history":[{"count":0,"href":"https:\/\/futbolmas.org\/en\/wp-json\/wp\/v2\/posts\/35946\/revisions"}],"wp:featuredmedia":[{"embeddable":true,"href":"https:\/\/futbolmas.org\/en\/wp-json\/"}],"wp:attachment":[{"href":"https:\/\/futbolmas.org\/en\/wp-json\/wp\/v2\/media?parent=35946"}],"wp:term":[{"taxonomy":"category","embeddable":true,"href":"https:\/\/futbolmas.org\/en\/wp-json\/wp\/v2\/categories?post=35946"},{"taxonomy":"post_tag","embeddable":true,"href":"https:\/\/futbolmas.org\/en\/wp-json\/wp\/v2\/tags?post=35946"}],"curies":[{"name":"wp","href":"https:\/\/api.w.org\/{rel}","templated":true}]}}