{"id":35813,"date":"2022-03-02T12:38:07","date_gmt":"2022-03-02T15:38:07","guid":{"rendered":"https:\/\/futbolmas.org\/?p=35813"},"modified":"2024-03-19T00:20:51","modified_gmt":"2024-03-19T00:20:51","slug":"futbol-mas-peru-realizo-con-exito-la-semana-del-reciclaje-en-pucusana","status":"publish","type":"post","link":"https:\/\/futbolmas.org\/en\/futbol-mas-peru-realizo-con-exito-la-semana-del-reciclaje-en-pucusana\/","title":{"rendered":"F\u00daTBOL M\u00c1S PER\u00da REALIZ\u00d3 CON \u00c9XITO LA SEMANA DEL RECICLAJE EN PUCUSANA"},"content":{"rendered":"<div data-elementor-type=\"wp-post\" data-elementor-id=\"35813\" class=\"elementor elementor-35813\" data-elementor-settings=\"{&quot;element_pack_global_tooltip_width&quot;:{&quot;unit&quot;:&quot;px&quot;,&quot;size&quot;:&quot;&quot;,&quot;sizes&quot;:[]},&quot;element_pack_global_tooltip_width_tablet&quot;:{&quot;unit&quot;:&quot;px&quot;,&quot;size&quot;:&quot;&quot;,&quot;sizes&quot;:[]},&quot;element_pack_global_tooltip_width_mobile&quot;:{&quot;unit&quot;:&quot;px&quot;,&quot;size&quot;:&quot;&quot;,&quot;sizes&quot;:[]},&quot;element_pack_global_tooltip_padding&quot;:{&quot;unit&quot;:&quot;px&quot;,&quot;top&quot;:&quot;&quot;,&quot;right&quot;:&quot;&quot;,&quot;bottom&quot;:&quot;&quot;,&quot;left&quot;:&quot;&quot;,&quot;isLinked&quot;:true},&quot;element_pack_global_tooltip_padding_tablet&quot;:{&quot;unit&quot;:&quot;px&quot;,&quot;top&quot;:&quot;&quot;,&quot;right&quot;:&quot;&quot;,&quot;bottom&quot;:&quot;&quot;,&quot;left&quot;:&quot;&quot;,&quot;isLinked&quot;:true},&quot;element_pack_global_tooltip_padding_mobile&quot;:{&quot;unit&quot;:&quot;px&quot;,&quot;top&quot;:&quot;&quot;,&quot;right&quot;:&quot;&quot;,&quot;bottom&quot;:&quot;&quot;,&quot;left&quot;:&quot;&quot;,&quot;isLinked&quot;:true},&quot;element_pack_global_tooltip_border_radius&quot;:{&quot;unit&quot;:&quot;px&quot;,&quot;top&quot;:&quot;&quot;,&quot;right&quot;:&quot;&quot;,&quot;bottom&quot;:&quot;&quot;,&quot;left&quot;:&quot;&quot;,&quot;isLinked&quot;:true},&quot;element_pack_global_tooltip_border_radius_tablet&quot;:{&quot;unit&quot;:&quot;px&quot;,&quot;top&quot;:&quot;&quot;,&quot;right&quot;:&quot;&quot;,&quot;bottom&quot;:&quot;&quot;,&quot;left&quot;:&quot;&quot;,&quot;isLinked&quot;:true},&quot;element_pack_global_tooltip_border_radius_mobile&quot;:{&quot;unit&quot;:&quot;px&quot;,&quot;top&quot;:&quot;&quot;,&quot;right&quot;:&quot;&quot;,&quot;bottom&quot;:&quot;&quot;,&quot;left&quot;:&quot;&quot;,&quot;isLinked&quot;:true}}\" data-elementor-post-type=\"post\">\n\t\t\t\t\t\t<section class=\"elementor-section elementor-top-section elementor-element elementor-element-37299369 elementor-section-boxed elementor-section-height-default elementor-section-height-default\" data-id=\"37299369\" data-element_type=\"section\" data-e-type=\"section\">\n\t\t\t\t\t\t<div class=\"elementor-container elementor-column-gap-default\">\n\t\t\t\t\t<div class=\"elementor-column elementor-col-100 elementor-top-column elementor-element elementor-element-5913d042\" data-id=\"5913d042\" data-element_type=\"column\" data-e-type=\"column\">\n\t\t\t<div class=\"elementor-widget-wrap elementor-element-populated\">\n\t\t\t\t\t\t<div class=\"elementor-element elementor-element-1a9497ba elementor-widget elementor-widget-text-editor\" data-id=\"1a9497ba\" data-element_type=\"widget\" data-e-type=\"widget\" data-widget_type=\"text-editor.default\">\n\t\t\t\t<div class=\"elementor-widget-container\">\n\t\t\t\t\t\t\t\t\t<p>Con una fiesta comunitaria se llev\u00f3 a cabo la semana del reciclaje, evento realizado en el barrio de Pucusana, al sur de Lima. En este evento se les ense\u00f1\u00f3 a los ni\u00f1os, ni\u00f1as y adolescentes la importancia del reciclaje y la conservaci\u00f3n del medio ambiente para vivir en un mundo menos contaminado y m\u00e1s verde.<\/p><p><img loading=\"lazy\" decoding=\"async\" class=\"wp-image-35817 aligncenter\" src=\"https:\/\/futbolmas.org\/wp-content\/uploads\/2022\/03\/MG_4605-300x200.jpg\" alt=\"\" width=\"372\" height=\"265\"><\/p><p>La actividad central estuvo enfocada en la ejecuci\u00f3n de la liga interna que permiti\u00f3 que ni\u00f1as y ni\u00f1os jugaran en equipo para celebrar los goles de manera creativa. Adem\u00e1s, la jornada cont\u00f3 con las palabras de bienvenida de Mariela Paredes, directora de Asuntos P\u00fablicos, Comunicaci\u00f3n y Sostenibilidad de Arca Continental; y de Jimena Ch\u00e1vez, directora Social de Fundaci\u00f3n F\u00fatbol M\u00e1s.<\/p><p>\u201cEstamos muy contentos de poder estar aqu\u00ed y de ver el trabajo realizado por nuestros ni\u00f1as y ni\u00f1os del barrio de Pucusana. Desde Arca Continental estamos felices de seguir trabajando con la Fundaci\u00f3n F\u00fatbol M\u00e1s por la ni\u00f1ez\u201d, coment\u00f3 Mariela.<\/p><p><img loading=\"lazy\" decoding=\"async\" class=\"wp-image-35814 aligncenter\" src=\"https:\/\/futbolmas.org\/wp-content\/uploads\/2022\/03\/MG_4962-300x200.jpg\" alt=\"\" width=\"415\" height=\"256\"><\/p><p>\u201cEl barrio de Pucusana es uno de los m\u00e1s importantes que tenemos en Per\u00fa, siempre apoyando, siempre con las redes locales bien articuladas. Para nosotros y nosotras es un orgullo ver como se organizan y realizan sus propias ligas internas. \u00a1Arriba Pucusana!\u201d acot\u00f3 Jimena Ch\u00e1vez.<\/p><p>Adem\u00e1s de la liga interna, se realizaron diversas actividades l\u00fadicas relacionadas al reciclaje, tales como tumba lata, lanza aros, bolos, etc. Tambi\u00e9n se realiz\u00f3 un reconocimiento a los ni\u00f1as y ni\u00f1os, por su participaci\u00f3n en las sesiones sociodeportivas, adem\u00e1s de un reconocimiento a los l\u00edderes, lideresas e invitados.<\/p><p><br \/><img loading=\"lazy\" decoding=\"async\" class=\"wp-image-35816 aligncenter\" src=\"https:\/\/futbolmas.org\/wp-content\/uploads\/2022\/03\/MG_4772-300x200.jpg\" alt=\"\" width=\"416\" height=\"291\"><\/p><p>\u00a0<\/p>\t\t\t\t\t\t\t\t<\/div>\n\t\t\t\t<\/div>\n\t\t\t\t\t<\/div>\n\t\t<\/div>\n\t\t\t\t\t<\/div>\n\t\t<\/section>\n\t\t\t\t<\/div>","protected":false},"excerpt":{"rendered":"<p>El evento, que fue organizado por los l\u00edderes y el Equipo de Coordinaci\u00f3n Barrial de la comunidad, cont\u00f3 tambi\u00e9n con la presencia de autoridades de Arca Continental Lindley.<\/p>","protected":false},"author":5,"featured_media":35818,"comment_status":"closed","ping_status":"closed","sticky":false,"template":"","format":"standard","meta":{"_acf_changed":false,"footnotes":""},"categories":[13],"tags":[282,283,284,285,286,287,288],"class_list":["post-35813","post","type-post","status-publish","format-standard","has-post-thumbnail","hentry","category-peru","tag-arca-continental-lindley","tag-jimena-chavez","tag-liga-interna","tag-mariela-paredes","tag-pucusana","tag-reciclaje","tag-sociodeportiva"],"acf":[],"_links":{"self":[{"href":"https:\/\/futbolmas.org\/en\/wp-json\/wp\/v2\/posts\/35813","targetHints":{"allow":["GET"]}}],"collection":[{"href":"https:\/\/futbolmas.org\/en\/wp-json\/wp\/v2\/posts"}],"about":[{"href":"https:\/\/futbolmas.org\/en\/wp-json\/wp\/v2\/types\/post"}],"author":[{"embeddable":true,"href":"https:\/\/futbolmas.org\/en\/wp-json\/wp\/v2\/users\/5"}],"replies":[{"embeddable":true,"href":"https:\/\/futbolmas.org\/en\/wp-json\/wp\/v2\/comments?post=35813"}],"version-history":[{"count":0,"href":"https:\/\/futbolmas.org\/en\/wp-json\/wp\/v2\/posts\/35813\/revisions"}],"wp:featuredmedia":[{"embeddable":true,"href":"https:\/\/futbolmas.org\/en\/wp-json\/"}],"wp:attachment":[{"href":"https:\/\/futbolmas.org\/en\/wp-json\/wp\/v2\/media?parent=35813"}],"wp:term":[{"taxonomy":"category","embeddable":true,"href":"https:\/\/futbolmas.org\/en\/wp-json\/wp\/v2\/categories?post=35813"},{"taxonomy":"post_tag","embeddable":true,"href":"https:\/\/futbolmas.org\/en\/wp-json\/wp\/v2\/tags?post=35813"}],"curies":[{"name":"wp","href":"https:\/\/api.w.org\/{rel}","templated":true}]}}