{"id":35762,"date":"2022-02-18T18:20:34","date_gmt":"2022-02-18T21:20:34","guid":{"rendered":"https:\/\/futbolmas.org\/?p=35762"},"modified":"2024-03-19T00:20:51","modified_gmt":"2024-03-19T00:20:51","slug":"fundacion-futbol-mas-y-el-ministerio-del-deporte-de-ecuador-inician-proyecto-hincha-de-mi-barrio-que-beneficiara-a-casi-10-mil-ninas-y-ninos","status":"publish","type":"post","link":"https:\/\/futbolmas.org\/en\/fundacion-futbol-mas-y-el-ministerio-del-deporte-de-ecuador-inician-proyecto-hincha-de-mi-barrio-que-beneficiara-a-casi-10-mil-ninas-y-ninos\/","title":{"rendered":"Fundaci\u00f3n F\u00fatbol M\u00e1s y el Ministerio del Deporte de Ecuador inician proyecto \u2018Hincha de mi Barrio\u2019 que beneficiar\u00e1 a casi 10 mil ni\u00f1as y ni\u00f1os"},"content":{"rendered":"<div data-elementor-type=\"wp-post\" data-elementor-id=\"35762\" class=\"elementor elementor-35762\" data-elementor-settings=\"{&quot;element_pack_global_tooltip_width&quot;:{&quot;unit&quot;:&quot;px&quot;,&quot;size&quot;:&quot;&quot;,&quot;sizes&quot;:[]},&quot;element_pack_global_tooltip_width_tablet&quot;:{&quot;unit&quot;:&quot;px&quot;,&quot;size&quot;:&quot;&quot;,&quot;sizes&quot;:[]},&quot;element_pack_global_tooltip_width_mobile&quot;:{&quot;unit&quot;:&quot;px&quot;,&quot;size&quot;:&quot;&quot;,&quot;sizes&quot;:[]},&quot;element_pack_global_tooltip_padding&quot;:{&quot;unit&quot;:&quot;px&quot;,&quot;top&quot;:&quot;&quot;,&quot;right&quot;:&quot;&quot;,&quot;bottom&quot;:&quot;&quot;,&quot;left&quot;:&quot;&quot;,&quot;isLinked&quot;:true},&quot;element_pack_global_tooltip_padding_tablet&quot;:{&quot;unit&quot;:&quot;px&quot;,&quot;top&quot;:&quot;&quot;,&quot;right&quot;:&quot;&quot;,&quot;bottom&quot;:&quot;&quot;,&quot;left&quot;:&quot;&quot;,&quot;isLinked&quot;:true},&quot;element_pack_global_tooltip_padding_mobile&quot;:{&quot;unit&quot;:&quot;px&quot;,&quot;top&quot;:&quot;&quot;,&quot;right&quot;:&quot;&quot;,&quot;bottom&quot;:&quot;&quot;,&quot;left&quot;:&quot;&quot;,&quot;isLinked&quot;:true},&quot;element_pack_global_tooltip_border_radius&quot;:{&quot;unit&quot;:&quot;px&quot;,&quot;top&quot;:&quot;&quot;,&quot;right&quot;:&quot;&quot;,&quot;bottom&quot;:&quot;&quot;,&quot;left&quot;:&quot;&quot;,&quot;isLinked&quot;:true},&quot;element_pack_global_tooltip_border_radius_tablet&quot;:{&quot;unit&quot;:&quot;px&quot;,&quot;top&quot;:&quot;&quot;,&quot;right&quot;:&quot;&quot;,&quot;bottom&quot;:&quot;&quot;,&quot;left&quot;:&quot;&quot;,&quot;isLinked&quot;:true},&quot;element_pack_global_tooltip_border_radius_mobile&quot;:{&quot;unit&quot;:&quot;px&quot;,&quot;top&quot;:&quot;&quot;,&quot;right&quot;:&quot;&quot;,&quot;bottom&quot;:&quot;&quot;,&quot;left&quot;:&quot;&quot;,&quot;isLinked&quot;:true}}\" data-elementor-post-type=\"post\">\n\t\t\t\t\t\t<section class=\"elementor-section elementor-top-section elementor-element elementor-element-37299369 elementor-section-boxed elementor-section-height-default elementor-section-height-default\" data-id=\"37299369\" data-element_type=\"section\" data-e-type=\"section\">\n\t\t\t\t\t\t<div class=\"elementor-container elementor-column-gap-default\">\n\t\t\t\t\t<div class=\"elementor-column elementor-col-100 elementor-top-column elementor-element elementor-element-5913d042\" data-id=\"5913d042\" data-element_type=\"column\" data-e-type=\"column\">\n\t\t\t<div class=\"elementor-widget-wrap elementor-element-populated\">\n\t\t\t\t\t\t<div class=\"elementor-element elementor-element-1a9497ba elementor-widget elementor-widget-text-editor\" data-id=\"1a9497ba\" data-element_type=\"widget\" data-e-type=\"widget\" data-widget_type=\"text-editor.default\">\n\t\t\t\t<div class=\"elementor-widget-container\">\n\t\t\t\t\t\t\t\t\t<p>El pasado 11 de febrero se realiz\u00f3 el primero de los dos hitos de inicio en el Barrio 50 casas en la provincia de Esmeraldas, donde la comunidad recibi\u00f3 con mucha alegr\u00eda, entusiasmo y una cancha adornada con globos al <strong>ministro del deporte, Sebasti\u00e1n Palacios, junto a la subsecretaria Valentina Centeno.<\/strong><\/p><p>El proyecto \u2018Hincha de mi Barrio\u2019 justamente se realiza con el apoyo del Ministerio del Deporte de Ecuador y permitir\u00e1 llegar con el programa Barrios de la Fundaci\u00f3n F\u00fatbol M\u00e1s a 20 comunidades en cinco provincias del Ecuador (Pichincha, Guayas, Esmeraldas, Manab\u00ed y Los R\u00edos), beneficiando a m\u00e1s de 10 mil ni\u00f1as, ni\u00f1os, j\u00f3venes y sus comunidades.<\/p><p><img loading=\"lazy\" decoding=\"async\" class=\"wp-image-35763 aligncenter\" src=\"https:\/\/futbolmas.org\/wp-content\/uploads\/2022\/02\/P1350806-2-300x225.jpg\" alt=\"\" width=\"407\" height=\"311\"><br \/>El objetivo de <strong>\u2018Hincha de mi Barrio<\/strong>\u2019 es impulsar el desarrollo del deporte y la recreaci\u00f3n mediante sesiones sociodeportivas y torneos barriales, donde se fomente la organizaci\u00f3n de las comunidades y el encuentro entre las familias. De igual manera, se facilitar\u00e1 la formaci\u00f3n de j\u00f3venes l\u00edderes a trav\u00e9s de talleres.<\/p><p>\u201cEl deporte transforma vidas y con \u2018Hincha de mi Barrio\u2019 queremos combatir el consumo de drogas y violencia que hay en los sectores m\u00e1s vulnerables de nuestro pa\u00eds\u201d, explic\u00f3 el ministro Palacios.<\/p><p>Por otro lado, al<strong> barrio La Virginia en la Provincia de Los R\u00edos, lleg\u00f3 el presidente del Ecuador, Guillermo Lasso<\/strong>, para celebrar en esa comunidad el inicio del programa. \u201cEste es un lindo proyecto porque lo que hace es que ustedes (las comunidades) est\u00e9n en amistad, en concordia, en paz, alegr\u00eda, paz y en deporte. Es una gran oportunidad que le planteamos a todos los barrios del Ecuador y gracias al Ministerio del Deporte por esta iniciativa\u201d, se\u00f1al\u00f3. \u00a0<\/p><p><img loading=\"lazy\" decoding=\"async\" class=\"wp-image-35767 aligncenter\" src=\"https:\/\/futbolmas.org\/wp-content\/uploads\/2022\/02\/imagen-122-300x225.jpg\" alt=\"\" width=\"422\" height=\"309\"><\/p><p>Finally, <strong>Emanoel Palacios, director ejecutivo de Fundaci\u00f3n F\u00fatbol M\u00e1s Ecuador,<\/strong> mencion\u00f3 que \u201cacercarnos con el sector p\u00fablico es un pilar fundamental para poder construir diferentes acciones que puedan promover la felicidad de ni\u00f1as, ni\u00f1os y j\u00f3venes para tener un mayor alcance. \u2018Hincha de mi Barrio\u2019 es reflejo de un trabajo conjunto con el Ministerio del Deporte de Ecuador y estamos seguros que podremos cumplir el sue\u00f1o de muchas personas\u201d.<\/p><p><img loading=\"lazy\" decoding=\"async\" class=\"wp-image-35764 aligncenter\" src=\"https:\/\/futbolmas.org\/wp-content\/uploads\/2022\/02\/IMG_20220218_115230_1-300x225.jpg\" alt=\"\" width=\"407\" height=\"305\">\u00a0<\/p>\t\t\t\t\t\t\t\t<\/div>\n\t\t\t\t<\/div>\n\t\t\t\t\t<\/div>\n\t\t<\/div>\n\t\t\t\t\t<\/div>\n\t\t<\/section>\n\t\t\t\t<\/div>","protected":false},"excerpt":{"rendered":"<p>Durante los \u00faltimos d\u00edas se realizaron los eventos de lanzamiento en el Barrio 50 casas de la Provincia de Esmeraldas y en el barrio La Virginia de la Provincia de Los R\u00edos, donde participaron el presidente del Ecuador, Guillermo Lasso y los ministros Sebasti\u00e1n Palacios y Mar\u00eda Brown, del deporte y educaci\u00f3n respectivamente. <\/p>","protected":false},"author":5,"featured_media":35766,"comment_status":"closed","ping_status":"closed","sticky":false,"template":"","format":"standard","meta":{"_acf_changed":false,"footnotes":""},"categories":[537],"tags":[89,271,272,273,274,275,276,277,278,279,280,281],"class_list":["post-35762","post","type-post","status-publish","format-standard","has-post-thumbnail","hentry","category-ecuador","tag-ecuador","tag-esmeraldas","tag-guayas","tag-guillermo-lasso","tag-hincha-de-mi-barrio","tag-los-rios","tag-manabi","tag-maria-brown","tag-pichincha","tag-proyecto","tag-sebastian-palacios","tag-valentina-centeno"],"acf":[],"_links":{"self":[{"href":"https:\/\/futbolmas.org\/en\/wp-json\/wp\/v2\/posts\/35762","targetHints":{"allow":["GET"]}}],"collection":[{"href":"https:\/\/futbolmas.org\/en\/wp-json\/wp\/v2\/posts"}],"about":[{"href":"https:\/\/futbolmas.org\/en\/wp-json\/wp\/v2\/types\/post"}],"author":[{"embeddable":true,"href":"https:\/\/futbolmas.org\/en\/wp-json\/wp\/v2\/users\/5"}],"replies":[{"embeddable":true,"href":"https:\/\/futbolmas.org\/en\/wp-json\/wp\/v2\/comments?post=35762"}],"version-history":[{"count":0,"href":"https:\/\/futbolmas.org\/en\/wp-json\/wp\/v2\/posts\/35762\/revisions"}],"wp:featuredmedia":[{"embeddable":true,"href":"https:\/\/futbolmas.org\/en\/wp-json\/"}],"wp:attachment":[{"href":"https:\/\/futbolmas.org\/en\/wp-json\/wp\/v2\/media?parent=35762"}],"wp:term":[{"taxonomy":"category","embeddable":true,"href":"https:\/\/futbolmas.org\/en\/wp-json\/wp\/v2\/categories?post=35762"},{"taxonomy":"post_tag","embeddable":true,"href":"https:\/\/futbolmas.org\/en\/wp-json\/wp\/v2\/tags?post=35762"}],"curies":[{"name":"wp","href":"https:\/\/api.w.org\/{rel}","templated":true}]}}