{"id":35611,"date":"2021-12-29T13:53:59","date_gmt":"2021-12-29T16:53:59","guid":{"rendered":"https:\/\/futbolmas.org\/?p=35611"},"modified":"2024-03-19T00:20:51","modified_gmt":"2024-03-19T00:20:51","slug":"masisa-y-fundacion-futbol-mas-inician-programa-social-en-cabrero","status":"publish","type":"post","link":"https:\/\/futbolmas.org\/en\/masisa-y-fundacion-futbol-mas-inician-programa-social-en-cabrero\/","title":{"rendered":"MASISA y Fundaci\u00f3n F\u00fatbol M\u00e1s inician programa social en Cabrero"},"content":{"rendered":"<div data-elementor-type=\"wp-post\" data-elementor-id=\"35611\" class=\"elementor elementor-35611\" data-elementor-settings=\"{&quot;element_pack_global_tooltip_width&quot;:{&quot;unit&quot;:&quot;px&quot;,&quot;size&quot;:&quot;&quot;,&quot;sizes&quot;:[]},&quot;element_pack_global_tooltip_width_tablet&quot;:{&quot;unit&quot;:&quot;px&quot;,&quot;size&quot;:&quot;&quot;,&quot;sizes&quot;:[]},&quot;element_pack_global_tooltip_width_mobile&quot;:{&quot;unit&quot;:&quot;px&quot;,&quot;size&quot;:&quot;&quot;,&quot;sizes&quot;:[]},&quot;element_pack_global_tooltip_padding&quot;:{&quot;unit&quot;:&quot;px&quot;,&quot;top&quot;:&quot;&quot;,&quot;right&quot;:&quot;&quot;,&quot;bottom&quot;:&quot;&quot;,&quot;left&quot;:&quot;&quot;,&quot;isLinked&quot;:true},&quot;element_pack_global_tooltip_padding_tablet&quot;:{&quot;unit&quot;:&quot;px&quot;,&quot;top&quot;:&quot;&quot;,&quot;right&quot;:&quot;&quot;,&quot;bottom&quot;:&quot;&quot;,&quot;left&quot;:&quot;&quot;,&quot;isLinked&quot;:true},&quot;element_pack_global_tooltip_padding_mobile&quot;:{&quot;unit&quot;:&quot;px&quot;,&quot;top&quot;:&quot;&quot;,&quot;right&quot;:&quot;&quot;,&quot;bottom&quot;:&quot;&quot;,&quot;left&quot;:&quot;&quot;,&quot;isLinked&quot;:true},&quot;element_pack_global_tooltip_border_radius&quot;:{&quot;unit&quot;:&quot;px&quot;,&quot;top&quot;:&quot;&quot;,&quot;right&quot;:&quot;&quot;,&quot;bottom&quot;:&quot;&quot;,&quot;left&quot;:&quot;&quot;,&quot;isLinked&quot;:true},&quot;element_pack_global_tooltip_border_radius_tablet&quot;:{&quot;unit&quot;:&quot;px&quot;,&quot;top&quot;:&quot;&quot;,&quot;right&quot;:&quot;&quot;,&quot;bottom&quot;:&quot;&quot;,&quot;left&quot;:&quot;&quot;,&quot;isLinked&quot;:true},&quot;element_pack_global_tooltip_border_radius_mobile&quot;:{&quot;unit&quot;:&quot;px&quot;,&quot;top&quot;:&quot;&quot;,&quot;right&quot;:&quot;&quot;,&quot;bottom&quot;:&quot;&quot;,&quot;left&quot;:&quot;&quot;,&quot;isLinked&quot;:true}}\" data-elementor-post-type=\"post\">\n\t\t\t\t\t\t<section class=\"elementor-section elementor-top-section elementor-element elementor-element-37299369 elementor-section-boxed elementor-section-height-default elementor-section-height-default\" data-id=\"37299369\" data-element_type=\"section\" data-e-type=\"section\">\n\t\t\t\t\t\t<div class=\"elementor-container elementor-column-gap-default\">\n\t\t\t\t\t<div class=\"elementor-column elementor-col-100 elementor-top-column elementor-element elementor-element-5913d042\" data-id=\"5913d042\" data-element_type=\"column\" data-e-type=\"column\">\n\t\t\t<div class=\"elementor-widget-wrap elementor-element-populated\">\n\t\t\t\t\t\t<div class=\"elementor-element elementor-element-1a9497ba elementor-widget elementor-widget-text-editor\" data-id=\"1a9497ba\" data-element_type=\"widget\" data-e-type=\"widget\" data-widget_type=\"text-editor.default\">\n\t\t\t\t<div class=\"elementor-widget-container\">\n\t\t\t\t\t\t\t\t\t<p>Masisa, en conjunto con la Fundaci\u00f3n F\u00fatbol M\u00e1s iniciaron un programa social en el que trabajar\u00e1n con ni\u00f1os de 6 a 15 a\u00f1os que viven en contextos de vulnerabilidad social, potenciando valores y habilidades para la vida a trav\u00e9s del f\u00fatbol, el deporte y el juego.<\/p><p>Masisa est\u00e1 comprometida con el desarrollo de las comunidades, con el objetivo de promover el bienestar de los ni\u00f1os y j\u00f3venes, fortaleciendo procesos de resiliencia, v\u00ednculos significativos y cohesi\u00f3n comunitaria a trav\u00e9s del juego y el deporte, inculcando valores tales como el respeto, alegr\u00eda, creatividad, responsabilidad y trabajo en equipo.<br \/><br \/><\/p><p><img loading=\"lazy\" decoding=\"async\" class=\"aligncenter wp-image-35612\" src=\"https:\/\/futbolmas.org\/wp-content\/uploads\/2021\/12\/Alo-9-300x200.jpg\" alt=\"\" width=\"400\" height=\"267\"><\/p><p><br \/>Sobre el programa, Alejandro Carrillo, Gerente General de MASISA asegura que \u201cpara todos quienes somos parte de la compa\u00f1\u00eda, esta actividad representa un verdadero motivo de alegr\u00eda y orgullo. Desde siempre hemos cre\u00eddo en la educaci\u00f3n y el deporte como movilizadores del crecimiento y desarrollo social, adem\u00e1s de instancias para compartir y generar lazos de largo plazo con las comunidades de las que somos parte\u201d.<\/p><p>La idea principal es fortalecer la participaci\u00f3n y el compromiso de las personas para poner en valor la identidad a trav\u00e9s de actividades comunitarias y del deporte.<\/p><p><br \/><img loading=\"lazy\" decoding=\"async\" class=\"aligncenter wp-image-35615\" src=\"https:\/\/futbolmas.org\/wp-content\/uploads\/2021\/12\/Alo-300x200.jpg\" alt=\"\" width=\"400\" height=\"267\"><\/p><p><br \/>Adem\u00e1s contar\u00e1 con la instauraci\u00f3n de la \u201cTarjeta Verde\u201d, una herramienta de vinculaci\u00f3n, refuerzo positivo y l\u00edmites claros. Promueve el aprender jugando y garantiza un enfoque formativo del f\u00fatbol. Es una herramienta pedag\u00f3gica que no expulsa, castiga, ni amonesta, sino que premia y promueve las conductas prosociales de ni\u00f1as, ni\u00f1os, j\u00f3venes y adultos.<\/p><p>Por otra parte, Daniela Nore\u00f1a, Directora Social de Fundaci\u00f3n F\u00fatbol M\u00e1s, coment\u00f3 que \u201cesta iniciativa busca beneficiar a cerca de 200 ni\u00f1os, ni\u00f1as y adolescentes, a trav\u00e9s del deporte y la construcci\u00f3n de una sociedad que se preocupa de la infancia y que trabaja y entrena la felicidad de los m\u00e1s peque\u00f1os a trav\u00e9s del f\u00fatbol y del reconocimiento positivo, en un trabajo mancomunado entre la empresa, la fundaci\u00f3n y las comunidades.<\/p>\t\t\t\t\t\t\t\t<\/div>\n\t\t\t\t<\/div>\n\t\t\t\t\t<\/div>\n\t\t<\/div>\n\t\t\t\t\t<\/div>\n\t\t<\/section>\n\t\t\t\t<\/div>","protected":false},"excerpt":{"rendered":"<p>La iniciativa pionera en la comuna tendr\u00e1 como objetivo promover el bienestar de ni\u00f1os, ni\u00f1as y adolescentes de 6 a 15 a\u00f1os de la comunidad, a trav\u00e9s del f\u00fatbol.<\/p>","protected":false},"author":5,"featured_media":35613,"comment_status":"closed","ping_status":"closed","sticky":false,"template":"","format":"standard","meta":{"_acf_changed":false,"footnotes":""},"categories":[1],"tags":[251,43,252,249,84],"class_list":["post-35611","post","type-post","status-publish","format-standard","has-post-thumbnail","hentry","category-chile","tag-cabrero","tag-fundacion-futbol-mas","tag-masisa","tag-programa-barrios","tag-region-del-biobio"],"acf":[],"_links":{"self":[{"href":"https:\/\/futbolmas.org\/en\/wp-json\/wp\/v2\/posts\/35611","targetHints":{"allow":["GET"]}}],"collection":[{"href":"https:\/\/futbolmas.org\/en\/wp-json\/wp\/v2\/posts"}],"about":[{"href":"https:\/\/futbolmas.org\/en\/wp-json\/wp\/v2\/types\/post"}],"author":[{"embeddable":true,"href":"https:\/\/futbolmas.org\/en\/wp-json\/wp\/v2\/users\/5"}],"replies":[{"embeddable":true,"href":"https:\/\/futbolmas.org\/en\/wp-json\/wp\/v2\/comments?post=35611"}],"version-history":[{"count":0,"href":"https:\/\/futbolmas.org\/en\/wp-json\/wp\/v2\/posts\/35611\/revisions"}],"wp:featuredmedia":[{"embeddable":true,"href":"https:\/\/futbolmas.org\/en\/wp-json\/"}],"wp:attachment":[{"href":"https:\/\/futbolmas.org\/en\/wp-json\/wp\/v2\/media?parent=35611"}],"wp:term":[{"taxonomy":"category","embeddable":true,"href":"https:\/\/futbolmas.org\/en\/wp-json\/wp\/v2\/categories?post=35611"},{"taxonomy":"post_tag","embeddable":true,"href":"https:\/\/futbolmas.org\/en\/wp-json\/wp\/v2\/tags?post=35611"}],"curies":[{"name":"wp","href":"https:\/\/api.w.org\/{rel}","templated":true}]}}