{"id":35258,"date":"2021-11-10T20:50:28","date_gmt":"2021-11-10T23:50:28","guid":{"rendered":"https:\/\/futbolmas.org\/?p=35258"},"modified":"2024-03-19T00:20:52","modified_gmt":"2024-03-19T00:20:52","slug":"mauricio-pinilla-compartio-con-ninos-y-ninas-de-sagrada-familia-en-graneros","status":"publish","type":"post","link":"https:\/\/futbolmas.org\/en\/mauricio-pinilla-compartio-con-ninos-y-ninas-de-sagrada-familia-en-graneros\/","title":{"rendered":"MAURICIO PINILLA COMPARTI\u00d3 CON NI\u00d1OS Y NI\u00d1AS DE SAGRADA FAMILIA EN GRANEROS"},"content":{"rendered":"<div data-elementor-type=\"wp-post\" data-elementor-id=\"35258\" class=\"elementor elementor-35258\" data-elementor-settings=\"{&quot;element_pack_global_tooltip_width&quot;:{&quot;unit&quot;:&quot;px&quot;,&quot;size&quot;:&quot;&quot;,&quot;sizes&quot;:[]},&quot;element_pack_global_tooltip_width_tablet&quot;:{&quot;unit&quot;:&quot;px&quot;,&quot;size&quot;:&quot;&quot;,&quot;sizes&quot;:[]},&quot;element_pack_global_tooltip_width_mobile&quot;:{&quot;unit&quot;:&quot;px&quot;,&quot;size&quot;:&quot;&quot;,&quot;sizes&quot;:[]},&quot;element_pack_global_tooltip_padding&quot;:{&quot;unit&quot;:&quot;px&quot;,&quot;top&quot;:&quot;&quot;,&quot;right&quot;:&quot;&quot;,&quot;bottom&quot;:&quot;&quot;,&quot;left&quot;:&quot;&quot;,&quot;isLinked&quot;:true},&quot;element_pack_global_tooltip_padding_tablet&quot;:{&quot;unit&quot;:&quot;px&quot;,&quot;top&quot;:&quot;&quot;,&quot;right&quot;:&quot;&quot;,&quot;bottom&quot;:&quot;&quot;,&quot;left&quot;:&quot;&quot;,&quot;isLinked&quot;:true},&quot;element_pack_global_tooltip_padding_mobile&quot;:{&quot;unit&quot;:&quot;px&quot;,&quot;top&quot;:&quot;&quot;,&quot;right&quot;:&quot;&quot;,&quot;bottom&quot;:&quot;&quot;,&quot;left&quot;:&quot;&quot;,&quot;isLinked&quot;:true},&quot;element_pack_global_tooltip_border_radius&quot;:{&quot;unit&quot;:&quot;px&quot;,&quot;top&quot;:&quot;&quot;,&quot;right&quot;:&quot;&quot;,&quot;bottom&quot;:&quot;&quot;,&quot;left&quot;:&quot;&quot;,&quot;isLinked&quot;:true},&quot;element_pack_global_tooltip_border_radius_tablet&quot;:{&quot;unit&quot;:&quot;px&quot;,&quot;top&quot;:&quot;&quot;,&quot;right&quot;:&quot;&quot;,&quot;bottom&quot;:&quot;&quot;,&quot;left&quot;:&quot;&quot;,&quot;isLinked&quot;:true},&quot;element_pack_global_tooltip_border_radius_mobile&quot;:{&quot;unit&quot;:&quot;px&quot;,&quot;top&quot;:&quot;&quot;,&quot;right&quot;:&quot;&quot;,&quot;bottom&quot;:&quot;&quot;,&quot;left&quot;:&quot;&quot;,&quot;isLinked&quot;:true}}\" data-elementor-post-type=\"post\">\n\t\t\t\t\t\t<section class=\"elementor-section elementor-top-section elementor-element elementor-element-37299369 elementor-section-boxed elementor-section-height-default elementor-section-height-default\" data-id=\"37299369\" data-element_type=\"section\" data-e-type=\"section\">\n\t\t\t\t\t\t<div class=\"elementor-container elementor-column-gap-default\">\n\t\t\t\t\t<div class=\"elementor-column elementor-col-100 elementor-top-column elementor-element elementor-element-5913d042\" data-id=\"5913d042\" data-element_type=\"column\" data-e-type=\"column\">\n\t\t\t<div class=\"elementor-widget-wrap elementor-element-populated\">\n\t\t\t\t\t\t<div class=\"elementor-element elementor-element-1a9497ba elementor-widget elementor-widget-text-editor\" data-id=\"1a9497ba\" data-element_type=\"widget\" data-e-type=\"widget\" data-widget_type=\"text-editor.default\">\n\t\t\t\t<div class=\"elementor-widget-container\">\n\t\t\t\t\t\t\t\t\t<p>En la comuna de Graneros, sexta regi\u00f3n, la localidad de Sagrada Familia fue la protagonista de un nuevo cap\u00edtulo de Zona de Encuentro y su segmento \u2018Muy chileno\u2019 dirigido por Mauricio Pinilla, con el fin de comprobar que el f\u00fatbol y el juego ayudan al desarrollo de la actividad f\u00edsica. Dicho barrio es parte del programa sociodeportivo que imparte la Fundaci\u00f3n F\u00fatbol M\u00e1s, gracias a la alianza colaborativa que mantiene con MILO desde el 2018.<\/p><p><img loading=\"lazy\" decoding=\"async\" class=\"wp-image-35262 aligncenter\" src=\"https:\/\/futbolmas.org\/wp-content\/uploads\/2021\/11\/IMG_3730-300x200.jpg\" alt=\"\" width=\"387\" height=\"263\"><\/p><p>Fueron 60 minutos de actividad f\u00edsica donde el exseleccionado nacional disfrut\u00f3, junto a ni\u00f1os y ni\u00f1as, de din\u00e1micas deportivas que les permitieron aprender sobre h\u00e1bitos de vida saludable y clasificaci\u00f3n de los alimentos seg\u00fan su aporte de nutrientes (leche, carnes, verduras y frutas).<\/p><p>\u201cSagrada Familia es un barrio que se caracteriza por su potente capital social y trabajo comunitario en pos del bienestar de los ni\u00f1os y ni\u00f1as, por lo que sin duda la visita de Mauricio Pinilla ha sido un impulso para seguir motivando a la comunidad a trabajar por una infancia con vida activa y saludable\u201d, mencion\u00f3 Tania Torres, coordinadora regional de Fundaci\u00f3n F\u00fatbol M\u00e1s en O\u2019Higgins.<\/p><p>Respetando los protocolos sanitarios y la distancia f\u00edsica, la comunidad disfrut\u00f3 de un espacio lleno de risas, celebraciones de gol y grandes jugadas. Esta instancia sirvi\u00f3 para promover el bienestar de la infancia y fortalecer los v\u00ednculos significativos. Adem\u00e1s, Mauricio Pinilla volvi\u00f3 a ser un ni\u00f1o para dejarlo todo en la cancha y compartir la experiencia de estar en una sesi\u00f3n de F\u00fatbol M\u00e1s.<\/p><p><img loading=\"lazy\" decoding=\"async\" class=\"wp-image-35259 aligncenter\" src=\"https:\/\/futbolmas.org\/wp-content\/uploads\/2021\/11\/IMG_3707-300x200.jpg\" alt=\"\" width=\"399\" height=\"276\"><\/p><p>\u201cPara MILO siempre ha sido muy importante generar instancias para que los ni\u00f1os hagan deporte, y no solo por lo un tema de salud, sino que tambi\u00e9n por el aprendizaje y valores que les entrega para la vida. Nuestra alianza con Futbol M\u00e1s ha sido clave para poder apoyar a los ni\u00f1os de Graneros, lugar en d\u00f3nde hace 83 a\u00f1os se fabrica MILO\u201d, mencion\u00f3 Mar\u00eda Cristina Yoma, Gerente de Marketing CMB Nestl\u00e9 Chile.<\/p><p>Los ni\u00f1os y ni\u00f1as beneficiarios del programa en Sagrada Familia tienen entre 6 y 15 a\u00f1os; y reciben al menos dos clases a la semana para seguir entrenando su felicidad. La alianza entre Fundaci\u00f3n F\u00fatbol M\u00e1s y MILO ha permitido que las familias se vinculen en torno a la cancha y que el deporte permita fortalecer el trabajo en equipo, el respeto y la humildad; valores que est\u00e1n presentes en todo momento.<\/p><p><img loading=\"lazy\" decoding=\"async\" class=\"wp-image-35261 aligncenter\" src=\"https:\/\/futbolmas.org\/wp-content\/uploads\/2021\/11\/IMG_3718-300x200.jpg\" alt=\"\" width=\"411\" height=\"255\"><\/p><p>Para volver a mirar el programa \u2018Zona de Encuentros\u2019 de TVN, haz clic aqu\u00ed: <a href=\"https:\/\/www.tvn.cl\/cultura\/zonadeencuentro\/muychileno\/deportistas--muy-chileno----t1e15-5028028\" rel=\"nofollow noopener\" target=\"_blank\">https:\/\/www.tvn.cl\/cultura\/zonadeencuentro\/muychileno\/deportistas&#8211;muy-chileno&#8212;-t1e15-5028028<\/a><\/p>\t\t\t\t\t\t\t\t<\/div>\n\t\t\t\t<\/div>\n\t\t\t\t\t<\/div>\n\t\t<\/div>\n\t\t\t\t\t<\/div>\n\t\t<\/section>\n\t\t\t\t<\/div>","protected":false},"excerpt":{"rendered":"<p>El programa cultural conducido por el exfutbolista, es parte de la parrilla program\u00e1tica sabatina de TVN y en esta ocasi\u00f3n la comunidad demostrar\u00e1 que los chilenos y chilenas s\u00ed son buenos deportistas. <\/p>","protected":false},"author":5,"featured_media":35263,"comment_status":"closed","ping_status":"closed","sticky":false,"template":"","format":"standard","meta":{"_acf_changed":false,"footnotes":""},"categories":[1],"tags":[162,163,103,164,165,166,167,168],"class_list":["post-35258","post","type-post","status-publish","format-standard","has-post-thumbnail","hentry","category-chile","tag-graneros","tag-mauricio-pinilla","tag-ninez","tag-pinigol","tag-sabado","tag-sagrada-familia","tag-tvn","tag-zona-de-encuentro"],"acf":[],"_links":{"self":[{"href":"https:\/\/futbolmas.org\/en\/wp-json\/wp\/v2\/posts\/35258","targetHints":{"allow":["GET"]}}],"collection":[{"href":"https:\/\/futbolmas.org\/en\/wp-json\/wp\/v2\/posts"}],"about":[{"href":"https:\/\/futbolmas.org\/en\/wp-json\/wp\/v2\/types\/post"}],"author":[{"embeddable":true,"href":"https:\/\/futbolmas.org\/en\/wp-json\/wp\/v2\/users\/5"}],"replies":[{"embeddable":true,"href":"https:\/\/futbolmas.org\/en\/wp-json\/wp\/v2\/comments?post=35258"}],"version-history":[{"count":0,"href":"https:\/\/futbolmas.org\/en\/wp-json\/wp\/v2\/posts\/35258\/revisions"}],"wp:featuredmedia":[{"embeddable":true,"href":"https:\/\/futbolmas.org\/en\/wp-json\/"}],"wp:attachment":[{"href":"https:\/\/futbolmas.org\/en\/wp-json\/wp\/v2\/media?parent=35258"}],"wp:term":[{"taxonomy":"category","embeddable":true,"href":"https:\/\/futbolmas.org\/en\/wp-json\/wp\/v2\/categories?post=35258"},{"taxonomy":"post_tag","embeddable":true,"href":"https:\/\/futbolmas.org\/en\/wp-json\/wp\/v2\/tags?post=35258"}],"curies":[{"name":"wp","href":"https:\/\/api.w.org\/{rel}","templated":true}]}}