{"id":33053,"date":"2021-10-02T18:25:03","date_gmt":"2021-10-02T21:25:03","guid":{"rendered":"https:\/\/futbolmas.org\/?p=33053"},"modified":"2024-03-19T00:21:05","modified_gmt":"2024-03-19T00:21:05","slug":"en-dona-ignacia-se-vivio-el-primer-hito-comunitario-desde-el-inicio-de-la-pandemia","status":"publish","type":"post","link":"https:\/\/futbolmas.org\/en\/en-dona-ignacia-se-vivio-el-primer-hito-comunitario-desde-el-inicio-de-la-pandemia\/","title":{"rendered":"En Do\u00f1a Ignacia se vivi\u00f3 el primer hito comunitario desde el inicio de la pandemia"},"content":{"rendered":"<div data-elementor-type=\"wp-post\" data-elementor-id=\"33053\" class=\"elementor elementor-33053\" data-elementor-settings=\"{&quot;element_pack_global_tooltip_width&quot;:{&quot;unit&quot;:&quot;px&quot;,&quot;size&quot;:&quot;&quot;,&quot;sizes&quot;:[]},&quot;element_pack_global_tooltip_width_tablet&quot;:{&quot;unit&quot;:&quot;px&quot;,&quot;size&quot;:&quot;&quot;,&quot;sizes&quot;:[]},&quot;element_pack_global_tooltip_width_mobile&quot;:{&quot;unit&quot;:&quot;px&quot;,&quot;size&quot;:&quot;&quot;,&quot;sizes&quot;:[]},&quot;element_pack_global_tooltip_padding&quot;:{&quot;unit&quot;:&quot;px&quot;,&quot;top&quot;:&quot;&quot;,&quot;right&quot;:&quot;&quot;,&quot;bottom&quot;:&quot;&quot;,&quot;left&quot;:&quot;&quot;,&quot;isLinked&quot;:true},&quot;element_pack_global_tooltip_padding_tablet&quot;:{&quot;unit&quot;:&quot;px&quot;,&quot;top&quot;:&quot;&quot;,&quot;right&quot;:&quot;&quot;,&quot;bottom&quot;:&quot;&quot;,&quot;left&quot;:&quot;&quot;,&quot;isLinked&quot;:true},&quot;element_pack_global_tooltip_padding_mobile&quot;:{&quot;unit&quot;:&quot;px&quot;,&quot;top&quot;:&quot;&quot;,&quot;right&quot;:&quot;&quot;,&quot;bottom&quot;:&quot;&quot;,&quot;left&quot;:&quot;&quot;,&quot;isLinked&quot;:true},&quot;element_pack_global_tooltip_border_radius&quot;:{&quot;unit&quot;:&quot;px&quot;,&quot;top&quot;:&quot;&quot;,&quot;right&quot;:&quot;&quot;,&quot;bottom&quot;:&quot;&quot;,&quot;left&quot;:&quot;&quot;,&quot;isLinked&quot;:true},&quot;element_pack_global_tooltip_border_radius_tablet&quot;:{&quot;unit&quot;:&quot;px&quot;,&quot;top&quot;:&quot;&quot;,&quot;right&quot;:&quot;&quot;,&quot;bottom&quot;:&quot;&quot;,&quot;left&quot;:&quot;&quot;,&quot;isLinked&quot;:true},&quot;element_pack_global_tooltip_border_radius_mobile&quot;:{&quot;unit&quot;:&quot;px&quot;,&quot;top&quot;:&quot;&quot;,&quot;right&quot;:&quot;&quot;,&quot;bottom&quot;:&quot;&quot;,&quot;left&quot;:&quot;&quot;,&quot;isLinked&quot;:true}}\" data-elementor-post-type=\"post\">\n\t\t\t\t\t\t<section class=\"elementor-section elementor-top-section elementor-element elementor-element-37299369 elementor-section-boxed elementor-section-height-default elementor-section-height-default\" data-id=\"37299369\" data-element_type=\"section\" data-e-type=\"section\">\n\t\t\t\t\t\t<div class=\"elementor-container elementor-column-gap-default\">\n\t\t\t\t\t<div class=\"elementor-column elementor-col-100 elementor-top-column elementor-element elementor-element-5913d042\" data-id=\"5913d042\" data-element_type=\"column\" data-e-type=\"column\">\n\t\t\t<div class=\"elementor-widget-wrap elementor-element-populated\">\n\t\t\t\t\t\t<div class=\"elementor-element elementor-element-1a9497ba elementor-widget elementor-widget-text-editor\" data-id=\"1a9497ba\" data-element_type=\"widget\" data-e-type=\"widget\" data-widget_type=\"text-editor.default\">\n\t\t\t\t<div class=\"elementor-widget-container\">\n\t\t\t\t\t\t\t\t\t<p>Desde el a\u00f1o 2017, la organizaci\u00f3n sin fines de lucro, con el apoyo de empresa Malpo, trabaja con ni\u00f1as y ni\u00f1os y la comunidad de Do\u00f1a Ignacia bajo el programa F\u00fatbol M\u00e1s Barrios. All\u00ed realizan talleres sociodeportivos donde utilizan el f\u00fatbol para promover habilidades para la vida, como empat\u00eda, compa\u00f1erismo, trabajo en equipo, entre otros. A su vez, el programa busca mejorar la adhesi\u00f3n de la comunidad y su entorno a trav\u00e9s de m\u00faltiples coordinaciones con los vecinos y vecinas del sector.<\/p><p>En mayo comenzaron con las actividades presenciales, y este mes se realiz\u00f3 el primer encuentro comunitario desde el inicio de la pandemia, donde participaron ni\u00f1os y ni\u00f1as, padres y vecinos, y realizaron juegos y actividades por las fiestas patrias.<\/p><p><img loading=\"lazy\" decoding=\"async\" class=\"wp-image-33055 aligncenter\" src=\"https:\/\/futbolmas.org\/wp-content\/uploads\/2021\/10\/IMG_3486-300x200.jpg\" alt=\"\" width=\"400\" height=\"267\"><\/p><p>Gerardo Zenteno, coordinador regional de Fundaci\u00f3n F\u00fatbol M\u00e1s en Maule, comenta que \u201ceste hito fue muy relevante, ya que demuestra la capacidad de organizaci\u00f3n de la comunidad, independiente del tiempo transcurrido en que no pudimos realizar este tipo de actividades por la pandemia. Todo funcion\u00f3 en base a donaciones de los padres y la comunidad para los mismos ni\u00f1os y ni\u00f1as, es uno de los objetivos que buscamos conseguir, autogesti\u00f3n y empoderamiento comunitario en pos de la ni\u00f1ez\u201d.<\/p><p><strong>Trabajo de a\u00f1os<\/strong><\/p><p>Este 2021, y con el\u00a0 compromiso de Malpo, F\u00fatbol M\u00e1s cumpli\u00f3 cuatro a\u00f1os interviniendo en Do\u00f1a Ignacia. Con tan solo un profesor en cancha y cerca de 55 ni\u00f1os y ni\u00f1as entre 6 y 15 a\u00f1os pertenecientes al barrio, m\u00e1s la participaci\u00f3n de jardines construidos por Malpo, Fundaci\u00f3n F\u00fatbol M\u00e1s lleva cuatro meses trabajando de manera presencial. Para el coordinador regional, el retorno ha sido beneficioso para la comunidad, ya que se vuelve a restituir el tejido social y es beneficioso para la salud mental de la infancia.<\/p><p>Durante los meses de confinamiento, los profesores de la Fundaci\u00f3n reemplazaron las clases presenciales por sesiones remotas, lanzando el programa virtual \u201cMi Casa, Mi Cancha\u201d, que promueve actividades en espacios reducidos y entrega herramientas para el autocuidado. Los cap\u00edtulos est\u00e1n disponibles en el canal de YouTube futbolmasorg y tambi\u00e9n se transmiten en la se\u00f1al educativa y cultural NTV de lunes a viernes.<\/p><p><img loading=\"lazy\" decoding=\"async\" class=\"aligncenter wp-image-33058\" src=\"https:\/\/futbolmas.org\/wp-content\/uploads\/2021\/10\/IMG_3369-300x200.jpg\" alt=\"\" width=\"400\" height=\"267\"><\/p>\t\t\t\t\t\t\t\t<\/div>\n\t\t\t\t<\/div>\n\t\t\t\t\t<\/div>\n\t\t<\/div>\n\t\t\t\t\t<\/div>\n\t\t<\/section>\n\t\t\t\t<\/div>","protected":false},"excerpt":{"rendered":"<p>Gracias a la participaci\u00f3n y apoyo de Malpo, los m\u00e1s de 55 ni\u00f1os y ni\u00f1as comprometidos con la Fundaci\u00f3n Futbol M\u00e1s en la Regi\u00f3n del Maule asistieron al primer encuentro comunitario, que se realiz\u00f3 despu\u00e9s de m\u00e1s de un a\u00f1o y medio desde el inicio de la pandemia.<\/p>","protected":false},"author":5,"featured_media":33056,"comment_status":"closed","ping_status":"closed","sticky":false,"template":"","format":"standard","meta":{"_acf_changed":false,"footnotes":""},"categories":[1],"tags":[121,122,123,124,125],"class_list":["post-33053","post","type-post","status-publish","format-standard","has-post-thumbnail","hentry","category-chile","tag-dona-ignacia","tag-encuentro-comunitario","tag-fiestas-patrias","tag-malpo","tag-maule"],"acf":[],"_links":{"self":[{"href":"https:\/\/futbolmas.org\/en\/wp-json\/wp\/v2\/posts\/33053","targetHints":{"allow":["GET"]}}],"collection":[{"href":"https:\/\/futbolmas.org\/en\/wp-json\/wp\/v2\/posts"}],"about":[{"href":"https:\/\/futbolmas.org\/en\/wp-json\/wp\/v2\/types\/post"}],"author":[{"embeddable":true,"href":"https:\/\/futbolmas.org\/en\/wp-json\/wp\/v2\/users\/5"}],"replies":[{"embeddable":true,"href":"https:\/\/futbolmas.org\/en\/wp-json\/wp\/v2\/comments?post=33053"}],"version-history":[{"count":0,"href":"https:\/\/futbolmas.org\/en\/wp-json\/wp\/v2\/posts\/33053\/revisions"}],"wp:featuredmedia":[{"embeddable":true,"href":"https:\/\/futbolmas.org\/en\/wp-json\/wp\/v2\/media\/33056"}],"wp:attachment":[{"href":"https:\/\/futbolmas.org\/en\/wp-json\/wp\/v2\/media?parent=33053"}],"wp:term":[{"taxonomy":"category","embeddable":true,"href":"https:\/\/futbolmas.org\/en\/wp-json\/wp\/v2\/categories?post=33053"},{"taxonomy":"post_tag","embeddable":true,"href":"https:\/\/futbolmas.org\/en\/wp-json\/wp\/v2\/tags?post=33053"}],"curies":[{"name":"wp","href":"https:\/\/api.w.org\/{rel}","templated":true}]}}