{"id":32984,"date":"2021-09-29T17:47:03","date_gmt":"2021-09-29T20:47:03","guid":{"rendered":"https:\/\/futbolmas.org\/?p=32984"},"modified":"2024-03-19T00:21:05","modified_gmt":"2024-03-19T00:21:05","slug":"el-regreso-de-los-goles-y-sonrisas-en-antofagasta","status":"publish","type":"post","link":"https:\/\/futbolmas.org\/en\/el-regreso-de-los-goles-y-sonrisas-en-antofagasta\/","title":{"rendered":"EL REGRESO DE LOS GOLES Y SONRISAS EN ANTOFAGASTA"},"content":{"rendered":"<div data-elementor-type=\"wp-post\" data-elementor-id=\"32984\" class=\"elementor elementor-32984\" data-elementor-settings=\"{&quot;element_pack_global_tooltip_width&quot;:{&quot;unit&quot;:&quot;px&quot;,&quot;size&quot;:&quot;&quot;,&quot;sizes&quot;:[]},&quot;element_pack_global_tooltip_width_tablet&quot;:{&quot;unit&quot;:&quot;px&quot;,&quot;size&quot;:&quot;&quot;,&quot;sizes&quot;:[]},&quot;element_pack_global_tooltip_width_mobile&quot;:{&quot;unit&quot;:&quot;px&quot;,&quot;size&quot;:&quot;&quot;,&quot;sizes&quot;:[]},&quot;element_pack_global_tooltip_padding&quot;:{&quot;unit&quot;:&quot;px&quot;,&quot;top&quot;:&quot;&quot;,&quot;right&quot;:&quot;&quot;,&quot;bottom&quot;:&quot;&quot;,&quot;left&quot;:&quot;&quot;,&quot;isLinked&quot;:true},&quot;element_pack_global_tooltip_padding_tablet&quot;:{&quot;unit&quot;:&quot;px&quot;,&quot;top&quot;:&quot;&quot;,&quot;right&quot;:&quot;&quot;,&quot;bottom&quot;:&quot;&quot;,&quot;left&quot;:&quot;&quot;,&quot;isLinked&quot;:true},&quot;element_pack_global_tooltip_padding_mobile&quot;:{&quot;unit&quot;:&quot;px&quot;,&quot;top&quot;:&quot;&quot;,&quot;right&quot;:&quot;&quot;,&quot;bottom&quot;:&quot;&quot;,&quot;left&quot;:&quot;&quot;,&quot;isLinked&quot;:true},&quot;element_pack_global_tooltip_border_radius&quot;:{&quot;unit&quot;:&quot;px&quot;,&quot;top&quot;:&quot;&quot;,&quot;right&quot;:&quot;&quot;,&quot;bottom&quot;:&quot;&quot;,&quot;left&quot;:&quot;&quot;,&quot;isLinked&quot;:true},&quot;element_pack_global_tooltip_border_radius_tablet&quot;:{&quot;unit&quot;:&quot;px&quot;,&quot;top&quot;:&quot;&quot;,&quot;right&quot;:&quot;&quot;,&quot;bottom&quot;:&quot;&quot;,&quot;left&quot;:&quot;&quot;,&quot;isLinked&quot;:true},&quot;element_pack_global_tooltip_border_radius_mobile&quot;:{&quot;unit&quot;:&quot;px&quot;,&quot;top&quot;:&quot;&quot;,&quot;right&quot;:&quot;&quot;,&quot;bottom&quot;:&quot;&quot;,&quot;left&quot;:&quot;&quot;,&quot;isLinked&quot;:true}}\" data-elementor-post-type=\"post\">\n\t\t\t\t\t\t<section class=\"elementor-section elementor-top-section elementor-element elementor-element-37299369 elementor-section-boxed elementor-section-height-default elementor-section-height-default\" data-id=\"37299369\" data-element_type=\"section\" data-e-type=\"section\">\n\t\t\t\t\t\t<div class=\"elementor-container elementor-column-gap-default\">\n\t\t\t\t\t<div class=\"elementor-column elementor-col-100 elementor-top-column elementor-element elementor-element-5913d042\" data-id=\"5913d042\" data-element_type=\"column\" data-e-type=\"column\">\n\t\t\t<div class=\"elementor-widget-wrap elementor-element-populated\">\n\t\t\t\t\t\t<div class=\"elementor-element elementor-element-1a9497ba elementor-widget elementor-widget-text-editor\" data-id=\"1a9497ba\" data-element_type=\"widget\" data-e-type=\"widget\" data-widget_type=\"text-editor.default\">\n\t\t\t\t<div class=\"elementor-widget-container\">\n\t\t\t\t\t\t\t\t\t<p>Durante la pandemia, el silencio caracter\u00edstico del desierto fue el \u00fanico acompa\u00f1ante de muchos ni\u00f1os y ni\u00f1as que habitan en <strong>Michilla, barrio ubicado en la comuna de Mejillones de la Regi\u00f3n de Antofagasta.<\/strong><\/p><p>El Covid-19 ha impedido que la infancia realice deportes y asista normalmente a clases presenciales desde marzo del a\u00f1o pasado. Sin embargo, la resiliencia y la motivaci\u00f3n de F\u00fatbol M\u00e1s para devolverle el deporte a los ni\u00f1os fueron mucho m\u00e1s fuertes y, a pesar de la pandemia, han decidido retomar el deporte desde la calle, consolidando un espacio de apropiaci\u00f3n sociodeportiva junto al apoyo de<strong> Minera Centinela<\/strong> y los vecinos de esta localidad.<\/p><p><img loading=\"lazy\" decoding=\"async\" class=\"wp-image-32987 aligncenter\" src=\"https:\/\/futbolmas.org\/wp-content\/uploads\/2021\/09\/IMG_2366-300x200.jpg\" alt=\"\" width=\"395\" height=\"264\"><\/p><p><strong>Javier Escobar, coordinar regional de Fundaci\u00f3n F\u00fatbol M\u00e1s,<\/strong> se ha adaptado a este desaf\u00edo en medio de un espacio amplio y con los protocolos sanitarios correspondientes. Las calles de Michilla, adem\u00e1s de haberse convertido en canchas, han alojado el retorno de veinte ni\u00f1os y ni\u00f1as de este barrio que, despu\u00e9s de estar todo un a\u00f1o sin la posibilidad de realizar actividad f\u00edsica ni ver a sus amigos, han vuelto a disfrutar del f\u00fatbol en medio de esta crisis sanitaria.<\/p><p>\u201c<strong>Comenzamos en 2017<\/strong>, pero a ra\u00edz de la pandemia no hemos podido utilizar el espacio que ten\u00edamos para realizar las sesiones sociodeportivas, as\u00ed que tuvimos que ir a la calle. Hubo todo un proceso para hacer reactivaciones deportivas. Empezamos haciendo ejercicios desde la casa posteriormente aumentamos esos a grupos a doce. Este avance paulatino en la implementaci\u00f3n del programa ha sido significativo para nosotros\u201d, asegur\u00f3 Javier Escobar, quien junto al profesor <strong>Nelson Torres<\/strong> han llevado a cabo este proyecto comunitario.<\/p><p><img loading=\"lazy\" decoding=\"async\" class=\"wp-image-32985 aligncenter\" src=\"https:\/\/futbolmas.org\/wp-content\/uploads\/2021\/09\/IMG_2392-300x200.jpg\" alt=\"\" width=\"372\" height=\"267\"><\/p><p><strong>Michilla<\/strong>, a pesar de ser una comunidad peque\u00f1a, ha recibido de buena manera y con los brazos abiertos el plan de reactivaci\u00f3n f\u00edsica para los ni\u00f1os que habitan ah\u00ed. Gracias a la gesti\u00f3n de Fundaci\u00f3n F\u00fatbol M\u00e1s, tanto los padres como los profesores formadores de esta comunidad han notado un cambio profundo en la rutina de los ni\u00f1os, la cual se hab\u00eda visto condicionada por la monoton\u00eda, el aislamiento y el sedentarismo causado por las cuarentenas.<\/p><p>A pesar de que todav\u00eda les cueste agarrar el ritmo a los ejercicios, la convivencia, la disposici\u00f3n y el respeto permanecen latentes en este sitio de apropiaci\u00f3n social y deportiva para los ni\u00f1os y ni\u00f1as. <strong>El grito de gol ha vuelto y, muy pronto, los abrazos tambi\u00e9n lo har\u00e1n en Michilla.<\/strong><\/p><p><img loading=\"lazy\" decoding=\"async\" class=\"wp-image-32986 aligncenter\" src=\"https:\/\/futbolmas.org\/wp-content\/uploads\/2021\/09\/IMG_2394-300x200.jpg\" alt=\"\" width=\"388\" height=\"248\"> \u00a0<\/p>\t\t\t\t\t\t\t\t<\/div>\n\t\t\t\t<\/div>\n\t\t\t\t\t<\/div>\n\t\t<\/div>\n\t\t\t\t\t<\/div>\n\t\t<\/section>\n\t\t\t\t<\/div>","protected":false},"excerpt":{"rendered":"<p>A pesar del aislamiento, los ni\u00f1os y ni\u00f1as del barrio Michilla han estado participando en activaciones sociodeportivas que iniciaron a trav\u00e9s de la visita domiciliaria y posteriormente desde la apropiaci\u00f3n de la calle, consolidando un espacio de reintegraci\u00f3n a la actividad f\u00edsica. <\/p>","protected":false},"author":5,"featured_media":32988,"comment_status":"closed","ping_status":"closed","sticky":false,"template":"","format":"standard","meta":{"_acf_changed":false,"footnotes":""},"categories":[1],"tags":[52,117,118,48,119,120,55,56,58],"class_list":["post-32984","post","type-post","status-publish","format-standard","has-post-thumbnail","hentry","category-chile","tag-antofagasta","tag-comunidades","tag-desierto","tag-infancia","tag-michilla","tag-minera-centinela","tag-ninas","tag-ninos","tag-salud-mental"],"acf":[],"_links":{"self":[{"href":"https:\/\/futbolmas.org\/en\/wp-json\/wp\/v2\/posts\/32984","targetHints":{"allow":["GET"]}}],"collection":[{"href":"https:\/\/futbolmas.org\/en\/wp-json\/wp\/v2\/posts"}],"about":[{"href":"https:\/\/futbolmas.org\/en\/wp-json\/wp\/v2\/types\/post"}],"author":[{"embeddable":true,"href":"https:\/\/futbolmas.org\/en\/wp-json\/wp\/v2\/users\/5"}],"replies":[{"embeddable":true,"href":"https:\/\/futbolmas.org\/en\/wp-json\/wp\/v2\/comments?post=32984"}],"version-history":[{"count":0,"href":"https:\/\/futbolmas.org\/en\/wp-json\/wp\/v2\/posts\/32984\/revisions"}],"wp:featuredmedia":[{"embeddable":true,"href":"https:\/\/futbolmas.org\/en\/wp-json\/"}],"wp:attachment":[{"href":"https:\/\/futbolmas.org\/en\/wp-json\/wp\/v2\/media?parent=32984"}],"wp:term":[{"taxonomy":"category","embeddable":true,"href":"https:\/\/futbolmas.org\/en\/wp-json\/wp\/v2\/categories?post=32984"},{"taxonomy":"post_tag","embeddable":true,"href":"https:\/\/futbolmas.org\/en\/wp-json\/wp\/v2\/tags?post=32984"}],"curies":[{"name":"wp","href":"https:\/\/api.w.org\/{rel}","templated":true}]}}