{"id":29379,"date":"2021-06-19T16:48:55","date_gmt":"2021-06-19T19:48:55","guid":{"rendered":"https:\/\/futbolmas.org\/?p=22162"},"modified":"2024-03-19T00:21:19","modified_gmt":"2024-03-19T00:21:19","slug":"dia-mundial-de-las-y-los-refugiados-fundacion-futbol-mas-utilizando-el-futbol-y-el-deporte-para-la-integracion-de-comunidades-desplazadas","status":"publish","type":"post","link":"https:\/\/futbolmas.org\/en\/dia-mundial-de-las-y-los-refugiados-fundacion-futbol-mas-utilizando-el-futbol-y-el-deporte-para-la-integracion-de-comunidades-desplazadas\/","title":{"rendered":"D\u00eda Mundial de las y los refugiados: Fundaci\u00f3n F\u00fatbol M\u00e1s utilizando el f\u00fatbol y el deporte para la integraci\u00f3n de comunidades desplazadas"},"content":{"rendered":"<div data-elementor-type=\"wp-post\" data-elementor-id=\"29379\" class=\"elementor elementor-29379\" data-elementor-settings=\"{&quot;element_pack_global_tooltip_width&quot;:{&quot;unit&quot;:&quot;px&quot;,&quot;size&quot;:&quot;&quot;,&quot;sizes&quot;:[]},&quot;element_pack_global_tooltip_width_tablet&quot;:{&quot;unit&quot;:&quot;px&quot;,&quot;size&quot;:&quot;&quot;,&quot;sizes&quot;:[]},&quot;element_pack_global_tooltip_width_mobile&quot;:{&quot;unit&quot;:&quot;px&quot;,&quot;size&quot;:&quot;&quot;,&quot;sizes&quot;:[]},&quot;element_pack_global_tooltip_padding&quot;:{&quot;unit&quot;:&quot;px&quot;,&quot;top&quot;:&quot;&quot;,&quot;right&quot;:&quot;&quot;,&quot;bottom&quot;:&quot;&quot;,&quot;left&quot;:&quot;&quot;,&quot;isLinked&quot;:true},&quot;element_pack_global_tooltip_padding_tablet&quot;:{&quot;unit&quot;:&quot;px&quot;,&quot;top&quot;:&quot;&quot;,&quot;right&quot;:&quot;&quot;,&quot;bottom&quot;:&quot;&quot;,&quot;left&quot;:&quot;&quot;,&quot;isLinked&quot;:true},&quot;element_pack_global_tooltip_padding_mobile&quot;:{&quot;unit&quot;:&quot;px&quot;,&quot;top&quot;:&quot;&quot;,&quot;right&quot;:&quot;&quot;,&quot;bottom&quot;:&quot;&quot;,&quot;left&quot;:&quot;&quot;,&quot;isLinked&quot;:true},&quot;element_pack_global_tooltip_border_radius&quot;:{&quot;unit&quot;:&quot;px&quot;,&quot;top&quot;:&quot;&quot;,&quot;right&quot;:&quot;&quot;,&quot;bottom&quot;:&quot;&quot;,&quot;left&quot;:&quot;&quot;,&quot;isLinked&quot;:true},&quot;element_pack_global_tooltip_border_radius_tablet&quot;:{&quot;unit&quot;:&quot;px&quot;,&quot;top&quot;:&quot;&quot;,&quot;right&quot;:&quot;&quot;,&quot;bottom&quot;:&quot;&quot;,&quot;left&quot;:&quot;&quot;,&quot;isLinked&quot;:true},&quot;element_pack_global_tooltip_border_radius_mobile&quot;:{&quot;unit&quot;:&quot;px&quot;,&quot;top&quot;:&quot;&quot;,&quot;right&quot;:&quot;&quot;,&quot;bottom&quot;:&quot;&quot;,&quot;left&quot;:&quot;&quot;,&quot;isLinked&quot;:true}}\" data-elementor-post-type=\"post\">\n\t\t\t\t\t\t<section class=\"elementor-section elementor-top-section elementor-element elementor-element-37299369 elementor-section-boxed elementor-section-height-default elementor-section-height-default\" data-id=\"37299369\" data-element_type=\"section\" data-e-type=\"section\">\n\t\t\t\t\t\t<div class=\"elementor-container elementor-column-gap-default\">\n\t\t\t\t\t<div class=\"elementor-column elementor-col-100 elementor-top-column elementor-element elementor-element-5913d042\" data-id=\"5913d042\" data-element_type=\"column\" data-e-type=\"column\">\n\t\t\t<div class=\"elementor-widget-wrap elementor-element-populated\">\n\t\t\t\t\t\t<div class=\"elementor-element elementor-element-1a9497ba elementor-widget elementor-widget-text-editor\" data-id=\"1a9497ba\" data-element_type=\"widget\" data-e-type=\"widget\" data-widget_type=\"text-editor.default\">\n\t\t\t\t<div class=\"elementor-widget-container\">\n\t\t\t\t\t\t\t\t\t<p><\/p>\n<h2 class=\"wp-block-heading\"><span class=\"TextRun SCXW38778935 BCX0\" lang=\"ES-CL\" xml:lang=\"ES-CL\" data-contrast=\"auto\"><span class=\"NormalTextRun SCXW38778935 BCX0\">D\u00cdA MUNDIAL DE LAS Y LOS REFUGIADOS: FUNDACI\u00d3N F\u00daTBOL M\u00c1S UTILIZANDO EL F\u00daTBOL Y EL DEPORTE PARA LA INTEGRACI\u00d3N DE COMUNIDADES DESPLAZADAS<\/span><span class=\"NormalTextRun SCXW38778935 BCX0\">\u00a0<\/span><\/span><span class=\"EOP SCXW38778935 BCX0\" data-ccp-props=\"{\">\u00a0<\/span><\/h2>\n<p><em>Kakuma y Daadab se encuentran entre los campos de refugiados m\u00e1s grandes del mundo, personas de todas las edades que han debido desplazarse por conflictos y guerras en sus pa\u00edses. El primero de ellos es uno de los que alberga la mayor cantidad de ni\u00f1os y ni\u00f1as no acompa\u00f1adas, destac\u00e1ndose all\u00ed el rol de las escuelas y organizaciones sociales y humanitarias que velan por su integraci\u00f3n y desarrollo. <\/em><\/p>\n<p>En Fundaci\u00f3n F\u00fatbol M\u00e1s nos propusimos intervenir por primera vez en \u00c1frica en 2017 en dos comunidades de Kibera y Mathare, en el coraz\u00f3n de la capital de Kenia, Nairobi. Tres a\u00f1os despu\u00e9s, en julio de 2020, en el inicio de la pandemia del Covid-19, llegamos a dos de los mayores campos de refugiados del mundo, Kakuma y Daadab.<\/p>\n<p><img loading=\"lazy\" decoding=\"async\" class=\"aligncenter wp-image-22166\" src=\"https:\/\/futbolmas.org\/wp-content\/uploads\/2021\/06\/Image-4-1-1024x484.jpeg\" alt=\"\" width=\"450\" height=\"213\"><\/p>\n<p>La vida de cualquier refugiado est\u00e1 llena de mucha incertidumbre, pero es muy probable que, con la pandemia, aquellas comunidades se arriesguen a un mayor aislamiento que podr\u00eda resultar en niveles m\u00e1s altos de estr\u00e9s, empeoramiento de los problemas de salud mental y aumento de los casos de violencia familiar e infantil. As\u00ed, el objetivo ha sido trabajar con los j\u00f3venes, los padres y el personal de estas comunidades para afrontar de mejor manera esta situaci\u00f3n.<\/p>\n<p>A trav\u00e9s de nuestro programa social y deportivo con los refugiados, nos centramos en hacer que las ni\u00f1as, ni\u00f1os y j\u00f3venes se sientan parte de las comunidades en las que se encuentran, as\u00ed como en afrontar el choque traum\u00e1tico de la migraci\u00f3n y reconstruir sus vidas en nuevos territorios.<\/p>\n<p><img loading=\"lazy\" decoding=\"async\" class=\"size-medium wp-image-22164 aligncenter\" src=\"https:\/\/futbolmas.org\/wp-content\/uploads\/2021\/06\/Image-1-300x225.jpeg\" alt=\"\" width=\"300\" height=\"225\"><\/p>\n<p>En mayo de 2021, la cobertura fue de 2.231 ni\u00f1as y ni\u00f1os, 32 l\u00edderes juveniles y 15 adultos cuidadores en Kakuma. Mientras que en Daadab fueron 597 ni\u00f1as y ni\u00f1os, y 30 l\u00edderes comunitarios beneficiados con el programa. En los \u00faltimos dos meses, hemos dise\u00f1ado e implementado sesiones en cancha alineadas con el calendario escolar semanal; puesto en marcha jornadas de liderazgo juvenil; llevado a cabo la formaci\u00f3n de los miembros del equipo de coordinaci\u00f3n comunitaria; desarrollado m\u00f3dulos de profesores; y ha concluido la contrataci\u00f3n de personal.<\/p>\n<p>Dar inicio al programa en nuevos territorios nunca es f\u00e1cil, pero con el apoyo de alianzas se hace mucho m\u00e1s llevadero. La intervenci\u00f3n en las comunidades de refugiados se lleva a cabo, en gran medida, en colaboraci\u00f3n con el ACNUR (Alto Comisionado de las Naciones Unidas para los Refugiados) y la FLM (Federaci\u00f3n Luterana Mundial), que siguen trabajando para proteger y ayudar a los refugiados y refugiadas en todo el mundo.<\/p>\n<p>Al conmemorar este 21\u00ba D\u00eda Mundial del Refugiado, como F\u00fatbol M\u00e1s, destacamos los retos diarios a los que se enfrentan los y las refugiadas. Hacemos un llamado a otras organizaciones e individuos para que se propongan apoyar a las comunidades de refugiados en el desarrollo de habilidades y se les integre en nuevas culturas, as\u00ed como animar a las instituciones acad\u00e9micas a ofrecer m\u00e1s oportunidades de becas e impulsar a los empleadores a ofrecer m\u00e1s opciones laborales.<\/p>\n<p><img loading=\"lazy\" decoding=\"async\" class=\"size-medium wp-image-22177 aligncenter\" src=\"https:\/\/futbolmas.org\/wp-content\/uploads\/2021\/06\/Image-2-300x225.jpeg\" alt=\"\" width=\"300\" height=\"225\"><\/p>\n<p><\/p>\t\t\t\t\t\t\t\t<\/div>\n\t\t\t\t<\/div>\n\t\t\t\t\t<\/div>\n\t\t<\/div>\n\t\t\t\t\t<\/div>\n\t\t<\/section>\n\t\t\t\t<\/div>","protected":false},"excerpt":{"rendered":"<p>Kakuma y Daadab se encuentran entre los campos de refugiados m\u00e1s grandes del mundo, personas de todas las edades que han debido desplazarse por conflictos y guerras en sus pa\u00edses. El primero de ellos es uno de los que alberga la mayor cantidad de ni\u00f1os y ni\u00f1as no acompa\u00f1adas, destac\u00e1ndose all\u00ed el rol de las escuelas y organizaciones sociales y humanitarias que velan por su integraci\u00f3n y desarrollo.<\/p>","protected":false},"author":5,"featured_media":29634,"comment_status":"closed","ping_status":"closed","sticky":false,"template":"","format":"standard","meta":{"_acf_changed":false,"footnotes":""},"categories":[22],"tags":[],"class_list":["post-29379","post","type-post","status-publish","format-standard","has-post-thumbnail","hentry","category-kenia"],"acf":[],"_links":{"self":[{"href":"https:\/\/futbolmas.org\/en\/wp-json\/wp\/v2\/posts\/29379","targetHints":{"allow":["GET"]}}],"collection":[{"href":"https:\/\/futbolmas.org\/en\/wp-json\/wp\/v2\/posts"}],"about":[{"href":"https:\/\/futbolmas.org\/en\/wp-json\/wp\/v2\/types\/post"}],"author":[{"embeddable":true,"href":"https:\/\/futbolmas.org\/en\/wp-json\/wp\/v2\/users\/5"}],"replies":[{"embeddable":true,"href":"https:\/\/futbolmas.org\/en\/wp-json\/wp\/v2\/comments?post=29379"}],"version-history":[{"count":0,"href":"https:\/\/futbolmas.org\/en\/wp-json\/wp\/v2\/posts\/29379\/revisions"}],"wp:featuredmedia":[{"embeddable":true,"href":"https:\/\/futbolmas.org\/en\/wp-json\/wp\/v2\/media\/29634"}],"wp:attachment":[{"href":"https:\/\/futbolmas.org\/en\/wp-json\/wp\/v2\/media?parent=29379"}],"wp:term":[{"taxonomy":"category","embeddable":true,"href":"https:\/\/futbolmas.org\/en\/wp-json\/wp\/v2\/categories?post=29379"},{"taxonomy":"post_tag","embeddable":true,"href":"https:\/\/futbolmas.org\/en\/wp-json\/wp\/v2\/tags?post=29379"}],"curies":[{"name":"wp","href":"https:\/\/api.w.org\/{rel}","templated":true}]}}