{"id":29371,"date":"2021-04-23T16:37:05","date_gmt":"2021-04-23T19:37:05","guid":{"rendered":"https:\/\/futbolmas.org\/?p=21965"},"modified":"2024-03-19T00:21:20","modified_gmt":"2024-03-19T00:21:20","slug":"siete-consejos-para-la-contencion-socioemocional-de-ninos-y-ninas-en-pandemia","status":"publish","type":"post","link":"https:\/\/futbolmas.org\/en\/siete-consejos-para-la-contencion-socioemocional-de-ninos-y-ninas-en-pandemia\/","title":{"rendered":"Siete consejos para la contenci\u00f3n socioemocional de ni\u00f1os y ni\u00f1as en pandemia"},"content":{"rendered":"<div data-elementor-type=\"wp-post\" data-elementor-id=\"29371\" class=\"elementor elementor-29371\" data-elementor-settings=\"{&quot;element_pack_global_tooltip_width&quot;:{&quot;unit&quot;:&quot;px&quot;,&quot;size&quot;:&quot;&quot;,&quot;sizes&quot;:[]},&quot;element_pack_global_tooltip_width_tablet&quot;:{&quot;unit&quot;:&quot;px&quot;,&quot;size&quot;:&quot;&quot;,&quot;sizes&quot;:[]},&quot;element_pack_global_tooltip_width_mobile&quot;:{&quot;unit&quot;:&quot;px&quot;,&quot;size&quot;:&quot;&quot;,&quot;sizes&quot;:[]},&quot;element_pack_global_tooltip_padding&quot;:{&quot;unit&quot;:&quot;px&quot;,&quot;top&quot;:&quot;&quot;,&quot;right&quot;:&quot;&quot;,&quot;bottom&quot;:&quot;&quot;,&quot;left&quot;:&quot;&quot;,&quot;isLinked&quot;:true},&quot;element_pack_global_tooltip_padding_tablet&quot;:{&quot;unit&quot;:&quot;px&quot;,&quot;top&quot;:&quot;&quot;,&quot;right&quot;:&quot;&quot;,&quot;bottom&quot;:&quot;&quot;,&quot;left&quot;:&quot;&quot;,&quot;isLinked&quot;:true},&quot;element_pack_global_tooltip_padding_mobile&quot;:{&quot;unit&quot;:&quot;px&quot;,&quot;top&quot;:&quot;&quot;,&quot;right&quot;:&quot;&quot;,&quot;bottom&quot;:&quot;&quot;,&quot;left&quot;:&quot;&quot;,&quot;isLinked&quot;:true},&quot;element_pack_global_tooltip_border_radius&quot;:{&quot;unit&quot;:&quot;px&quot;,&quot;top&quot;:&quot;&quot;,&quot;right&quot;:&quot;&quot;,&quot;bottom&quot;:&quot;&quot;,&quot;left&quot;:&quot;&quot;,&quot;isLinked&quot;:true},&quot;element_pack_global_tooltip_border_radius_tablet&quot;:{&quot;unit&quot;:&quot;px&quot;,&quot;top&quot;:&quot;&quot;,&quot;right&quot;:&quot;&quot;,&quot;bottom&quot;:&quot;&quot;,&quot;left&quot;:&quot;&quot;,&quot;isLinked&quot;:true},&quot;element_pack_global_tooltip_border_radius_mobile&quot;:{&quot;unit&quot;:&quot;px&quot;,&quot;top&quot;:&quot;&quot;,&quot;right&quot;:&quot;&quot;,&quot;bottom&quot;:&quot;&quot;,&quot;left&quot;:&quot;&quot;,&quot;isLinked&quot;:true}}\" data-elementor-post-type=\"post\">\n\t\t\t\t\t\t<section class=\"elementor-section elementor-top-section elementor-element elementor-element-37299369 elementor-section-boxed elementor-section-height-default elementor-section-height-default\" data-id=\"37299369\" data-element_type=\"section\" data-e-type=\"section\">\n\t\t\t\t\t\t<div class=\"elementor-container elementor-column-gap-default\">\n\t\t\t\t\t<div class=\"elementor-column elementor-col-100 elementor-top-column elementor-element elementor-element-5913d042\" data-id=\"5913d042\" data-element_type=\"column\" data-e-type=\"column\">\n\t\t\t<div class=\"elementor-widget-wrap elementor-element-populated\">\n\t\t\t\t\t\t<div class=\"elementor-element elementor-element-1a9497ba elementor-widget elementor-widget-text-editor\" data-id=\"1a9497ba\" data-element_type=\"widget\" data-e-type=\"widget\" data-widget_type=\"text-editor.default\">\n\t\t\t\t<div class=\"elementor-widget-container\">\n\t\t\t\t\t\t\t\t\t<p><\/p>\n<p>La falta de actividad f\u00edsica, exceso en el uso de pantallas y el confinamiento absoluto que vive un 67% del territorio nacional, son antecedentes que est\u00e1n afectando el bienestar emocional al interior de cada una de esas familias.\u00a0\u00a0<\/p>\n<p>Si bien los adultos y adultas cargan con un gran peso emocional al combatir con el encierro, el panorama para ni\u00f1os, ni\u00f1as y j\u00f3venes suele ser similar, sobre todo al considerar que por segundo a\u00f1o consecutivo se ha visto alterada una rutina social y escolar a la que estaban acostumbrados, lo que se puede evidenciar muchas veces en situaciones de estr\u00e9s y alteraciones emocionales.<\/p>\n<p>Es aconsejable saber interpretar como funciona el cerebro infantil, \u00c1lvaro Bilbao, el autor del libro \u00ab<a href=\"https:\/\/iebookteca.com\/el-cerebro-del-nino-explicado-a-los-padres-de-alvaro-bilbao\/\" rel=\"nofollow noopener\" target=\"_blank\">El cerebro del ni\u00f1o explicado a los padres<\/a>\u00bb (recomendable su lectura) sintetiza los conocimientos que la ciencia ofrece a padres y tutores, para que puedan solventar los problemas emocionales de la etapa infantil.\u00a0<\/p>\n<p>Es por esto que, desde la llegada de las cuarentenas,\u00a0se ha vuelto m\u00e1s frecuente en los ni\u00f1os y ni\u00f1as\u00a0los llantos recurrentes, vaivenes de emociones y\/o frustraciones al momento de tener alg\u00fan problema.\u00a0Y como el rol de los adultos y adultas es fundamental en este \u00e1mbito, desde Fundaci\u00f3n Futbol M\u00e1s, organizaci\u00f3n que durante la pandemia ha enfocado sus trabajos en la contenci\u00f3n socioemocional de los ni\u00f1os y ni\u00f1as de sus\u00a0comunidades, entregan siete\u00a0recomendaciones\u00a0para mejorar la comunicaci\u00f3n y\u00a0las\u00a0din\u00e1micas con los m\u00e1s j\u00f3venes al interior del hogar:\u00a0\u00a0<\/p>\n<ul>\n<li>Genera espacios de conversaci\u00f3n donde la infancia pueda expresar sus emociones. Preg\u00fantales c\u00f3mo se sienten con el contexto actual, cu\u00e1les son sus actividades favoritas en pandemia o qu\u00e9 es lo que m\u00e1s extra\u00f1an hacer.<\/li>\n<li>Participa de sus actividades para conocer sus intereses. Puedes utilizar el juego para ayudarles a identificar sus emociones.<\/li>\n<li>Date tiempo para observar sus reacciones, comportamiento y vocabulario, seguramente existir\u00e1n modificaciones en su actuar.<\/li>\n<li>Intenciona\u00a0que se mantengan rutinas b\u00e1sicas que aporten al aprendizaje colectivo o personal.<\/li>\n<li>Entrega informaci\u00f3n necesaria sobre la pandemia, transmite tranquilidad y calma con mensajes positivos. Habla con la verdad, cu\u00e9ntales qu\u00e9 est\u00e1 pasando y la importancia de cuidarse. Deja que ellos y ellas opinen.<\/li>\n<li>Busca soluciones y genera compromisos que aporten a la prevenci\u00f3n y respeto por los protocolos COVID. Da el ejemplo cumpliendo los protocolos sanitarios.\u00a0<\/li>\n<li>Al\u00e9jalos de mensajes negativos o violentos, que pueden generarse dentro del hogar, medios de comunicaciones o redes sociales.<\/li>\n<\/ul>\n<p><em>\u201cLos adultos debemos estar en alerta constante para que se respeten los derechos de la infancia. La pr\u00e1ctica de estos consejos ayudar\u00e1 a refrescar acciones que toman una profunda significancia en el desarrollo de los ni\u00f1os y ni\u00f1as. Estas din\u00e1micas, sirven para estar mucho m\u00e1s alerta respecto a lo que est\u00e1 pasando. Ayudar\u00e1 a llevar de mejor manera un proceso que ha sido complicado para todos y todas\u201d<\/em>, comenta\u00a0Lucas Siqu\u00e9s, Psic\u00f3logo y Director Social de Fundaci\u00f3n F\u00fatbol M\u00e1s.<\/p>\n<p><strong>CONTENCI\u00d3N EMOCIONAL<\/strong>\u00a0<\/p>\n<p>En este contexto, ayudar a que los ni\u00f1os reconozcan sus emociones puede ser fundamental para sobrellevar sus sensaciones en per\u00edodos de confinamiento. Identificar sus emociones b\u00e1sicas como la alegr\u00eda o la tristeza son parte del proceso de desarrollo de la infancia. Sin embargo, es la misma falta de educaci\u00f3n emocional la que se presenta como una de las principales causas para erradicar los problemas de salud mental en distintos grupos etarios, lo que impacta directamente en \u00e1mbitos familiares, sociales y educacionales.\u00a0\u00a0<\/p>\n<p>Para Constanza del Rosario, psic\u00f3loga, fundadora y directora de Fundaci\u00f3n Relaciones Inteligentes -que promueve la salud mental, las relaciones positivas-no violentas y la educaci\u00f3n sexual- es fundamental ense\u00f1ar y hablar sobre las emociones. \u201cLa inteligencia emocional, como cualquier otra inteligencia, se puede educar. Y en este sentido, invertir en educaci\u00f3n socioemocional es invertir en prevenci\u00f3n primaria y secundaria de problemas de la salud metal que en la pr\u00e1ctica el sistema de salud no es capaz de dar una cobertura universal y de calidad\u201d, comenta.\u00a0\u00a0<\/p>\n<p>Dos fundaciones que, dentro de sus l\u00edneas de acci\u00f3n, trabajan en busca de mejorar la salud mental de una sociedad a trav\u00e9s de la entrega de herramientas e incidencias en pol\u00edticas p\u00fablicas. En el caso de Fundaci\u00f3n F\u00fatbol M\u00e1s, lo que busca es trabajar en conjunto con los agentes estrat\u00e9gicos, autoridades, empresas l\u00edderes en su rubro y la sociedad civil. Su objetivo, poner siempre a la infancia y sus familias como prioridad ante la crisis sanitaria que se est\u00e1 viviendo en la actualidad.<\/p>\n<p>\u00a0<\/p>\n<p><\/p>\t\t\t\t\t\t\t\t<\/div>\n\t\t\t\t<\/div>\n\t\t\t\t\t<\/div>\n\t\t<\/div>\n\t\t\t\t\t<\/div>\n\t\t<\/section>\n\t\t\t\t<\/div>","protected":false},"excerpt":{"rendered":"<p>Con el fin de conocer las experiencias de ni\u00f1os y ni\u00f1as durante la pandemia, un estudio del Centro de Investigaci\u00f3n Avanzada (CIAE) de la Universidad de Chile realizado el 2020, arroj\u00f3 que 1 de cada 5 ni\u00f1os y ni\u00f1as presentan s\u00edntomas\u00a0internalizantes, de depresi\u00f3n o ansiedad. Esta cifra refleja la necesidad de buscar estrategias para la contenci\u00f3n emocional en la ni\u00f1ez y hacernos cargo como sociedad del cuidado de su salud mental.\u00a0\u00a0<\/p>","protected":false},"author":5,"featured_media":29704,"comment_status":"closed","ping_status":"closed","sticky":false,"template":"","format":"standard","meta":{"_acf_changed":false,"footnotes":""},"categories":[1],"tags":[],"class_list":["post-29371","post","type-post","status-publish","format-standard","has-post-thumbnail","hentry","category-chile"],"acf":[],"_links":{"self":[{"href":"https:\/\/futbolmas.org\/en\/wp-json\/wp\/v2\/posts\/29371","targetHints":{"allow":["GET"]}}],"collection":[{"href":"https:\/\/futbolmas.org\/en\/wp-json\/wp\/v2\/posts"}],"about":[{"href":"https:\/\/futbolmas.org\/en\/wp-json\/wp\/v2\/types\/post"}],"author":[{"embeddable":true,"href":"https:\/\/futbolmas.org\/en\/wp-json\/wp\/v2\/users\/5"}],"replies":[{"embeddable":true,"href":"https:\/\/futbolmas.org\/en\/wp-json\/wp\/v2\/comments?post=29371"}],"version-history":[{"count":0,"href":"https:\/\/futbolmas.org\/en\/wp-json\/wp\/v2\/posts\/29371\/revisions"}],"wp:featuredmedia":[{"embeddable":true,"href":"https:\/\/futbolmas.org\/en\/wp-json\/"}],"wp:attachment":[{"href":"https:\/\/futbolmas.org\/en\/wp-json\/wp\/v2\/media?parent=29371"}],"wp:term":[{"taxonomy":"category","embeddable":true,"href":"https:\/\/futbolmas.org\/en\/wp-json\/wp\/v2\/categories?post=29371"},{"taxonomy":"post_tag","embeddable":true,"href":"https:\/\/futbolmas.org\/en\/wp-json\/wp\/v2\/tags?post=29371"}],"curies":[{"name":"wp","href":"https:\/\/api.w.org\/{rel}","templated":true}]}}