{"id":29370,"date":"2021-03-29T18:25:58","date_gmt":"2021-03-29T21:25:58","guid":{"rendered":"https:\/\/futbolmas.org\/?p=21903"},"modified":"2024-03-19T00:21:20","modified_gmt":"2024-03-19T00:21:20","slug":"experiencias-en-contextos-de-emergencia","status":"publish","type":"post","link":"https:\/\/futbolmas.org\/en\/experiencias-en-contextos-de-emergencia\/","title":{"rendered":"Opini\u00f3n: Experiencias en contextos de emergencia"},"content":{"rendered":"<div data-elementor-type=\"wp-post\" data-elementor-id=\"29370\" class=\"elementor elementor-29370\" data-elementor-settings=\"{&quot;element_pack_global_tooltip_width&quot;:{&quot;unit&quot;:&quot;px&quot;,&quot;size&quot;:&quot;&quot;,&quot;sizes&quot;:[]},&quot;element_pack_global_tooltip_width_tablet&quot;:{&quot;unit&quot;:&quot;px&quot;,&quot;size&quot;:&quot;&quot;,&quot;sizes&quot;:[]},&quot;element_pack_global_tooltip_width_mobile&quot;:{&quot;unit&quot;:&quot;px&quot;,&quot;size&quot;:&quot;&quot;,&quot;sizes&quot;:[]},&quot;element_pack_global_tooltip_padding&quot;:{&quot;unit&quot;:&quot;px&quot;,&quot;top&quot;:&quot;&quot;,&quot;right&quot;:&quot;&quot;,&quot;bottom&quot;:&quot;&quot;,&quot;left&quot;:&quot;&quot;,&quot;isLinked&quot;:true},&quot;element_pack_global_tooltip_padding_tablet&quot;:{&quot;unit&quot;:&quot;px&quot;,&quot;top&quot;:&quot;&quot;,&quot;right&quot;:&quot;&quot;,&quot;bottom&quot;:&quot;&quot;,&quot;left&quot;:&quot;&quot;,&quot;isLinked&quot;:true},&quot;element_pack_global_tooltip_padding_mobile&quot;:{&quot;unit&quot;:&quot;px&quot;,&quot;top&quot;:&quot;&quot;,&quot;right&quot;:&quot;&quot;,&quot;bottom&quot;:&quot;&quot;,&quot;left&quot;:&quot;&quot;,&quot;isLinked&quot;:true},&quot;element_pack_global_tooltip_border_radius&quot;:{&quot;unit&quot;:&quot;px&quot;,&quot;top&quot;:&quot;&quot;,&quot;right&quot;:&quot;&quot;,&quot;bottom&quot;:&quot;&quot;,&quot;left&quot;:&quot;&quot;,&quot;isLinked&quot;:true},&quot;element_pack_global_tooltip_border_radius_tablet&quot;:{&quot;unit&quot;:&quot;px&quot;,&quot;top&quot;:&quot;&quot;,&quot;right&quot;:&quot;&quot;,&quot;bottom&quot;:&quot;&quot;,&quot;left&quot;:&quot;&quot;,&quot;isLinked&quot;:true},&quot;element_pack_global_tooltip_border_radius_mobile&quot;:{&quot;unit&quot;:&quot;px&quot;,&quot;top&quot;:&quot;&quot;,&quot;right&quot;:&quot;&quot;,&quot;bottom&quot;:&quot;&quot;,&quot;left&quot;:&quot;&quot;,&quot;isLinked&quot;:true}}\" data-elementor-post-type=\"post\">\n\t\t\t\t\t\t<section class=\"elementor-section elementor-top-section elementor-element elementor-element-37299369 elementor-section-boxed elementor-section-height-default elementor-section-height-default\" data-id=\"37299369\" data-element_type=\"section\" data-e-type=\"section\">\n\t\t\t\t\t\t<div class=\"elementor-container elementor-column-gap-default\">\n\t\t\t\t\t<div class=\"elementor-column elementor-col-100 elementor-top-column elementor-element elementor-element-5913d042\" data-id=\"5913d042\" data-element_type=\"column\" data-e-type=\"column\">\n\t\t\t<div class=\"elementor-widget-wrap elementor-element-populated\">\n\t\t\t\t\t\t<div class=\"elementor-element elementor-element-1a9497ba elementor-widget elementor-widget-text-editor\" data-id=\"1a9497ba\" data-element_type=\"widget\" data-e-type=\"widget\" data-widget_type=\"text-editor.default\">\n\t\t\t\t<div class=\"elementor-widget-container\">\n\t\t\t\t\t\t\t\t\t<p><\/p>\n<h2 class=\"wp-block-heading\">Opini\u00f3n: Experiencias en contextos de emergencia<\/h2>\n<p><strong>Por Daniela Nore\u00f1a Giraldo<br \/>Ejecutiva Zona Norte<\/strong><\/p>\n<p>\u00a0<\/p>\n<p><img loading=\"lazy\" decoding=\"async\" class=\"wp-image-21904 alignleft\" src=\"https:\/\/futbolmas.org\/wp-content\/uploads\/2021\/03\/DANIELA-NORENA-300x200.jpg\" alt=\"\" width=\"289\" height=\"190\">Hace algunos d\u00edas conocimos la historia de Laura Rojas en Mozambique. Una docente, oriunda de El Salvador, que lleg\u00f3 hasta \u00c1frica para apoyar un programa de emergencia y entregar contenci\u00f3n psicosocial a trav\u00e9s del f\u00fatbol y el juego a 3.000 ni\u00f1os y ni\u00f1as.<\/p>\n<p>\u00a0<\/p>\n<p>Laura tuvo que recorrer m\u00e1s de 10 mil kil\u00f3metros para representar a Fundaci\u00f3n F\u00fatbol M\u00e1s, organizaci\u00f3n que cuenta con 13 a\u00f1os de experiencia interviniendo en situaciones de emergencia. Por lo que este viaje nos permitir\u00e1 analizar de qu\u00e9 manera las situaciones vividas luego de cat\u00e1strofes naturales o sanitarias, como es el caso de la actual pandemia, ayudar\u00e1n a sostener una intervenci\u00f3n y ejecutar lo aprendido.<\/p>\n<p>Un estudio elaborado por el Centro de Investigaci\u00f3n Avanzada en Educaci\u00f3n (CIAE) para conocer las experiencias de ni\u00f1os y ni\u00f1as durante la pandemia del 2020, arroj\u00f3 que un 43% de los padres y madres reconocen que sus hijos e hijas se frustraron con mayor frecuencia que antes, mientras que un 25% tambi\u00e9n identific\u00f3 que se demostraron m\u00e1s peleadores, sensibles y con llanto reiterado.\u00a0<\/p>\n<p>Desde Fundaci\u00f3n F\u00fatbol M\u00e1s llamamos a velar por el cuidado de la salud con anticipaci\u00f3n y no esperar a que los \u00edndices sean negativos o que el estr\u00e9s e inestabilidad emocional afecten a las comunidades que se encuentran nuevamente viviendo un proceso de confinamiento.<\/p>\n<p>Con la experiencia que obtuvo Laura, se aplicar\u00e1n t\u00e9cnicas de ense\u00f1anza y contenci\u00f3n para la infancia, mediante una oferta program\u00e1tica que aporte a la promoci\u00f3n del bienestar f\u00edsico y socioemocional. De igual forma, a trav\u00e9s de la tecnolog\u00eda, ser\u00e1 posible garantizar la entrega de informaci\u00f3n necesaria para capacitar a docentes y j\u00f3venes con la metodolog\u00eda del deporte para el desarrollo durante las cuarentenas. La misma con la que Laura trabaja hace cuatro a\u00f1os en la regi\u00f3n y que llev\u00f3 hasta Mozambique.<\/p>\n<p>Para efectuar cada l\u00ednea de acci\u00f3n y lograr transformar realidades, se nos hace imprescindible trabajar en conjunto con los agentes estrat\u00e9gicos de la regi\u00f3n, autoridades, empresas l\u00edderes en los rubros y la sociedad civil. Siempre pondremos a la infancia y sus familias como prioridad ante la dif\u00edcil situaci\u00f3n sanitaria que vivimos en el pa\u00eds. Estamos a disposici\u00f3n.<\/p>\n<p>\u00a0<\/p>\n<p>\u00a0<\/p>\n<p><\/p>\t\t\t\t\t\t\t\t<\/div>\n\t\t\t\t<\/div>\n\t\t\t\t\t<\/div>\n\t\t<\/div>\n\t\t\t\t\t<\/div>\n\t\t<\/section>\n\t\t\t\t<\/div>","protected":false},"excerpt":{"rendered":"<p>Hace algunos d\u00edas conocimos la historia de Laura Rojas en Mozambique. Una docente, oriunda de El Salvador, que lleg\u00f3 hasta \u00c1frica para apoyar un programa de emergencia y entregar contenci\u00f3n psicosocial a trav\u00e9s del f\u00fatbol y el juego a 3.000 ni\u00f1os y ni\u00f1as.<\/p>","protected":false},"author":5,"featured_media":29712,"comment_status":"closed","ping_status":"closed","sticky":false,"template":"","format":"standard","meta":{"_acf_changed":false,"footnotes":""},"categories":[1],"tags":[],"class_list":["post-29370","post","type-post","status-publish","format-standard","has-post-thumbnail","hentry","category-chile"],"acf":[],"_links":{"self":[{"href":"https:\/\/futbolmas.org\/en\/wp-json\/wp\/v2\/posts\/29370","targetHints":{"allow":["GET"]}}],"collection":[{"href":"https:\/\/futbolmas.org\/en\/wp-json\/wp\/v2\/posts"}],"about":[{"href":"https:\/\/futbolmas.org\/en\/wp-json\/wp\/v2\/types\/post"}],"author":[{"embeddable":true,"href":"https:\/\/futbolmas.org\/en\/wp-json\/wp\/v2\/users\/5"}],"replies":[{"embeddable":true,"href":"https:\/\/futbolmas.org\/en\/wp-json\/wp\/v2\/comments?post=29370"}],"version-history":[{"count":0,"href":"https:\/\/futbolmas.org\/en\/wp-json\/wp\/v2\/posts\/29370\/revisions"}],"wp:featuredmedia":[{"embeddable":true,"href":"https:\/\/futbolmas.org\/en\/wp-json\/"}],"wp:attachment":[{"href":"https:\/\/futbolmas.org\/en\/wp-json\/wp\/v2\/media?parent=29370"}],"wp:term":[{"taxonomy":"category","embeddable":true,"href":"https:\/\/futbolmas.org\/en\/wp-json\/wp\/v2\/categories?post=29370"},{"taxonomy":"post_tag","embeddable":true,"href":"https:\/\/futbolmas.org\/en\/wp-json\/wp\/v2\/tags?post=29370"}],"curies":[{"name":"wp","href":"https:\/\/api.w.org\/{rel}","templated":true}]}}