{"id":29366,"date":"2021-01-13T10:36:16","date_gmt":"2021-01-13T13:36:16","guid":{"rendered":"https:\/\/futbolmas.org\/?p=21470"},"modified":"2024-03-19T00:21:20","modified_gmt":"2024-03-19T00:21:20","slug":"futbol-mas-residencias-el-programa-que-une-y-entretiene-a-jovenes-en-sename-2","status":"publish","type":"post","link":"https:\/\/futbolmas.org\/en\/futbol-mas-residencias-el-programa-que-une-y-entretiene-a-jovenes-en-sename-2\/","title":{"rendered":"F\u00fatbol M\u00e1s Residencias: el programa que une y entretiene a j\u00f3venes en Sename"},"content":{"rendered":"<div data-elementor-type=\"wp-post\" data-elementor-id=\"29366\" class=\"elementor elementor-29366\" data-elementor-settings=\"{&quot;element_pack_global_tooltip_width&quot;:{&quot;unit&quot;:&quot;px&quot;,&quot;size&quot;:&quot;&quot;,&quot;sizes&quot;:[]},&quot;element_pack_global_tooltip_width_tablet&quot;:{&quot;unit&quot;:&quot;px&quot;,&quot;size&quot;:&quot;&quot;,&quot;sizes&quot;:[]},&quot;element_pack_global_tooltip_width_mobile&quot;:{&quot;unit&quot;:&quot;px&quot;,&quot;size&quot;:&quot;&quot;,&quot;sizes&quot;:[]},&quot;element_pack_global_tooltip_padding&quot;:{&quot;unit&quot;:&quot;px&quot;,&quot;top&quot;:&quot;&quot;,&quot;right&quot;:&quot;&quot;,&quot;bottom&quot;:&quot;&quot;,&quot;left&quot;:&quot;&quot;,&quot;isLinked&quot;:true},&quot;element_pack_global_tooltip_padding_tablet&quot;:{&quot;unit&quot;:&quot;px&quot;,&quot;top&quot;:&quot;&quot;,&quot;right&quot;:&quot;&quot;,&quot;bottom&quot;:&quot;&quot;,&quot;left&quot;:&quot;&quot;,&quot;isLinked&quot;:true},&quot;element_pack_global_tooltip_padding_mobile&quot;:{&quot;unit&quot;:&quot;px&quot;,&quot;top&quot;:&quot;&quot;,&quot;right&quot;:&quot;&quot;,&quot;bottom&quot;:&quot;&quot;,&quot;left&quot;:&quot;&quot;,&quot;isLinked&quot;:true},&quot;element_pack_global_tooltip_border_radius&quot;:{&quot;unit&quot;:&quot;px&quot;,&quot;top&quot;:&quot;&quot;,&quot;right&quot;:&quot;&quot;,&quot;bottom&quot;:&quot;&quot;,&quot;left&quot;:&quot;&quot;,&quot;isLinked&quot;:true},&quot;element_pack_global_tooltip_border_radius_tablet&quot;:{&quot;unit&quot;:&quot;px&quot;,&quot;top&quot;:&quot;&quot;,&quot;right&quot;:&quot;&quot;,&quot;bottom&quot;:&quot;&quot;,&quot;left&quot;:&quot;&quot;,&quot;isLinked&quot;:true},&quot;element_pack_global_tooltip_border_radius_mobile&quot;:{&quot;unit&quot;:&quot;px&quot;,&quot;top&quot;:&quot;&quot;,&quot;right&quot;:&quot;&quot;,&quot;bottom&quot;:&quot;&quot;,&quot;left&quot;:&quot;&quot;,&quot;isLinked&quot;:true}}\" data-elementor-post-type=\"post\">\n\t\t\t\t\t\t<section class=\"elementor-section elementor-top-section elementor-element elementor-element-37299369 elementor-section-boxed elementor-section-height-default elementor-section-height-default\" data-id=\"37299369\" data-element_type=\"section\" data-e-type=\"section\">\n\t\t\t\t\t\t<div class=\"elementor-container elementor-column-gap-default\">\n\t\t\t\t\t<div class=\"elementor-column elementor-col-100 elementor-top-column elementor-element elementor-element-5913d042\" data-id=\"5913d042\" data-element_type=\"column\" data-e-type=\"column\">\n\t\t\t<div class=\"elementor-widget-wrap elementor-element-populated\">\n\t\t\t\t\t\t<div class=\"elementor-element elementor-element-1a9497ba elementor-widget elementor-widget-text-editor\" data-id=\"1a9497ba\" data-element_type=\"widget\" data-e-type=\"widget\" data-widget_type=\"text-editor.default\">\n\t\t\t\t<div class=\"elementor-widget-container\">\n\t\t\t\t\t\t\t\t\t<p><\/p>\n<h2 class=\"wp-block-heading\">F\u00daTBOL M\u00c1S RESIDENCIAS: <br \/>EL PROGRAMA QUE UNE Y ENTRETIENE A J\u00d3VENES <br \/>EN SENAME<\/h2>\n<p><\/p>\n<p><em>El proyecto ha acompa\u00f1ado a 14 j\u00f3venes a lo largo de toda la emergencia sanitaria en la Residencia Familiar San Miguel, favoreciendo la sana convivencia y el deporte.<\/em><\/p>\n<p><\/p>\n<p>Con energ\u00eda y muchas ganas de trabajar, los j\u00f3venes que se encuentran en la Residencia San Miguel del Servicio Nacional de Menores (Sename), reciben tres veces a la semana y con todas las medidas sanitarias, al equipo de la Fundaci\u00f3n F\u00fatbol M\u00e1s. El programa ha permitido que los j\u00f3venes mantengan rutinas deportivas, realicen trabajo en equipo y se relacionen positivamente.<\/p>\n<p>\u201cEn el a\u00f1o 2017 nace el programa F\u00fatbol M\u00e1s Residencias, con el objetivo de fomentar el desarrollo de habilidades para la vida, por medio del establecimiento de v\u00ednculos entre compa\u00f1eros, a favor del bienestar de ni\u00f1as, ni\u00f1os y j\u00f3venes institucionalizados. A trav\u00e9s de sesiones sociodeportivas, utilizando el juego y el deporte, buscamos el desarrollo de habilidades para la inclusi\u00f3n y la sana convivencia dentro del espacio\u201d, comenta David Salazar, jefe del Programa Residencias F\u00fatbol M\u00e1s.\u00a0<\/p>\n<p><img loading=\"lazy\" decoding=\"async\" class=\"wp-image-21499 aligncenter\" src=\"https:\/\/futbolmas.org\/wp-content\/uploads\/2020\/12\/F-Sename-San-Miguel-300x200.jpg\" alt=\"\" width=\"390\" height=\"244\"><\/p>\n<p>En tanto, Fernando Duarte, director de la Residencia Familiar San Miguel, destac\u00f3 el trabajo colaborativo entre F\u00fatbol M\u00e1s y el equipo de profesionales de la residencia: \u201cEsta iniciativa ha apoyado las actividades deportivas de los j\u00f3venes durante estos meses en aislamiento preventivo; las visitas, sesiones virtuales y capacitaciones a nuestro equipo han permitido entregar contenidos que favorecen su desarrollo f\u00edsico y mental, de una forma entretenida y llena de valores\u201d.<\/p>\n<p>\u201cDesde que lleg\u00f3 F\u00fatbol M\u00e1s las relaciones entre los j\u00f3venes se han visto m\u00e1s potenciadas y positivas. Hay un ambiente de respeto y cooperaci\u00f3n. Pueden realizar estas habilidades en un ambiente m\u00e1s de confianza y se ven contentos y felices en el taller\u201d, destaca Katherine Huiriqueo, tutora de la residencia. A su vez, Jorge, joven que participa del programa destaca que \u201cdesde que lleg\u00f3 F\u00fatbol M\u00e1s me he sentido s\u00faper bien, apoyado, me han reconocido las cosas buenas que he hecho\u201d.\u00a0\u00a0<\/p>\n<p><img loading=\"lazy\" decoding=\"async\" class=\"wp-image-21471 alignleft\" src=\"https:\/\/futbolmas.org\/wp-content\/uploads\/2021\/01\/F-Sename-San-Miguel-34-300x200.jpg\" alt=\"\" width=\"338\" height=\"241\">Este a\u00f1o, se ha integrado una nueva l\u00ednea de acci\u00f3n al programa, llamada \u201cTablero Todo es Cancha\u201d, el cual es un plataforma l\u00fadica, inclusiva y participativa, que escala la metodolog\u00eda F\u00fatbol M\u00e1s, con el objetivo de fortalecer las habilidades para la vida y v\u00ednculos significativos, entre pares, tutores\/as y su territorio a trav\u00e9s de un juego de mesa. Su contenido est\u00e1 basado en las unidades y tem\u00e1ticas de la malla de resiliencia como pertenencia a la comunidad, derechos de infancia, h\u00e1bitos de vida saludable y enfoque de g\u00e9nero.\u00a0<\/p>\n<p>Fundaci\u00f3n F\u00fatbol M\u00e1s y Unicef Chile han contribuido, durante toda la emergencia sanitaria, a que ni\u00f1as, ni\u00f1os y j\u00f3venes que se encuentran en las residencias de Sename, tuvieran acceso al programa virtual \u201cMi Casa, Mi Cancha\u201d. Proyecto que, a trav\u00e9s de c\u00e1psulas semanales y material did\u00e1ctico, buscan promover la pr\u00e1ctica de actividad f\u00edsica, lo que incluye desaf\u00edos para realizar en casa e incentivar la higiene personal de la infancia en el marco de la pandemia.<\/p>\n<p><img loading=\"lazy\" decoding=\"async\" class=\"size-medium wp-image-21473 aligncenter\" src=\"https:\/\/futbolmas.org\/wp-content\/uploads\/2021\/01\/F-Sename-San-Miguel-471-300x287.jpg\" alt=\"\" width=\"300\" height=\"287\"><\/p>\n<p><\/p>\t\t\t\t\t\t\t\t<\/div>\n\t\t\t\t<\/div>\n\t\t\t\t\t<\/div>\n\t\t<\/div>\n\t\t\t\t\t<\/div>\n\t\t<\/section>\n\t\t\t\t<\/div>","protected":false},"excerpt":{"rendered":"<p>El proyecto ha acompa\u00f1ado a 14 j\u00f3venes a lo largo de toda la emergencia sanitaria en la Residencia Familiar San Miguel, favoreciendo la sana convivencia y el deporte.<\/p>","protected":false},"author":5,"featured_media":29725,"comment_status":"closed","ping_status":"closed","sticky":false,"template":"","format":"standard","meta":{"_acf_changed":false,"footnotes":""},"categories":[1],"tags":[26,27,28,29,30,31,32,33,34],"class_list":["post-29366","post","type-post","status-publish","format-standard","has-post-thumbnail","hentry","category-chile","tag-baila","tag-bailafutbol","tag-cruzados","tag-futbol","tag-futbolmas","tag-javiera","tag-moreno","tag-nacho","tag-saavedra"],"acf":[],"_links":{"self":[{"href":"https:\/\/futbolmas.org\/en\/wp-json\/wp\/v2\/posts\/29366","targetHints":{"allow":["GET"]}}],"collection":[{"href":"https:\/\/futbolmas.org\/en\/wp-json\/wp\/v2\/posts"}],"about":[{"href":"https:\/\/futbolmas.org\/en\/wp-json\/wp\/v2\/types\/post"}],"author":[{"embeddable":true,"href":"https:\/\/futbolmas.org\/en\/wp-json\/wp\/v2\/users\/5"}],"replies":[{"embeddable":true,"href":"https:\/\/futbolmas.org\/en\/wp-json\/wp\/v2\/comments?post=29366"}],"version-history":[{"count":0,"href":"https:\/\/futbolmas.org\/en\/wp-json\/wp\/v2\/posts\/29366\/revisions"}],"wp:featuredmedia":[{"embeddable":true,"href":"https:\/\/futbolmas.org\/en\/wp-json\/"}],"wp:attachment":[{"href":"https:\/\/futbolmas.org\/en\/wp-json\/wp\/v2\/media?parent=29366"}],"wp:term":[{"taxonomy":"category","embeddable":true,"href":"https:\/\/futbolmas.org\/en\/wp-json\/wp\/v2\/categories?post=29366"},{"taxonomy":"post_tag","embeddable":true,"href":"https:\/\/futbolmas.org\/en\/wp-json\/wp\/v2\/tags?post=29366"}],"curies":[{"name":"wp","href":"https:\/\/api.w.org\/{rel}","templated":true}]}}