{"id":172,"date":"2024-02-20T15:31:50","date_gmt":"2024-02-20T15:31:50","guid":{"rendered":"https:\/\/futbolmas.dev\/?p=172"},"modified":"2024-03-19T00:20:07","modified_gmt":"2024-03-19T00:20:07","slug":"el-coe-y-futbol-mas-espana-se-unen-para-impulsar-la-inclusion-y-defensa-de-ninos-en-situacion-de-vulnerabilidad-social","status":"publish","type":"post","link":"https:\/\/futbolmas.org\/en\/el-coe-y-futbol-mas-espana-se-unen-para-impulsar-la-inclusion-y-defensa-de-ninos-en-situacion-de-vulnerabilidad-social\/","title":{"rendered":"The COE and Football Spain joined together to encourage the inclusion and advocacy of children in situations of social vulnerability"},"content":{"rendered":"<p>El Comit\u00e9 Ol\u00edmpico Espa\u00f1ol y la Fundaci\u00f3n F\u00fatbol M\u00e1s han firmado este mi\u00e9rcoles un convenio de colaboraci\u00f3n para impulsar el deporte y la integraci\u00f3n, as\u00ed como promocionar de manera conjunta la defensa de ni\u00f1os en situaci\u00f3n de vulnerabilidad social.&nbsp;<\/p>\n\n\n\n<p>El acuerdo ha sido rubricado en la sede de la entidad ol\u00edmpica por medio del presidente del Comit\u00e9 Ol\u00edmpico Espa\u00f1ol, Alejandro Blanco, y el presidente de la Fundaci\u00f3n F\u00fatbol M\u00e1s, Gonzalo Garc\u00eda Casamayor.&nbsp;Aitor Hern\u00e1ndez, director ejecutivo Espa\u00f1a de la Fundaci\u00f3n F\u00fatbol M\u00e1s, y Ant\u00eda J\u00e1come y Pablo Mart\u00ednez, deportistas ol\u00edmpicos y embajadores de la fundaci\u00f3n, tambi\u00e9n han estado presentes durante el encuentro. &nbsp;<\/p>\n\n\n\n<p>Con la firma de este documento, ambas entidades constituyen una alianza estrat\u00e9gica para el impulso conjunto de sus valores, estableciendo las l\u00edneas generales de colaboraci\u00f3n entre ambas con la finalidad de dise\u00f1ar, realizar y ejecutar proyectos y actuaciones en com\u00fan.&nbsp;&nbsp;<\/p>\n\n\n\n<p>Asimismo, con este convenio, la Fundaci\u00f3n F\u00fatbol M\u00e1s pasa a formar parte de las Fundaciones a las que las entidades y eventos deportivos que deseen obtener el sello de entidad deportiva sostenible Plus del COE o el sello de evento deportivo sostenible plus del COE puedan aportar sus donaciones o activaciones sociales. Igualmente, el COE ser\u00e1 el nexo de uni\u00f3n de la Fundaci\u00f3n y deportistas que, de forma altruista, quieran colaborar con la Fundaci\u00f3n.&nbsp;&nbsp;<\/p>\n\n\n\n<p>El firme compromiso del COE con los Objetivos de Desarrollo Sostenible (ODS) encuentra en este acuerdo un gran aliado para desarrollar la l\u00ednea de estrategia de Acci\u00f3n Social del COE en la que se activan los ODS de personas: ODS 1 (Hambre Cero); ODS 2 (Pobreza Cero); ODS 3 (salud y bienestar); ODS 4 (educaci\u00f3n de calidad); y ODS 5 (Igualdad de G\u00e9nero).&nbsp;<\/p>\n\n\n\n<p>La Fundaci\u00f3n F\u00fatbol M\u00e1s es una instituci\u00f3n sin \u00e1nimo de lucro, que tiene entre sus fines mejorar la calidad de vida y generar un cambio social positivo a trav\u00e9s de metodolog\u00eda socio-deportiva a largo plazo en las comunidades vulnerables donde trabaja.&nbsp;<\/p>","protected":false},"excerpt":{"rendered":"<p>El Comit\u00e9 Ol\u00edmpico Espa\u00f1ol y la Fundaci\u00f3n F\u00fatbol M\u00e1s han firmado este mi\u00e9rcoles un convenio de colaboraci\u00f3n para impulsar el deporte y [&hellip;]<\/p>\n","protected":false},"author":5,"featured_media":47061,"comment_status":"closed","ping_status":"open","sticky":false,"template":"","format":"standard","meta":{"_acf_changed":false,"footnotes":""},"categories":[12],"tags":[],"class_list":["post-172","post","type-post","status-publish","format-standard","has-post-thumbnail","hentry","category-espana"],"acf":[],"_links":{"self":[{"href":"https:\/\/futbolmas.org\/en\/wp-json\/wp\/v2\/posts\/172","targetHints":{"allow":["GET"]}}],"collection":[{"href":"https:\/\/futbolmas.org\/en\/wp-json\/wp\/v2\/posts"}],"about":[{"href":"https:\/\/futbolmas.org\/en\/wp-json\/wp\/v2\/types\/post"}],"author":[{"embeddable":true,"href":"https:\/\/futbolmas.org\/en\/wp-json\/wp\/v2\/users\/5"}],"replies":[{"embeddable":true,"href":"https:\/\/futbolmas.org\/en\/wp-json\/wp\/v2\/comments?post=172"}],"version-history":[{"count":0,"href":"https:\/\/futbolmas.org\/en\/wp-json\/wp\/v2\/posts\/172\/revisions"}],"wp:featuredmedia":[{"embeddable":true,"href":"https:\/\/futbolmas.org\/en\/wp-json\/wp\/v2\/media\/47061"}],"wp:attachment":[{"href":"https:\/\/futbolmas.org\/en\/wp-json\/wp\/v2\/media?parent=172"}],"wp:term":[{"taxonomy":"category","embeddable":true,"href":"https:\/\/futbolmas.org\/en\/wp-json\/wp\/v2\/categories?post=172"},{"taxonomy":"post_tag","embeddable":true,"href":"https:\/\/futbolmas.org\/en\/wp-json\/wp\/v2\/tags?post=172"}],"curies":[{"name":"wp","href":"https:\/\/api.w.org\/{rel}","templated":true}]}}