{"id":1,"date":"2024-02-15T18:07:55","date_gmt":"2024-02-15T18:07:55","guid":{"rendered":"https:\/\/futbolmas.dev\/?p=1"},"modified":"2024-03-19T00:20:07","modified_gmt":"2024-03-19T00:20:07","slug":"acciona-energia-y-futbol-mas-formaron-a-16-jovenes-como-monitores-del-programa-deportivo","status":"publish","type":"post","link":"https:\/\/futbolmas.org\/en\/acciona-energia-y-futbol-mas-formaron-a-16-jovenes-como-monitores-del-programa-deportivo\/","title":{"rendered":"Acciona Energ\u00eda y Futbol M\u00e1s formaron a 16 j\u00f3venes como monitores del programa deportivo"},"content":{"rendered":"<p>La iniciativa tiene como objetivo promover la protecci\u00f3n y el bienestar de ni\u00f1os, ni\u00f1as y adolescentes de entre 6 a 15 a\u00f1os, a trav\u00e9s del deporte. METODOLOG\u00cdA Los j\u00f3venes de entre 11 y 15 a\u00f1os de edad fueron capacitados para que puedan compartir con otros ni\u00f1os las actividades sociodeportivas desarrolladas durante el a\u00f1o.<\/p>\n\n\n\n<p>Tras casi 18 meses desde que ACCIONA Energ\u00eda y la Fundaci\u00f3n Futbol M\u00e1s desarrollaran en San Juan de Marcona un programa deportivo para promover la protecci\u00f3n y el bienestar de ni\u00f1os, ni\u00f1as y adolescentes, la iniciativa ha formado a un grupo de j\u00f3venes de la comuna para mantener activo esta actividad por los pr\u00f3ximos a\u00f1os.<br>En total han sido cerca de 300 ni\u00f1os, ni\u00f1as y adolescentes, de entre 6 a 15 a\u00f1os, que han pasado por este programa con el objetivo de potenciar, a trav\u00e9s del deporte y el juego, valores y habilidades, tales como el respeto, la alegr\u00eda, la creatividad, la responsabilidad y el trabajo en equipo.<br>\u201cF\u00fatbol M\u00e1s es una actividad que hemos impulsado, como parte de las iniciativas de desarrollo social en torno a la construcci\u00f3n de nuestro primer proyecto de energ\u00eda renovable en Per\u00fa. Ha sido una experiencia muy enriquecedora porque estamos convencidos que actividades que se desarrollan en torno al deporte pueden ayudar a fortalecer procesos de resiliencia, construir v\u00ednculos significativos y cohesi\u00f3n comunitaria de las futuras generaciones\u201d, se\u00f1al\u00f3 Daniela Rodriguez, Subgerente Social de ACCIONA Energ\u00eda.<\/p>\n\n\n\n<h3 class=\"wp-block-heading\">FORMACI\u00d3N Y LIDERAZGO<\/h3>\n\n\n\n<p>Como parte de la metodolog\u00eda de trabajo de la Fundaci\u00f3n Futbol M\u00e1s, durante los \u00faltimos meses identificaron a un grupo de 16 j\u00f3venes marconinos, con quienes han trabajado para potenciar su liderazgo, a fin de que puedan replicar las actividades sociodeportivas con otros ni\u00f1os y, de esta manera, asegurar la sostenibilidad del programa.<br>Las y los adolescentes, de entre 11 y 15 a\u00f1os de edad, que se formaron como monitores, lo hicieron a lo largo de cuatro sesiones en las que recibieron capacitaci\u00f3n sobre metodolog\u00edas del Deporte para el Desarrollo y las Tarjetas Verde y Azul. Junto con ello, tambi\u00e9n conocieron de manera l\u00fadica sobre aspectos de igualdad de g\u00e9nero y erradicaci\u00f3n de estereotipos en el deporte.<br>\u201cQuiero seguir siendo l\u00edder, me gusta. Me gustar\u00eda ense\u00f1ar a las dem\u00e1s ni\u00f1as de f\u00fatbol, porque no hay mucho para las chicas\u2026 Algunos dicen que el f\u00fatbol solo es para ni\u00f1os, \u00a1pero no! Las chicas jugamos igual\u201d, coment\u00f3 Jassmin, una de las participantes de este programa.<br>Por otro lado, a trav\u00e9s de esta actividad los j\u00f3venes l\u00edderes han reforzado valores como la responsabilidad, el entusiasmo, el compromiso y el compa\u00f1erismo, convirti\u00e9ndose en referentes positivos para su comunidad y generando un espacio seguro para ni\u00f1os y ni\u00f1as de sus comunidades.<\/p>\n\n\n\n<p>Adem\u00e1s de ACCIONA Energ\u00eda, durante su desarrollo el programa concit\u00f3 un apoyo comunitario amplio, de actores locales como la Municipalidad de Marcona y su Defensor\u00eda del Ni\u00f1o y del Adolescente (DEMUNA); la Polic\u00eda Nacional y la Compa\u00f1\u00eda de Bomberos.<\/p>","protected":false},"excerpt":{"rendered":"<p>La iniciativa tiene como objetivo promover la protecci\u00f3n y el bienestar de ni\u00f1os, ni\u00f1as y adolescentes de entre 6 a 15 a\u00f1os, [&hellip;]<\/p>\n","protected":false},"author":5,"featured_media":47068,"comment_status":"closed","ping_status":"open","sticky":false,"template":"","format":"standard","meta":{"_acf_changed":false,"footnotes":""},"categories":[13],"tags":[],"class_list":["post-1","post","type-post","status-publish","format-standard","has-post-thumbnail","hentry","category-peru"],"acf":[],"_links":{"self":[{"href":"https:\/\/futbolmas.org\/en\/wp-json\/wp\/v2\/posts\/1","targetHints":{"allow":["GET"]}}],"collection":[{"href":"https:\/\/futbolmas.org\/en\/wp-json\/wp\/v2\/posts"}],"about":[{"href":"https:\/\/futbolmas.org\/en\/wp-json\/wp\/v2\/types\/post"}],"author":[{"embeddable":true,"href":"https:\/\/futbolmas.org\/en\/wp-json\/wp\/v2\/users\/5"}],"replies":[{"embeddable":true,"href":"https:\/\/futbolmas.org\/en\/wp-json\/wp\/v2\/comments?post=1"}],"version-history":[{"count":0,"href":"https:\/\/futbolmas.org\/en\/wp-json\/wp\/v2\/posts\/1\/revisions"}],"wp:featuredmedia":[{"embeddable":true,"href":"https:\/\/futbolmas.org\/en\/wp-json\/wp\/v2\/media\/47068"}],"wp:attachment":[{"href":"https:\/\/futbolmas.org\/en\/wp-json\/wp\/v2\/media?parent=1"}],"wp:term":[{"taxonomy":"category","embeddable":true,"href":"https:\/\/futbolmas.org\/en\/wp-json\/wp\/v2\/categories?post=1"},{"taxonomy":"post_tag","embeddable":true,"href":"https:\/\/futbolmas.org\/en\/wp-json\/wp\/v2\/tags?post=1"}],"curies":[{"name":"wp","href":"https:\/\/api.w.org\/{rel}","templated":true}]}}